{"id":107281,"date":"2020-12-16T10:24:00","date_gmt":"2020-12-16T15:24:00","guid":{"rendered":"https:\/\/linitiative.ca\/International\/lenquete-conclut-a-un-suicide-et-cinq-policiers-arretes\/"},"modified":"2020-12-16T10:24:00","modified_gmt":"2020-12-16T15:24:00","slug":"lenquete-conclut-a-un-suicide-et-cinq-policiers-arretes","status":"publish","type":"post","link":"https:\/\/linitiative.ca\/International\/lenquete-conclut-a-un-suicide-et-cinq-policiers-arretes\/","title":{"rendered":"L\u2019enqu\u00eate conclut \u00e0 un suicide et cinq policiers arr\u00eat\u00e9s"},"content":{"rendered":"<div id=\"originalText\" readability=\"99\">\n<p>Le procureur de la r\u00e9publique pr\u00e8s le tribunal d&rsquo;Arzew a indiqu\u00e9, ce mercredi, que Bilal Khaloufi s\u2019est suicid\u00e9 \u00e0 l\u2019int\u00e9rieur du si\u00e8ge de la 15e s\u00fbret\u00e9 urbaine d\u2019Oran, le 21 novembre dernier, se r\u00e9f\u00e9rant \u00e0 la conclusion du m\u00e9decin l\u00e9giste en charge du dossier. Le communiqu\u00e9 rendu public par le tribunal d\u2019Arzew a pr\u00e9cis\u00e9 que \u00ab l\u2019expertise de la m\u00e9decine l\u00e9giste a conclu que le d\u00e9c\u00e8s \u00e9tait la cons\u00e9quence d&rsquo;un acte de suicide en usant du lacet de son soulier sportif \u00bb. La m\u00eame source a rappel\u00e9, en outre, qu\u2019en date du 24 novembre dernier, \u00ab une enqu\u00eate pr\u00e9liminaire a \u00e9t\u00e9 ouverte par les services de la police judiciaire d&rsquo;Oran sur les circonstances du d\u00e9c\u00e8s de Khaloufi Bilal, en proc\u00e9dant \u00e0 des examens mat\u00e9riels, tout en entendant toutes les parties en relation avec les faits, y compris le personnel de la s\u00fbret\u00e9 concern\u00e9 qui \u00e9tait sur place au moment de l\u2019incident, ainsi qu&rsquo;une autopsie sur la d\u00e9pouille du d\u00e9funt \u00bb. La famille de Bilal a \u00e9t\u00e9 convoqu\u00e9e, mardi dernier, devant le procureur de la r\u00e9publique pr\u00e8s le tribunal d&rsquo;Arzew, pour leur faire part des r\u00e9sultats de l\u2019autopsie. Joint par t\u00e9l\u00e9phone, Djamel, le fr\u00e8re du d\u00e9funt, raconte qu\u2019il a \u00e9t\u00e9 re\u00e7u, vers 10 h, lui, sa m\u00e8re ainsi que d\u2019un autre de ses fr\u00e8res par le magistrat en pr\u00e9sence des deux avocats de la famille.\u00a0<\/p>\n<p>Le m\u00e9decin l\u00e9giste \u00e9tait \u00e9galement pr\u00e9sent sur place qui leur a expliqu\u00e9 que Bilal pr\u00e9sentait des traces de strangulation faites par un lacet \u00ab sans pr\u00e9ciser s\u2019il s\u2019agit d\u2019un suicide \u00bb, pr\u00e9cise Djamel. Malgr\u00e9 les r\u00e9sultats de l\u2019autopsie, la famille de Bilal reste convaincue que la cause de son d\u00e9c\u00e8s n\u2019est pas le suicide, une conviction bas\u00e9e sur les faits retenus contre les policiers en fonction pendant cette journ\u00e9e de novembre. \u00ab Nous allons demander une contre-autopsie \u00e0 travers nos avocats \u00bb, affirme encore notre interlocuteur.<\/p>\n<p>Par ailleurs, l\u2019enqu\u00eate pr\u00e9liminaire de la police judiciaire d&rsquo;Oran a r\u00e9v\u00e9l\u00e9 \u00e9galement, ajoute le communiqu\u00e9, l\u2019implication de cinq agents de police, relevant du commissariat de Maraval dans des faits li\u00e9s \u00e0 la destruction de l\u2019outil utilis\u00e9 dans l\u2019acte de suicide, tout en ayant tent\u00e9 de dissimuler les faits ainsi que la falsification des v\u00e9ritables faits dans les registres officiels.<\/p>\n<p>En effet, et contrairement \u00e0 ce qui a \u00e9t\u00e9 rapport\u00e9, la victime n&rsquo;a pas \u00e9t\u00e9 arr\u00eat\u00e9e par la police mais qu\u2019elle s\u2019est pr\u00e9sent\u00e9e d\u2019elle-m\u00eame dans les locaux de la 15e s\u00fbret\u00e9 urbaine suite \u00e0 l&rsquo;altercation qui l\u2019a oppos\u00e9 \u00e0 un voisin, de 22 ans, dans le quartier des Palmiers. D\u00e9f\u00e9r\u00e9s devant le juge d\u2019instruction dudit tribunal, mardi dernier, quatre d&rsquo;entre eux ont \u00e9t\u00e9 plac\u00e9s sous mandat de d\u00e9p\u00f4t, alors qu\u2019une polici\u00e8re a \u00e9t\u00e9 plac\u00e9e sous contr\u00f4le judiciaire.<\/p>\n<p>Les mis en cause sont poursuivis, selon le m\u00eame communiqu\u00e9, pour faux et usage de faux dans des documents officiels, en y introduisant des modifications de mani\u00e8re \u00e0 les vider de leur sens une fois avoir \u00e9t\u00e9 achev\u00e9s. Ils sont aussi poursuivis de crimes li\u00e9s \u00e0 \u00ab la d\u00e9tention arbitraire en dehors du cadre pr\u00e9vu par la loi dans des lieux d\u00e9sign\u00e9s pour la d\u00e9tention des personnes arr\u00eat\u00e9es sans en informer l&rsquo;autorit\u00e9 sup\u00e9rieure, d\u2019occulter les traces du crime en changeant de lieu et en d\u00e9pla\u00e7ant des pi\u00e8ces de leur lieu dans le but d&rsquo;entraver le cours de la justice, de n\u00e9gligence entra\u00eenant la mort, ainsi que d&rsquo;\u00e9luder la responsabilit\u00e9 civile et p\u00e9nale en changeant d\u2019endroits \u00bb.<\/p>\n<p class=\"c6\"><strong>\u00a0SAID OUSSAD pour R\u00e9daction Web<\/strong><\/p>\n<\/div>\n<div id=\"text_core\" readability=\"99\">\n<p>Le procureur de la r\u00e9publique pr\u00e8s le tribunal d&rsquo;Arzew a indiqu\u00e9, ce mercredi, que Bilal Khaloufi s\u2019est suicid\u00e9 \u00e0 l\u2019int\u00e9rieur du si\u00e8ge de la 15e s\u00fbret\u00e9 urbaine d\u2019Oran, le 21 novembre dernier, se r\u00e9f\u00e9rant \u00e0 la conclusion du m\u00e9decin l\u00e9giste en charge du dossier. Le communiqu\u00e9 rendu public par le tribunal d\u2019Arzew a pr\u00e9cis\u00e9 que \u00ab l\u2019expertise de la m\u00e9decine l\u00e9giste a conclu que le d\u00e9c\u00e8s \u00e9tait la cons\u00e9quence d&rsquo;un acte de suicide en usant du lacet de son soulier sportif \u00bb. La m\u00eame source a rappel\u00e9, en outre, qu\u2019en date du 24 novembre dernier, \u00ab une enqu\u00eate pr\u00e9liminaire a \u00e9t\u00e9 ouverte par les services de la police judiciaire d&rsquo;Oran sur les circonstances du d\u00e9c\u00e8s de Khaloufi Bilal, en proc\u00e9dant \u00e0 des examens mat\u00e9riels, tout en entendant toutes les parties en relation avec les faits, y compris le personnel de la s\u00fbret\u00e9 concern\u00e9 qui \u00e9tait sur place au moment de l\u2019incident, ainsi qu&rsquo;une autopsie sur la d\u00e9pouille du d\u00e9funt \u00bb. La famille de Bilal a \u00e9t\u00e9 convoqu\u00e9e, mardi dernier, devant le procureur de la r\u00e9publique pr\u00e8s le tribunal d&rsquo;Arzew, pour leur faire part des r\u00e9sultats de l\u2019autopsie. Joint par t\u00e9l\u00e9phone, Djamel, le fr\u00e8re du d\u00e9funt, raconte qu\u2019il a \u00e9t\u00e9 re\u00e7u, vers 10 h, lui, sa m\u00e8re ainsi que d\u2019un autre de ses fr\u00e8res par le magistrat en pr\u00e9sence des deux avocats de la famille.\u00a0<\/p>\n<p>Le m\u00e9decin l\u00e9giste \u00e9tait \u00e9galement pr\u00e9sent sur place qui leur a expliqu\u00e9 que Bilal pr\u00e9sentait des traces de strangulation faites par un lacet \u00ab sans pr\u00e9ciser s\u2019il s\u2019agit d\u2019un suicide \u00bb, pr\u00e9cise Djamel. Malgr\u00e9 les r\u00e9sultats de l\u2019autopsie, la famille de Bilal reste convaincue que la cause de son d\u00e9c\u00e8s n\u2019est pas le suicide, une conviction bas\u00e9e sur les faits retenus contre les policiers en fonction pendant cette journ\u00e9e de novembre. \u00ab Nous allons demander une contre-autopsie \u00e0 travers nos avocats \u00bb, affirme encore notre interlocuteur.<\/p>\n<p>Par ailleurs, l\u2019enqu\u00eate pr\u00e9liminaire de la police judiciaire d&rsquo;Oran a r\u00e9v\u00e9l\u00e9 \u00e9galement, ajoute le communiqu\u00e9, l\u2019implication de cinq agents de police, relevant du commissariat de Maraval dans des faits li\u00e9s \u00e0 la destruction de l\u2019outil utilis\u00e9 dans l\u2019acte de suicide, tout en ayant tent\u00e9 de dissimuler les faits ainsi que la falsification des v\u00e9ritables faits dans les registres officiels.<\/p>\n<p>En effet, et contrairement \u00e0 ce qui a \u00e9t\u00e9 rapport\u00e9, la victime n&rsquo;a pas \u00e9t\u00e9 arr\u00eat\u00e9e par la police mais qu\u2019elle s\u2019est pr\u00e9sent\u00e9e d\u2019elle-m\u00eame dans les locaux de la 15e s\u00fbret\u00e9 urbaine suite \u00e0 l&rsquo;altercation qui l\u2019a oppos\u00e9 \u00e0 un voisin, de 22 ans, dans le quartier des Palmiers. D\u00e9f\u00e9r\u00e9s devant le juge d\u2019instruction dudit tribunal, mardi dernier, quatre d&rsquo;entre eux ont \u00e9t\u00e9 plac\u00e9s sous mandat de d\u00e9p\u00f4t, alors qu\u2019une polici\u00e8re a \u00e9t\u00e9 plac\u00e9e sous contr\u00f4le judiciaire.<\/p>\n<p>Les mis en cause sont poursuivis, selon le m\u00eame communiqu\u00e9, pour faux et usage de faux dans des documents officiels, en y introduisant des modifications de mani\u00e8re \u00e0 les vider de leur sens une fois avoir \u00e9t\u00e9 achev\u00e9s. Ils sont aussi poursuivis de crimes li\u00e9s \u00e0 \u00ab la d\u00e9tention arbitraire en dehors du cadre pr\u00e9vu par la loi dans des lieux d\u00e9sign\u00e9s pour la d\u00e9tention des personnes arr\u00eat\u00e9es sans en informer l&rsquo;autorit\u00e9 sup\u00e9rieure, d\u2019occulter les traces du crime en changeant de lieu et en d\u00e9pla\u00e7ant des pi\u00e8ces de leur lieu dans le but d&rsquo;entraver le cours de la justice, de n\u00e9gligence entra\u00eenant la mort, ainsi que d&rsquo;\u00e9luder la responsabilit\u00e9 civile et p\u00e9nale en changeant d\u2019endroits \u00bb.<\/p>\n<p class=\"c6\"><strong>\u00a0SAID OUSSAD pour R\u00e9daction Web<\/strong><\/p>\n<\/div>\n<p>Auteur:<br \/>\n<a href=\"https:\/\/www.liberte-algerie.com\/actualite\/lenquete-conclut-a-un-suicide-et-cinq-policiers-arretes-350837\">Cliquez ici pour lire l&rsquo;article depuis sa source.<\/a><\/p>\n","protected":false},"excerpt":{"rendered":"<p>Le procureur de la r\u00e9publique pr\u00e8s le tribunal d&rsquo;Arzew a indiqu\u00e9, ce mercredi, que Bilal Khaloufi s\u2019est suicid\u00e9 \u00e0 l\u2019int\u00e9rieur du si\u00e8ge de la 15e s\u00fbret\u00e9 urbaine d\u2019Oran, le 21 novembre dernier, se r\u00e9f\u00e9rant \u00e0 la conclusion du m\u00e9decin l\u00e9giste en charge du dossier. Le communiqu\u00e9 rendu public par le tribunal d\u2019Arzew a pr\u00e9cis\u00e9 que [&hellip;]<\/p>\n","protected":false},"author":1742,"featured_media":0,"comment_status":"closed","ping_status":"closed","sticky":false,"template":"","format":"standard","meta":{"fifu_image_url":"","fifu_image_alt":"","footnotes":""},"categories":[73,53],"tags":[],"class_list":["post-107281","post","type-post","status-publish","format-standard","hentry","category-actualite","category-algerie"],"_links":{"self":[{"href":"https:\/\/linitiative.ca\/International\/wp-json\/wp\/v2\/posts\/107281","targetHints":{"allow":["GET"]}}],"collection":[{"href":"https:\/\/linitiative.ca\/International\/wp-json\/wp\/v2\/posts"}],"about":[{"href":"https:\/\/linitiative.ca\/International\/wp-json\/wp\/v2\/types\/post"}],"author":[{"embeddable":true,"href":"https:\/\/linitiative.ca\/International\/wp-json\/wp\/v2\/users\/1742"}],"replies":[{"embeddable":true,"href":"https:\/\/linitiative.ca\/International\/wp-json\/wp\/v2\/comments?post=107281"}],"version-history":[{"count":0,"href":"https:\/\/linitiative.ca\/International\/wp-json\/wp\/v2\/posts\/107281\/revisions"}],"wp:attachment":[{"href":"https:\/\/linitiative.ca\/International\/wp-json\/wp\/v2\/media?parent=107281"}],"wp:term":[{"taxonomy":"category","embeddable":true,"href":"https:\/\/linitiative.ca\/International\/wp-json\/wp\/v2\/categories?post=107281"},{"taxonomy":"post_tag","embeddable":true,"href":"https:\/\/linitiative.ca\/International\/wp-json\/wp\/v2\/tags?post=107281"}],"curies":[{"name":"wp","href":"https:\/\/api.w.org\/{rel}","templated":true}]}}