{"id":107296,"date":"2020-12-16T11:00:00","date_gmt":"2020-12-16T16:00:00","guid":{"rendered":"https:\/\/linitiative.ca\/International\/la-commemoration-du-40eme-jour-du-deces-de-la-chanteuse-naama\/"},"modified":"2020-12-16T11:00:00","modified_gmt":"2020-12-16T16:00:00","slug":"la-commemoration-du-40eme-jour-du-deces-de-la-chanteuse-naama","status":"publish","type":"post","link":"https:\/\/linitiative.ca\/International\/la-commemoration-du-40eme-jour-du-deces-de-la-chanteuse-naama\/","title":{"rendered":"La comm\u00e9moration du 40\u00e8me Jour du d\u00e9c\u00e8s de la chanteuse Naama"},"content":{"rendered":"<p class=\"p1 c5\"><span class=\"c4\"><span class=\"c3\"><span class=\"s1 c2\"><strong>Le Temps &#8211; Lamia CHERIF<\/strong><\/span><\/span><\/span><\/p>\n<p class=\"p1 c5\"><span class=\"c4\"><span class=\"c3\"><strong>A l\u2019occasion de la comm\u00e9moration du 40\u00e8me<span class=\"Apple-converted-space\">\u00a0<\/span> jour du d\u00e9c\u00e8s de la chanteuse Naama, la pionni\u00e8re de la chanson<span class=\"Apple-converted-space\">\u00a0<\/span> tunisienne, une c\u00e9r\u00e9monie a \u00e9t\u00e9 organis\u00e9e, lundi 14 d\u00e9cembre \u00e0 la Cit\u00e9 de la culture, en partenariat avec le minist\u00e8re des Affaires culturelles et en la pr\u00e9sence de plusieurs artistes et journalistes, pour rendre un hommage posthume \u00e0 l\u2019artiste disparue le 18 octobre 2020 \u00e0 l\u2019\u00e2ge de 85 ans.<span class=\"Apple-converted-space\">\u00a0<\/span><\/strong><\/span><\/span><\/p>\n<p class=\"p1 c6\"><span class=\"c4\"><span class=\"c3\">En pr\u00e9sence des membres de sa famille, la soir\u00e9e a vu la participation notamment de la troupe de l&rsquo;Institut al-rachidi sous la houlette du maestro Nabil ZOMMIT qui a assur\u00e9 un pr\u00e9lude musical avec un nombre d\u2019artistes Interpr\u00e9tant un cocktail vari\u00e9 de c\u00e9l\u00e8bres chansons de la d\u00e9funte Naama.<span class=\"Apple-converted-space\">\u00a0<\/span><\/span><\/span><\/p>\n<p class=\"p1 c6\"><span class=\"c4\"><span class=\"c3\">Cette c\u00e9r\u00e9monie a \u00e9t\u00e9<span class=\"Apple-converted-space\">\u00a0<\/span> une occasion pour rappeler son parcours artistique<span class=\"Apple-converted-space\">\u00a0<\/span> \u00e0 travers la diffusion d\u2019un documentaire de 26 mn<span class=\"Apple-converted-space\">\u00a0<\/span> intitul\u00e9 \u00ab Naama, un parcours d\u2019art et de vie \u00bb.<span class=\"Apple-converted-space\">\u00a0<\/span><\/span><\/span><\/p>\n<p class=\"p2 c7\">\u00a0<\/p>\n<p class=\"p3 c8\"><span class=\"c4\"><span class=\"c3\"><strong>Qui est Naama ?<\/strong><\/span><\/span><\/p>\n<p class=\"p1 c6\"><span class=\"c4\"><span class=\"c3\">Naama, est<span class=\"Apple-converted-space\">\u00a0<\/span> la femme qui a marqu\u00e9 la sc\u00e8ne artistique avec son emprunte tout au long d&rsquo;un parcours riche et d\u2019une carri\u00e8re artistique qui s&rsquo;est \u00e9tal\u00e9e sur cinq d\u00e9cennies. Elle s&rsquo;est distingu\u00e9e, surtout,<span class=\"Apple-converted-space\">\u00a0<\/span> par sa voix limpide et cristalline, sa prestance et<span class=\"Apple-converted-space\">\u00a0<\/span> sa pr\u00e9sence sur la sc\u00e8ne artistique toujours marqu\u00e9e par son amour pour son pays. Un parcours m\u00e9moris\u00e9 par des centaines d&rsquo;\u0153uvres distingu\u00e9es qui c\u00e9l\u00e8brent la joie de vivre de l\u2019artiste mais aussi la noblesse de ses sentiments envers ses compatriotes et son patriotisme. <span class=\"Apple-converted-space\">\u00a0<\/span><\/span><\/span><\/p>\n<p class=\"p1 c6\"><span class=\"c4\"><span class=\"c3\">Aujourd&rsquo;hui, nous c\u00e9l\u00e9brons l&rsquo;exemple d&rsquo;une femme tunisienne d\u00e9vou\u00e9e, assidue, cr\u00e9ative et tendre dans les diff\u00e9rentes \u00e9tapes de sa carri\u00e8re bien remplie de moments de r\u00e9ussite.<\/span><\/span><\/p>\n<p class=\"p1 c6\"><span class=\"c4\"><span class=\"c3\">Apr\u00e8s avoir rejoint la Rachidia, elle a, entre temps, surmont\u00e9 toutes les difficult\u00e9s et contraintes sociales pour combattre une image pas trop valorisante de l\u2019artiste \u00e0 l\u2019\u00e9poque.<span class=\"Apple-converted-space\">\u00a0<\/span><\/span><\/span><\/p>\n<p class=\"p1 c6\"><span class=\"c4\"><span class=\"c3\">Hlima Bent La\u00e2roussi Ben Hassen Echeikh, n\u00e9e \u00e0 Azmour. C\u2019\u00e9tait en 1959, l&rsquo;\u00e2ge d&rsquo;or de la chanson tunisienne qu\u2019elle a chant\u00e9<span class=\"Apple-converted-space\">\u00a0<\/span> au Casino de Tunis<span class=\"Apple-converted-space\">\u00a0<\/span> et<span class=\"Apple-converted-space\">\u00a0<\/span> pour la premi\u00e8re fois Inti wahdek saken qalbi (Tu es seul dans mon c\u0153ur), paroles d&rsquo;Ahmed Ghra\u00efri et composition de Salah Mehdi.<\/span><\/span><\/p>\n<p class=\"p1 c6\"><span class=\"c4\"><span class=\"c3\">La jeune femme de l\u2019\u00e9poque a par la suite interpr\u00e9t\u00e9 Oum el kad touil Salha, Makhoul andhar\u2026 Salah El Mahdi,<span class=\"Apple-converted-space\">\u00a0<\/span> l\u2019a pris<span class=\"Apple-converted-space\">\u00a0<\/span> sous sa coupe apr\u00e8s avoir entendu l&rsquo;une de ses prestations. Il lui a attribu\u00e9<span class=\"Apple-converted-space\">\u00a0<\/span> son nom artistique Naama qu\u2019elle a gard\u00e9 depuis. Il lui a compos\u00e9 \u00e9galement une premi\u00e8re chanson sur des paroles de Mohamed Jamoussi, Ellil ah ya lil jit nechkilek. Le premier concert public que Naama a donn\u00e9 \u00e9tait<span class=\"Apple-converted-space\">\u00a0<\/span> organis\u00e9 \u00e0 Sfax. Toutefois, c&rsquo;est durant les nuits du Ramadan, qui se d\u00e9roulaient \u00e0 la salle Al Fath \u00e0 Bab Souika, accompagn\u00e9e de la troupe dirig\u00e9e par Ridha Kalai, que le public d\u00e9couvre l\u2019artiste et tombe sous le charme de sa voix.<\/span><\/span><\/p>\n<p class=\"p1 c6\"><span class=\"c4\"><span class=\"c3\">Elle se fait vite conna\u00eetre \u00e0 travers le pays puis au Maghreb l\u00e0 o\u00f9 elle donne plusieurs concerts. Elle devient peu \u00e0 peu la muse de plusieurs compositeurs tunisiens comme Boubaker El Mouldi, Mohamed Triki, El Mahdi, Ridha Kala\u00ef, Ali Riahi, Kaddour Srarfi et Chedly Anouar.<\/span><\/span><\/p>\n<p class=\"p1 c6\"><span class=\"c4\"><span class=\"c3\">Naama n\u2019a jamais pens\u00e9<span class=\"Apple-converted-space\">\u00a0<\/span> quitter son pays \u00e0 la recherche d&rsquo;une reconnaissance au Moyen -Orient, elle est rest\u00e9 fid\u00e8le \u00e0 son public tunisien. Son r\u00e9pertoire comprend plus de 600 chansons dont plusieurs Po\u00e8mes mis en musique.<span class=\"Apple-converted-space\">\u00a0<\/span><\/span><\/span><\/p>\n<p class=\"p1 c6\"><span class=\"c4\"><span class=\"c3\">Le minist\u00e8re des Affaires culturelle a choisi de comm\u00e9morer le 40\u00e8me jour de son d\u00e9c\u00e8s<span class=\"Apple-converted-space\">\u00a0<\/span> en offrant notamment aux jeunes l\u2019occasion de revisiter le riche r\u00e9pertoire musical de la d\u00e9funte et en organisant une exposition documentaire produite par le Centre de musique arabe et m\u00e9diterran\u00e9enne Nejma Al Zahraa, qui met en lumi\u00e8re la carri\u00e8re artistique riche et unique de Naama \u00e0 travers des photos, des coupures de presse et divers autres documents sonores.<\/span><\/span><\/p>\n<p class=\"p1 c6\"><span class=\"c4\"><span class=\"c3\">Naama n&rsquo;\u00e9tait pas seulement une voix \u2018\u2019tarabi\u2019\u2019, mais elle a toujours symbolis\u00e9 notre<span class=\"Apple-converted-space\">\u00a0<\/span> identit\u00e9 de Tunisiens et a donn\u00e9 cette image positive de la femme et de la joie de vivre qui doit animer tout un chacun malgr\u00e9 les al\u00e9as de la vie.<span class=\"Apple-converted-space\">\u00a0<\/span><\/span><\/span><\/p>\n<p class=\"p1 c5\">\u00a0<\/p>\n<p class=\"p4 c9\"><span class=\"c4\"><span class=\"c3\"><strong>L.C<\/strong><\/span><\/span><\/p>\n<p>Auteur: letemps1<br \/>\n<a href=\"http:\/\/www.letemps.com.tn\/article\/118509\/la-comm%C3%A9moration-du-40%C3%A8me-jour-du-d%C3%A9c%C3%A8s-de-la-chanteuse-naama\">Cliquez ici pour lire l&rsquo;article depuis sa source.<\/a><\/p>\n","protected":false},"excerpt":{"rendered":"<p>Le Temps &#8211; Lamia CHERIF A l\u2019occasion de la comm\u00e9moration du 40\u00e8me\u00a0 jour du d\u00e9c\u00e8s de la chanteuse Naama, la pionni\u00e8re de la chanson\u00a0 tunisienne, une c\u00e9r\u00e9monie a \u00e9t\u00e9 organis\u00e9e, lundi 14 d\u00e9cembre \u00e0 la Cit\u00e9 de la culture, en partenariat avec le minist\u00e8re des Affaires culturelles et en la pr\u00e9sence de plusieurs artistes et [&hellip;]<\/p>\n","protected":false},"author":1773,"featured_media":0,"comment_status":"closed","ping_status":"closed","sticky":false,"template":"","format":"standard","meta":{"fifu_image_url":"","fifu_image_alt":"","footnotes":""},"categories":[73,55],"tags":[],"class_list":["post-107296","post","type-post","status-publish","format-standard","hentry","category-actualite","category-tunisie"],"_links":{"self":[{"href":"https:\/\/linitiative.ca\/International\/wp-json\/wp\/v2\/posts\/107296","targetHints":{"allow":["GET"]}}],"collection":[{"href":"https:\/\/linitiative.ca\/International\/wp-json\/wp\/v2\/posts"}],"about":[{"href":"https:\/\/linitiative.ca\/International\/wp-json\/wp\/v2\/types\/post"}],"author":[{"embeddable":true,"href":"https:\/\/linitiative.ca\/International\/wp-json\/wp\/v2\/users\/1773"}],"replies":[{"embeddable":true,"href":"https:\/\/linitiative.ca\/International\/wp-json\/wp\/v2\/comments?post=107296"}],"version-history":[{"count":0,"href":"https:\/\/linitiative.ca\/International\/wp-json\/wp\/v2\/posts\/107296\/revisions"}],"wp:attachment":[{"href":"https:\/\/linitiative.ca\/International\/wp-json\/wp\/v2\/media?parent=107296"}],"wp:term":[{"taxonomy":"category","embeddable":true,"href":"https:\/\/linitiative.ca\/International\/wp-json\/wp\/v2\/categories?post=107296"},{"taxonomy":"post_tag","embeddable":true,"href":"https:\/\/linitiative.ca\/International\/wp-json\/wp\/v2\/tags?post=107296"}],"curies":[{"name":"wp","href":"https:\/\/api.w.org\/{rel}","templated":true}]}}