{"id":107297,"date":"2020-12-16T11:00:00","date_gmt":"2020-12-16T16:00:00","guid":{"rendered":"https:\/\/linitiative.ca\/International\/les-etats-unis-sanctionnent-ankara\/"},"modified":"2020-12-16T11:00:00","modified_gmt":"2020-12-16T16:00:00","slug":"les-etats-unis-sanctionnent-ankara","status":"publish","type":"post","link":"https:\/\/linitiative.ca\/International\/les-etats-unis-sanctionnent-ankara\/","title":{"rendered":"Les Etats-Unis sanctionnent Ankara"},"content":{"rendered":"<p class=\"p1 c5\"><span class=\"c4\"><span class=\"c3\"><span class=\"s1 c2\"><strong>Le Temps-Agences-<\/strong><\/span> <strong>Les Etats-Unis ont impos\u00e9 des sanctions \u00e0 la Direction des industries turques de la d\u00e9fense (SSB), son pr\u00e9sident et trois employ\u00e9s, pour punir l&rsquo;acquisition par la Turquie, membre de l&rsquo;Otan, du syst\u00e8me antimissile russe S-400.<\/strong><\/span><\/span><\/p>\n<p class=\"p1 c5\"><span class=\"c4\"><span class=\"c3\"><strong>Ankara, qui a fait l&rsquo;acquisition de ce syst\u00e8me de d\u00e9fense antia\u00e9rienne et antimissile \u00e0 la mi-2019, assure que cette arme ne repr\u00e9sente aucune menace pour les alli\u00e9s de l&rsquo;Alliance atlantique.<\/strong><\/span><\/span><\/p>\n<p class=\"p1 c6\"><span class=\"c4\"><span class=\"c3\">Washington ne partage pas cet avis et a exclu l&rsquo;ann\u00e9e derni\u00e8re la Turquie d&rsquo;un programme d&rsquo;avions de combats F-35.<\/span><\/span><\/p>\n<p class=\"p1 c6\"><span class=\"c4\"><span class=\"c3\">Les sanctions, publi\u00e9es par le d\u00e9partement du Tr\u00e9sor, pr\u00e9voient d&rsquo;interdire la d\u00e9livrance aux Etats-Unis de toute licence d&rsquo;exportation \u00e0 la SSB.<\/span><\/span><\/p>\n<p class=\"p1 c6\"><span class=\"c4\"><span class=\"c3\">Elles pr\u00e9voient aussi de geler les avoirs du pr\u00e9sident de l&rsquo;agence gouvernementale turque, Ismail Denir, et de trois employ\u00e9s de la SSB, qui seront \u00e9galement interdits de s\u00e9jour aux Etats-Unis.<\/span><\/span><\/p>\n<p class=\"p1 c6\"><span class=\"c4\"><span class=\"c3\">Le secr\u00e9taire d&rsquo;Etat Mike Pompeo a d\u00e9clar\u00e9 que l&rsquo;acquisition des S-400 avait nui \u00e0 la s\u00e9curit\u00e9 du personnel et de la technologie de l&rsquo;arm\u00e9e am\u00e9ricaine, et que Washington avait depuis longtemps alert\u00e9 Ankara de cet \u00e9tat de fait, ce \u00ab\u00a0au plus haut niveau\u00a0\u00bb.<\/span><\/span><\/p>\n<p class=\"p1 c6\"><span class=\"c4\"><span class=\"c3\">Il a exhort\u00e9 la Turquie \u00e0 r\u00e9gler ce probl\u00e8me en coordination avec les Etats-Unis, ajoutant qu&rsquo;Ankara \u00e9tait un alli\u00e9 et un partenaire de s\u00e9curit\u00e9 important pour les Etats-Unis.<\/span><\/span><\/p>\n<p class=\"p1 c6\"><span class=\"c4\"><span class=\"c3\">Lors d&rsquo;une r\u00e9union de son cabinet, le pr\u00e9sident turc Recep Tayyip Erdogan s&rsquo;\u00e9tait d\u00e9clar\u00e9 choqu\u00e9 que Washington s&rsquo;appr\u00eate \u00e0 aller au bout de sa menace de sanctions. Il a assur\u00e9 que ni les sanctions am\u00e9ricaines, ni les sanctions europ\u00e9ennes, ne dissuaderaient la Turquie de d\u00e9fendre ses droits.<\/span><\/span><\/p>\n<p class=\"p1 c6\"><span class=\"c4\"><span class=\"c3\">Le minist\u00e8re turc des Affaires \u00e9trang\u00e8res a estim\u00e9 que les sanctions nuiraient aux relations am\u00e9ricano-turques et exhort\u00e9 les Etats-Unis \u00e0 corriger cette \u00ab\u00a0grave erreur\u00a0\u00bb, ajoutant que la Turquie prendrait des mesures de r\u00e9torsion si n\u00e9cessaire.<\/span><\/span><\/p>\n<p class=\"p1 c5\">\u00a0<\/p>\n<p class=\"p1 c6\"><span class=\"c4\"><span class=\"c3\">A Moscou, le ministre russe des Affaires \u00e9trang\u00e8res, Sergue\u00ef Lavrov, a pour sa part d\u00e9nonc\u00e9 des sanctions ill\u00e9gitimes prouvant le m\u00e9pris des Etats-Unis \u00e0 l&rsquo;\u00e9gard du droit international.<\/span><\/span><\/p>\n<p>Auteur: letemps1<br \/>\n<a href=\"http:\/\/www.letemps.com.tn\/article\/118510\/les-etats-unis-sanctionnent-ankara\">Cliquez ici pour lire l&rsquo;article depuis sa source.<\/a><\/p>\n","protected":false},"excerpt":{"rendered":"<p>Le Temps-Agences- Les Etats-Unis ont impos\u00e9 des sanctions \u00e0 la Direction des industries turques de la d\u00e9fense (SSB), son pr\u00e9sident et trois employ\u00e9s, pour punir l&rsquo;acquisition par la Turquie, membre de l&rsquo;Otan, du syst\u00e8me antimissile russe S-400. Ankara, qui a fait l&rsquo;acquisition de ce syst\u00e8me de d\u00e9fense antia\u00e9rienne et antimissile \u00e0 la mi-2019, assure que [&hellip;]<\/p>\n","protected":false},"author":1773,"featured_media":0,"comment_status":"closed","ping_status":"closed","sticky":false,"template":"","format":"standard","meta":{"fifu_image_url":"","fifu_image_alt":"","footnotes":""},"categories":[73,55],"tags":[],"class_list":["post-107297","post","type-post","status-publish","format-standard","hentry","category-actualite","category-tunisie"],"_links":{"self":[{"href":"https:\/\/linitiative.ca\/International\/wp-json\/wp\/v2\/posts\/107297","targetHints":{"allow":["GET"]}}],"collection":[{"href":"https:\/\/linitiative.ca\/International\/wp-json\/wp\/v2\/posts"}],"about":[{"href":"https:\/\/linitiative.ca\/International\/wp-json\/wp\/v2\/types\/post"}],"author":[{"embeddable":true,"href":"https:\/\/linitiative.ca\/International\/wp-json\/wp\/v2\/users\/1773"}],"replies":[{"embeddable":true,"href":"https:\/\/linitiative.ca\/International\/wp-json\/wp\/v2\/comments?post=107297"}],"version-history":[{"count":0,"href":"https:\/\/linitiative.ca\/International\/wp-json\/wp\/v2\/posts\/107297\/revisions"}],"wp:attachment":[{"href":"https:\/\/linitiative.ca\/International\/wp-json\/wp\/v2\/media?parent=107297"}],"wp:term":[{"taxonomy":"category","embeddable":true,"href":"https:\/\/linitiative.ca\/International\/wp-json\/wp\/v2\/categories?post=107297"},{"taxonomy":"post_tag","embeddable":true,"href":"https:\/\/linitiative.ca\/International\/wp-json\/wp\/v2\/tags?post=107297"}],"curies":[{"name":"wp","href":"https:\/\/api.w.org\/{rel}","templated":true}]}}