{"id":107306,"date":"2020-12-16T05:57:41","date_gmt":"2020-12-16T10:57:41","guid":{"rendered":"https:\/\/linitiative.ca\/International\/114351-messaoud-berkous-le-stage-en-pologne-nous-sera-tres-benefique\/"},"modified":"2020-12-16T05:57:41","modified_gmt":"2020-12-16T10:57:41","slug":"114351-messaoud-berkous-le-stage-en-pologne-nous-sera-tres-benefique","status":"publish","type":"post","link":"https:\/\/linitiative.ca\/International\/114351-messaoud-berkous-le-stage-en-pologne-nous-sera-tres-benefique\/","title":{"rendered":"Berkous: \u00ab\u00a0le stage en Pologne nous sera tr\u00e8s b\u00e9n\u00e9fique\u00a0\u00bb"},"content":{"rendered":"<div readability=\"40\">\n<p><strong>ALGER- L&rsquo;arri\u00e8re gauche de l&rsquo;\u00e9quipe nationale d&rsquo;Alg\u00e9rie de handball Messaoud Berkous, a estim\u00e9 mercredi que le stage pr\u00e9-comp\u00e9titif pr\u00e9vu en Pologne du 17 au 30 d\u00e9cembre, en vue du Mondial 2021 en Egypte (13-31 janvier), \u00a0\u00bb sera tr\u00e8s b\u00e9n\u00e9fique\u00a0\u00bb pour le Sept national, apr\u00e8s plusieurs mois d\u2019inactivit\u00e9, caus\u00e9e par la pand\u00e9mie de coronavirus (Covid-19).<\/strong><\/p>\n<\/div>\n<div readability=\"103.94721200113\">\n<p>\u00ab\u00a0Ce stage est venu au bon moment, afin d\u2019\u00e9valuer notre niveau en vue du Mondial. Ce sera tr\u00e8s b\u00e9n\u00e9fique pour nous apr\u00e8s neuf mois loin de la comp\u00e9tition. On ne pouvait pas esp\u00e9rer mieux, en affrontant des mondialistes. Nous allons encha\u00eener avec deux tests amicaux face au Bahre\u00efn ( 8 et 10 janvier, ndlr) avant d\u2019entamer le championnat du monde\u00a0\u00bb, a indiqu\u00e9 \u00e0 l&rsquo;APS le soci\u00e9taire du GS P\u00e9troliers.<\/p>\n<p>Le Sept national s&rsquo;envolera jeudi pour la Pologne, via Paris, pour poursuivre sa pr\u00e9paration, en vue du Mondial \u00e9gyptien. Outre les deux matchs amicaux face \u00e0 la Pologne les 21 et 22 d\u00e9cembre, l\u2019Alg\u00e9rie prendra part \u00e0 un tournoi amical en pr\u00e9sence du pays h\u00f4te, de la Russie, de l\u2019Egypte ou de la Suisse, l\u2019un des deux derniers pays devrait remplacer la Bi\u00e9lorussie, qui a d\u00e9clar\u00e9 forfait. Un sixi\u00e8me match amical n&rsquo;est pas exclu en Pologne.<\/p>\n<p>En stage bloqu\u00e9 \u00e0 Alger depuis le 1e d\u00e9cembre, les joueurs du s\u00e9lectionneur fran\u00e7ais Alain Portes vont devoir aborder leur premier rendez-vous pr\u00e9comp\u00e9titif.<\/p>\n<blockquote readability=\"14\">\n<p><strong><em>\u00a0\u00bb Nous avons entam\u00e9 notre pr\u00e9paration en septembre, tout marchait bien jusqu\u2019\u00e0 la d\u00e9couverte de plusieurs cas positifs au Covid-19, incitant la F\u00e9d\u00e9ration \u00e0 interrompre le deuxi\u00e8me regroupement. Nous aurions aim\u00e9 reprendre les entra\u00eenements un peu plus t\u00f4t, mais ce n\u2019\u00e9tait pas possible en raison de la situation sanitaire. Certes, les joueurs travaillaient en solo, mais rien ne remplace l\u2019entra\u00eenement collectif. Nous sommes en train de revenir progressivement\u00a0\u00bb, a-t-il ajout\u00e9.<\/em><\/strong><\/p>\n<\/blockquote>\n<p>Pour capitaine des \u00ab\u00a0Verts\u00a0\u00bb, l\u2019\u00e9quipe manquait de sensations, contrairement aux autres pays mondialistes, dont les joueurs sont d\u00e9j\u00e0 comp\u00e9titifs.<\/p>\n<hr\/>\n<h3>Lire aussi:\u00a0<a href=\"http:\/\/www.aps.dz\/sport\/114270-hand-mondial-2021-algerie-le-sept-national-jeudi-en-pologne\" target=\"_blank\" rel=\"noopener noreferrer\">Hand\/Mondial 2021: le Sept national jeudi en Pologne<\/a><\/h3>\n<hr\/>\n<p>\u00ab\u00a0Si le championnat national avait repris, \u00e0 l\u2019instar des autres pays, on aurait pu atteindre un degr\u00e9 de pr\u00e9paration plus avanc\u00e9. Actuellement, nous manquons de sensations. J\u2019esp\u00e8re qu&rsquo;avec les matchs amicaux qu\u2019on va disputer, on sera plus pr\u00eats. Notre souci, c&rsquo;est l&rsquo;absence de matchs, contrairement aux autres pays, dont les joueurs sont d\u00e9j\u00e0 comp\u00e9titifs avec leurs clubs. Nous allons jouer \u00e0 fond sans se soucier d&rsquo;\u00e9ventuels p\u00e9pins physiques qui peuvent survenir \u00ab\u00a0.\u00a0<\/p>\n<p>Avant d\u2019encha\u00eener : \u00ab\u00a0Ce n&rsquo;est pas facile de renouer avec la comp\u00e9tition apr\u00e8s une si longue p\u00e9riode d\u2019arr\u00eat, \u00e7a peut augmenter le risque de blessures, mais c&rsquo;est valable pour toutes les selections nationales \u00ab\u00a0.<\/p>\n<p>Au Mondial-2021, l\u2019Alg\u00e9rie fait partie du groupe F aux c\u00f4t\u00e9s du Maroc, du Portugal et de l&rsquo;Islande. Les Alg\u00e9riens d\u00e9buteront le tournoi contre le Maroc le 14 janvier avant d&rsquo;affronter respectivement l&rsquo;Islande (16 janvier) puis le Portugal (18 janvier).<\/p>\n<blockquote readability=\"11\">\n<p><strong><em>\u00a0\u00bb Le plus important dans ce genre de rendez-vous est de bien entamer le tournoi. Nous devons gagner le premier match face au Maroc, un adversaire que nous connaissons bien. Nous n\u2019avons jamais affront\u00e9 le Portugal, une bonne \u00e9quipe qui est en train d&rsquo;\u00e9merger sur le plan europ\u00e9en. Nous allons aborder de la m\u00eame mani\u00e8re nos trois adversaires, avec l\u2019intention de jouer nos chances \u00e0 fond et se qualifier au moins pour le deuxi\u00e8me tour\u00a0\u00bb.<\/em><\/strong><\/p>\n<\/blockquote>\n<p>Enfin, Messaoud Berkous s&rsquo;est montr\u00e9 rassur\u00e9 par l&rsquo;ambiance qui r\u00e8gne au sein de l\u2019\u00e9quipe nationale, \u00e0 moins d\u2019un mois du coup d\u2019envoi du Mondial. \u00ab\u00a0Le groupe vit bien. Nous sommes en train de bien travailler avec le s\u00e9lectionneur Alain Portes, les joueurs s&rsquo;entendent \u00e0 merveille, c\u2019est de bon augure pour la suite Inchallah\u00a0\u00bb, a-t-il conclu.<\/p>\n<\/div>\n<p>Auteur:<br \/>\n<a href=\"http:\/\/www.aps.dz\/sport\/114351-messaoud-berkous-le-stage-en-pologne-nous-sera-tres-benefique?utm_source=feedburner&#038;utm_medium=feed&#038;utm_campaign=Feed%3A+aps-sport+%28APS+-+SPORT%29\">Cliquez ici pour lire l&rsquo;article depuis sa source.<\/a><\/p>\n","protected":false},"excerpt":{"rendered":"<p>ALGER- L&rsquo;arri\u00e8re gauche de l&rsquo;\u00e9quipe nationale d&rsquo;Alg\u00e9rie de handball Messaoud Berkous, a estim\u00e9 mercredi que le stage pr\u00e9-comp\u00e9titif pr\u00e9vu en Pologne du 17 au 30 d\u00e9cembre, en vue du Mondial 2021 en Egypte (13-31 janvier), \u00a0\u00bb sera tr\u00e8s b\u00e9n\u00e9fique\u00a0\u00bb pour le Sept national, apr\u00e8s plusieurs mois d\u2019inactivit\u00e9, caus\u00e9e par la pand\u00e9mie de coronavirus (Covid-19). \u00ab\u00a0Ce [&hellip;]<\/p>\n","protected":false},"author":1790,"featured_media":0,"comment_status":"closed","ping_status":"closed","sticky":false,"template":"","format":"standard","meta":{"fifu_image_url":"","fifu_image_alt":"","footnotes":""},"categories":[53,75],"tags":[],"class_list":["post-107306","post","type-post","status-publish","format-standard","hentry","category-algerie","category-sport"],"_links":{"self":[{"href":"https:\/\/linitiative.ca\/International\/wp-json\/wp\/v2\/posts\/107306","targetHints":{"allow":["GET"]}}],"collection":[{"href":"https:\/\/linitiative.ca\/International\/wp-json\/wp\/v2\/posts"}],"about":[{"href":"https:\/\/linitiative.ca\/International\/wp-json\/wp\/v2\/types\/post"}],"author":[{"embeddable":true,"href":"https:\/\/linitiative.ca\/International\/wp-json\/wp\/v2\/users\/1790"}],"replies":[{"embeddable":true,"href":"https:\/\/linitiative.ca\/International\/wp-json\/wp\/v2\/comments?post=107306"}],"version-history":[{"count":0,"href":"https:\/\/linitiative.ca\/International\/wp-json\/wp\/v2\/posts\/107306\/revisions"}],"wp:attachment":[{"href":"https:\/\/linitiative.ca\/International\/wp-json\/wp\/v2\/media?parent=107306"}],"wp:term":[{"taxonomy":"category","embeddable":true,"href":"https:\/\/linitiative.ca\/International\/wp-json\/wp\/v2\/categories?post=107306"},{"taxonomy":"post_tag","embeddable":true,"href":"https:\/\/linitiative.ca\/International\/wp-json\/wp\/v2\/tags?post=107306"}],"curies":[{"name":"wp","href":"https:\/\/api.w.org\/{rel}","templated":true}]}}