{"id":107337,"date":"2020-12-16T15:44:53","date_gmt":"2020-12-16T20:44:53","guid":{"rendered":"https:\/\/linitiative.ca\/International\/prix-regional-du-journalisme-sensible-au-genre-mariam-ouedraogo-championne-categorie-presse-ecrite\/"},"modified":"2020-12-16T15:44:53","modified_gmt":"2020-12-16T20:44:53","slug":"prix-regional-du-journalisme-sensible-au-genre-mariam-ouedraogo-championne-categorie-presse-ecrite","status":"publish","type":"post","link":"https:\/\/linitiative.ca\/International\/prix-regional-du-journalisme-sensible-au-genre-mariam-ouedraogo-championne-categorie-presse-ecrite\/","title":{"rendered":"Prix r\u00e9gional du journalisme sensible au genre   : Mariam Ou\u00e9draogo, championne cat\u00e9gorie presse \u00e9crite"},"content":{"rendered":"<div class=\"td-post-featured-image\"><a href=\"https:\/\/www.sidwaya.info\/wp-content\/uploads\/2020\/12\/2-5.jpg\" data-caption=\"\"><img loading=\"lazy\" decoding=\"async\" width=\"595\" height=\"447\" class=\"entry-thumb td-modal-image\" src=\"https:\/\/www.sidwaya.info\/wp-content\/uploads\/2020\/12\/2-5.jpg\" srcset=\"https:\/\/www.sidwaya.info\/wp-content\/uploads\/2020\/12\/2-5.jpg 595w, https:\/\/www.sidwaya.info\/wp-content\/uploads\/2020\/12\/2-5-300x225.jpg 300w, https:\/\/www.sidwaya.info\/wp-content\/uploads\/2020\/12\/2-5-150x113.jpg 150w, https:\/\/www.sidwaya.info\/wp-content\/uploads\/2020\/12\/2-5-559x420.jpg 559w, https:\/\/www.sidwaya.info\/wp-content\/uploads\/2020\/12\/2-5-80x60.jpg 80w, https:\/\/www.sidwaya.info\/wp-content\/uploads\/2020\/12\/2-5-265x198.jpg 265w\" sizes=\"auto, (max-width: 595px) 100vw, 595px\" alt=\"\" title=\"2\"\/><\/a><\/div>\n<p><strong>Mariam Ou\u00e9draogo des Editions Sidwaya est la laur\u00e9ate du prix r\u00e9gional sensible au genre 2020 dans la cat\u00e9gorie presse \u00e9crite de l\u2019Institut Panos Afrique de l\u2019Ouest (IPAO). La remise du prix a eu lieu, le mercredi 9 d\u00e9cembre 2020 \u00e0 Saly Portudal au S\u00e9n\u00e9gal.<\/strong><\/p>\n<p>Mariam Ou\u00e9draogo des Editions Sidwaya, avec son grand reportage intitul\u00e9 : \u00ab Lutte contre l\u2019ins\u00e9curit\u00e9 : Dans l\u2019univers des femmes Kogl-w\u00e9ogo \u00bb, a remport\u00e9 le prix r\u00e9gional sensible au genre, \u00e9dition 2020 dans la cat\u00e9gorie presse \u00e9crite. Organis\u00e9 par l\u2019Institut Panos Afrique de l\u2019Ouest (IPAO) dans le cadre de son projet : \u00abFemmes occupez les m\u00e9dias\u00bb, la c\u00e9r\u00e9monie de r\u00e9compense a eu lieu, le mercredi 9 d\u00e9cembre 2020 \u00e0 Saly Portudal au S\u00e9n\u00e9gal. En plus de la somme de 1 500 000 FCFA, Mariam Ou\u00e9draogo a re\u00e7u une attestation. Ce prix lui a \u00e9t\u00e9 remis par le conseiller r\u00e9gional \u00e0 la communication et \u00e0 l\u2019information de l\u2019UNESCO \u00e0 Dakar, Michel Kenmoe.<\/p>\n<p>En plus de Mariam Ou\u00e9draogo du Burkina Faso, trois autres journalistes de la sous-r\u00e9gion ont \u00e9t\u00e9 aussi prim\u00e9s. Il s\u2019agit de Marthe Akissi de la C\u00f4te d\u2019Ivoire pour son grand reportage<br \/>sur la \u00ab Politique en C\u00f4te d\u2019Ivoire, o\u00f9 sont les femmes ?\u00bb dans la cat\u00e9gorie radiodiffusion, de Mohamadou Tour\u00e9 du studio Tamani du Mali pour son grand reportage sur \u00ab La lutte contre la d\u00e9scolarisation des filles \u00e0 Koumantou \u00bb, cat\u00e9gorie t\u00e9l\u00e9vision. Quant au prix en presse en ligne, il a \u00e9t\u00e9 remport\u00e9 par d\u2019H\u00e9l\u00e8ne Doubidji du site d\u2019informations togotopnews.com du Togo pour son grand reportage intitul\u00e9 : \u00abMari\u00e9es t\u00f4t contre leur gr\u00e9\u00bb. Ils ont \u00e9galement re\u00e7u la somme de 1 500 000 FCFA et une attestation chacun.<\/p>\n<p>La pr\u00e9sidente du jury, Eug\u00e9nie Rokhaya Aw, ancienne directrice du CESTI, (S\u00e9n\u00e9gal), a rappel\u00e9 que cette comp\u00e9tition r\u00e9gionale, premi\u00e8re du genre, a concern\u00e9 huit pays de l\u2019Afrique de l\u2019Ouest que sont : le B\u00e9nin, le Togo, le Mali, le Niger, la Guin\u00e9e, le S\u00e9n\u00e9gal, la C\u00f4te d\u2019Ivoire et le Burkina. Quant \u00e0 la directrice de l\u2019IPAO Diana Senghor, elle a expliqu\u00e9 qu\u2019\u00e0 travers cette distinction r\u00e9gionale, son institut et ses partenaires veulent cr\u00e9er une stimulation chez les journalistes et au sein des m\u00e9dias ouest-africains \u00e0 davantage produire des sujets relatifs aux droits des femmes et des contenus m\u00e9diatiques plus \u00e9quilibr\u00e9s du point de vue genre.<\/p>\n<p>Des productions journalistiques, \u00e0 l\u2019entendre qui doivent mettre l\u2019accent sur l\u2019exercice ou les violations des droits des femmes, notamment la participation politique, les violences sp\u00e9cifiques faites aux femmes et tout sujet d\u2019actualit\u00e9 pertinent relatif aux droits des femmes.<\/p>\n<p><strong>Du d\u00e9roulement du colloque<\/strong><\/p>\n<p>La c\u00e9r\u00e9monie de remise a eu lieu au cours d\u2019un colloque r\u00e9gional, du 8 au 10 d\u00e9cembre 2020, \u00e0 Saly Portudal au S\u00e9n\u00e9gal sur le th\u00e8me : \u00ab L\u2019acc\u00e8s \u00e0 l\u2019information a-t-il un genre ? Renforcer les synergies pour la promotion du droit \u00e0 l\u2019acc\u00e8s et des droits de femmes \u00e0 communiquer \u00bb. Cette session visait \u00e0 am\u00e9liorer la compr\u00e9hension des participants sur le concept m\u00eame de l\u2019acc\u00e8s \u00e0 l\u2019information et les concepts connexes \u00e0 partir des r\u00e9f\u00e9rences internationales.<\/p>\n<p>Ainsi, pendant trois jours, des participants venus du Niger, du Mali, du Burkina Faso, du Nig\u00e9ria, du Lib\u00e9ria, de la Sierra Leone, du Togo, du Ghana, de la Gambie et du S\u00e9n\u00e9gal, se sont pench\u00e9s sur la revue critique de la mise en \u0153uvre des l\u00e9gislations et politiques nationales relatives \u00e0 l\u2019acc\u00e8s \u00e0 l\u2019information et les femmes.<br \/>Ils ont \u00e9galement anim\u00e9 des sessions parall\u00e8les sur le \u00abDroit \u00e0 l\u2019information et droit des femmes \u00e0 communiquer : Des droits \u00ab solubles ? \u00bb, \u00abL\u2019acc\u00e8s \u00e0 l\u2019information : doit-il \u00eatre une composante du droit \u00e0 la communication des femmes ? \u00bb et \u00ab Le droit des femmes \u00e0 communiquer : doit-il \u00eatre une composante du droit \u00e0 l\u2019information ?\u00bb.<\/p>\n<p>Des synergies d\u2019actions et des convergences pour \u00abgenrer \u00bb l\u2019information et l\u2019acc\u00e8s \u00e0 l\u2019information \u00e0 l\u2019\u00e9chelle nationale et \u00e0 l\u2019\u00e9chelle de la CEDEAO ont \u00e9t\u00e9 propos\u00e9es. En outre, ils ont formul\u00e9 des recommandations \u00e0 l\u2019endroit des organisations professionnelles de m\u00e9dias et journalistes. Il s\u2019agit notamment de la cr\u00e9ation d\u2019un r\u00e9seau inter-r\u00e9gional de journalistes pour l\u2019acc\u00e8s \u00e0 l\u2019information et de l\u2019implication des autres organisations nationales de journalistes. Aux gouvernements, les participants ont recommand\u00e9 la mise en \u0153uvre des dispositions de l\u2019article 35 de l\u2019Acte additionnel relatif \u00e0 l\u2019\u00e9galit\u00e9 Homme- Femme. Quant \u00e0 la CEDEAO, il lui revient de favoriser la mise en place des r\u00e9seaux interr\u00e9gionaux de journalistes et de la r\u00e9gulation sur l\u2019acc\u00e8s \u00e0 l\u2019information. A cela, s\u2019ajoute le suivi de la mise en \u0153uvre des dispositions de l\u2019article 35 de l\u2019Acte additionnel relatif \u00e0 l\u2019\u00e9galit\u00e9 Homme \u2013 Femme.<\/p>\n<p class=\"c1\"><strong>Synth\u00e8se de Rabiatou Simpor\u00e9<\/strong><br \/><strong>rabysimpore@yahoo.fr<\/strong><\/p>\n<div class=\"td-a-rec td-a-rec-id-content_bottom tdi_33_d1b td_block_template_1\"><img loading=\"lazy\" decoding=\"async\" class=\"aligncenter size-full wp-image-27454\" src=\"https:\/\/www.sidwaya.info\/wp-content\/uploads\/2020\/10\/PUB-Bandeau-paiement-mobile-siteweb.jpg\" alt=\"\" width=\"728\" height=\"90\"\/><\/div>\n<p>Auteur: BM. Sidwaya<br \/>\n<a href=\"https:\/\/www.sidwaya.info\/blog\/2020\/12\/16\/prix-regional-du-journalisme-sensible-au-genre-mariam-ouedraogo-championne-categorie-presse-ecrite\/\">Cliquez ici pour lire l&rsquo;article depuis sa source.<\/a><\/p>\n","protected":false},"excerpt":{"rendered":"<p>Mariam Ou\u00e9draogo des Editions Sidwaya est la laur\u00e9ate du prix r\u00e9gional sensible au genre 2020 dans la cat\u00e9gorie presse \u00e9crite de l\u2019Institut Panos Afrique de l\u2019Ouest (IPAO). La remise du prix a eu lieu, le mercredi 9 d\u00e9cembre 2020 \u00e0 Saly Portudal au S\u00e9n\u00e9gal. Mariam Ou\u00e9draogo des Editions Sidwaya, avec son grand reportage intitul\u00e9 : [&hellip;]<\/p>\n","protected":false},"author":1816,"featured_media":0,"comment_status":"closed","ping_status":"closed","sticky":false,"template":"","format":"standard","meta":{"fifu_image_url":"https:\/\/www.sidwaya.info\/wp-content\/uploads\/2020\/12\/2-5.jpg","fifu_image_alt":"Prix r\u00e9gional du journalisme sensible au genre   : Mariam Ou\u00e9draogo, championne cat\u00e9gorie presse \u00e9crite","footnotes":""},"categories":[73,81],"tags":[],"class_list":["post-107337","post","type-post","status-publish","format-standard","hentry","category-actualite","category-burkina-faso"],"_links":{"self":[{"href":"https:\/\/linitiative.ca\/International\/wp-json\/wp\/v2\/posts\/107337","targetHints":{"allow":["GET"]}}],"collection":[{"href":"https:\/\/linitiative.ca\/International\/wp-json\/wp\/v2\/posts"}],"about":[{"href":"https:\/\/linitiative.ca\/International\/wp-json\/wp\/v2\/types\/post"}],"author":[{"embeddable":true,"href":"https:\/\/linitiative.ca\/International\/wp-json\/wp\/v2\/users\/1816"}],"replies":[{"embeddable":true,"href":"https:\/\/linitiative.ca\/International\/wp-json\/wp\/v2\/comments?post=107337"}],"version-history":[{"count":0,"href":"https:\/\/linitiative.ca\/International\/wp-json\/wp\/v2\/posts\/107337\/revisions"}],"wp:attachment":[{"href":"https:\/\/linitiative.ca\/International\/wp-json\/wp\/v2\/media?parent=107337"}],"wp:term":[{"taxonomy":"category","embeddable":true,"href":"https:\/\/linitiative.ca\/International\/wp-json\/wp\/v2\/categories?post=107337"},{"taxonomy":"post_tag","embeddable":true,"href":"https:\/\/linitiative.ca\/International\/wp-json\/wp\/v2\/tags?post=107337"}],"curies":[{"name":"wp","href":"https:\/\/api.w.org\/{rel}","templated":true}]}}