{"id":107353,"date":"2020-12-17T08:45:27","date_gmt":"2020-12-17T13:45:27","guid":{"rendered":"https:\/\/linitiative.ca\/International\/les-recommandations-de-policy-center-comment-eviter-des-consequences-foudroyantes-de-la-covid-19-sur-leconomie\/"},"modified":"2020-12-17T08:45:27","modified_gmt":"2020-12-17T13:45:27","slug":"les-recommandations-de-policy-center-comment-eviter-des-consequences-foudroyantes-de-la-covid-19-sur-leconomie","status":"publish","type":"post","link":"https:\/\/linitiative.ca\/International\/les-recommandations-de-policy-center-comment-eviter-des-consequences-foudroyantes-de-la-covid-19-sur-leconomie\/","title":{"rendered":"Les recommandations de Policy Center : Comment \u00e9viter des cons\u00e9quences foudroyantes de la Covid-19 sur l\u2019\u00e9conomie ?"},"content":{"rendered":"<p><img decoding=\"async\" class=\"post_layout_5_img\" src=\"http:\/\/aujourdhui.ma\/wp-content\/uploads\/2020\/12\/Policy-Center-Impacts-de-la-Covid-19-sur-leconomie-marocaine.jpg\" alt=\"Les recommandations de Policy Center : Comment &#xE9;viter des cons&#xE9;quences foudroyantes de la Covid-19 sur l&#x2019;&#xE9;conomie ?\"\/><\/p>\n<p><span class=\"c5\"><strong>Les bouleversements engendr\u00e9s par la Covid-19 \u00e0 l\u2019\u00e9conomie mondiale sont cons\u00e9quents. Le Maroc \u00e0 l\u2019instar du reste du monde a subi ce choc et se pr\u00e9pare \u00e0 la relance de ses activit\u00e9s \u00e9conomiques afin de sortir de cette crise in\u00e9dite.<\/strong><\/span> <span id=\"more-363189\"\/><\/p>\n<p>Dans son dernier \u00abpolicy paper\u00bb, Policy Center for the New South d\u00e9crit les diff\u00e9rents canaux de transmission du choc de la Covid-19 vers l\u2019\u00e9conomie marocaine et \u00e9value son impact sur la croissance \u00e9conomique, et les \u00e9quilibres macro\u00e9conomiques et sociaux. Intitul\u00e9 \u00abImpacts de la Covid-19 sur l\u2019\u00e9conomie marocaine : un premier bilan\u00bb, ce document \u00e9met une s\u00e9rie de recommandations en termes de politiques \u00e9conomiques afin d\u2019enrichir la r\u00e9flexion autour des diff\u00e9rentes pistes de relance de l\u2019\u00e9conomie marocaine et des facteurs n\u00e9cessaires pour renforcer sa r\u00e9silience.<\/p>\n<p><strong>Teneur de la crise<\/strong><\/p>\n<p>Pour les r\u00e9alisateurs de cette analyse, \u00abl\u2019\u00e9conomie marocaine est dans la voie de conna\u00eetre une r\u00e9cession probablement plus s\u00e9v\u00e8re que celle de 1995. Cette r\u00e9cession interpelle les d\u00e9cideurs \u00e9conomiques quant \u00e0 leur capacit\u00e9 \u00e0 juguler une crise de cette envergure et les marges de man\u0153uvre dont ils disposent pour amortir les r\u00e9percussions socio-\u00e9conomiques, dans un premier temps, avant de revigorer l\u2019activit\u00e9 \u00e9conomique dans une seconde phase\u00bb. Ils expliquent \u00e0 cet \u00e9gard que les leviers des autorit\u00e9s publiques s\u2019articulent autour de 2 dimensions principales : macro\u00e9conomique, pour une meilleure gestion dans le cycle, et, structurelle, qui tient compte des implications \u00e9ventuelles du choc sanitaire sur les nouvelles tendances fondamentales de l\u2019\u00e9conomie nationale et mondiale.<\/p>\n<p><strong>Investissement public<\/strong><\/p>\n<p>Apr\u00e8s avoir rappel\u00e9 les d\u00e9marches entreprises au niveau budg\u00e9taire, ce document convient du fait que \u00absi l\u2019investissement public peut s\u2019av\u00e9rer un choix de pr\u00e9dilection pour soutenir l\u2019activit\u00e9 \u00e9conomique, il est primordial de privil\u00e9gier les projets d\u2019investissement \u00e0 impact quasi imm\u00e9diat sur l\u2019activit\u00e9 \u00e9conomique et sociale\u00bb indiquant que les plans d\u2019investissement \u00abmarshalliens\u00bb dans des projets d\u2019envergure ne sont pas les mieux adapt\u00e9s pour r\u00e9animer le tissu \u00e9conomique puisqu\u2019ils risquent de marquer un d\u00e9lai assez cons\u00e9quent avant de retentir sur l\u2019activit\u00e9 et apporter une bouff\u00e9e d\u2019oxyg\u00e8ne \u00e0 l\u2019\u00e9conomie. \u00abLe facteur \u00abimpact-instantan\u00e9\u00bb est l\u2019\u00e9l\u00e9ment critique dans ce contexte et toute d\u00e9cision d\u2019investissement ou de mesure de relance gagnerait \u00e0 \u00eatre gouvern\u00e9e par ce principe\u00bb, rel\u00e8vent les experts du Policy Center.<\/p>\n<p><strong>Renforcer les partenariats du voisinage du Maroc<\/strong><\/p>\n<p>Les perturbations qui ont marqu\u00e9 les cha\u00eenes de valeur mondiales ainsi que le commerce international devraient amener les grandes puissances \u00e9conomiques, en particulier l\u2019Europe, \u00e0 red\u00e9finir certains sch\u00e9mas de production et de commercialisation. Selon cette analyse, les experts soulignent que \u00abde par sa g\u00e9ographie tr\u00e8s favorable, le Maroc serait en meilleure position pour tirer profit d\u2019une \u00e9ventuelle reconfiguration. Il est pertinent, \u00e9galement, que le Maroc fasse de ses partenaires de voisinage un choix de premier ordre. Le Maghreb, une des r\u00e9gions les moins int\u00e9gr\u00e9es dans le monde et qui regorge de potentialit\u00e9s, devrait \u00eatre \u00e9rig\u00e9 en priorit\u00e9 strat\u00e9gique pour tous les pays de la r\u00e9gion\u00bb ajoutant que dans l\u2019espoir d\u2019un Maghreb plus int\u00e9gr\u00e9, le Maroc devrait renforcer son ancrage africain et faire de l\u2019Afrique francophone un axe de red\u00e9ploiement sur tout le continent. Dans le m\u00eame sens, l\u2019entr\u00e9e en vigueur d\u00e9but 2021 de la zone de libre-\u00e9change continentale (ZLECAF) serait le vecteur essentiel d\u2019une densification des relations commerciales avec le continent et int\u00e9gration plus approfondie du tissu productif national avec son homologue africain. \u00abLes changements qui pointent \u00e0 l\u2019horizon pourraient installer de nouveaux paradigmes \u00e9conomiques, et le libre-\u00e9change c\u00e9derait la place \u00e0 une ouverture plus r\u00e9fl\u00e9chie et ax\u00e9e sur la proximit\u00e9\u00bb, pr\u00e9cise la m\u00eame source.<\/p>\n<p><strong>Une politique sociale plus efficace<\/strong><\/p>\n<p>La crise de Covid-19 a montr\u00e9 la n\u00e9cessit\u00e9 de renforcer les politiques sociales. \u00abLe recours, pour la premi\u00e8re fois dans l\u2019histoire du pays, \u00e0 un syst\u00e8me de transfert direct au profit des m\u00e9nages vuln\u00e9rables du secteur informel de cette envergure est un d\u00e9fi qui a \u00e9t\u00e9 relev\u00e9 par les autorit\u00e9s dans des d\u00e9lais serr\u00e9s.<br \/>Le syst\u00e8me n\u2019est pas bien \u00e9videmment exempt de tout reproche ou am\u00e9lioration, mais il peut constituer une premi\u00e8re base solide pour la mise en place d\u2019un programme de transfert permanent et conditionnel pour cette classe sociale capable de lui garantir un revenu minimum\u00bb, rel\u00e8vent les auteurs de ce document ajoutant que l\u2019instauration de ces filets sociaux devrait s\u2019inscrire dans une politique sociale exhaustive qui viendrait suspendre les diff\u00e9rents programmes sociaux sectoriels ou de niche active. \u00abLe poste budg\u00e9taire de cette rubrique ne devrait pas alourdir les finances publiques, mais plut\u00f4t \u00eatre aliment\u00e9 sur la base des programmes d\u00e9j\u00e0 existants\u00bb, explique-t-on.<\/p>\n<div class=\"base-box mom_box_sc_custom mom_box_sc clear c7\" readability=\"29\">\n<p><span class=\"c6\"><strong>Diagnostic<\/strong><\/span><\/p>\n<p>Les r\u00e9alisateurs de cette analyse font \u00e9tat d\u2019une contraction s\u00e9v\u00e8re de l\u2019activit\u00e9 \u00e9conomique de pr\u00e8s de 7%, sous l\u2019effet principalement des mesures de confinement et la baisse de la demande \u00e9trang\u00e8re. \u00abLa distribution r\u00e9gionale du choc n\u2019est pas uniforme et indique une plus forte exposition des r\u00e9gions o\u00f9 le secteur informel est important, le taux du secteur public est faible et o\u00f9 les activit\u00e9s touristiques et manufacturi\u00e8res sont pr\u00e9pond\u00e9rantes\u00bb, selon Policy Center for the New South.<\/p>\n<p>Il en ressort que les r\u00e9gions de Casablanca-Settat, Tanger-T\u00e9touan-Al-Hoceima et Marrakech-Safi devraient conna\u00eetre les plus grandes pertes \u00e9conomiques alors que les r\u00e9gions les moins touch\u00e9es sont celles de Dakhla-Oued Eddahab, Guelmim-Oued Noun et La\u00e2youne-Sakia El-Hamra.<\/p>\n<p>Dans le m\u00eame sens, des simulations ont \u00e9t\u00e9 effectu\u00e9es pour soumettre les \u00e9quilibres sociaux et macro\u00e9conomiques domestiques \u00e0 ce sc\u00e9nario de crise \u00e9conomique. \u00abA l\u2019\u00e9chelle sociale, la r\u00e9cession profonde agirait davantage sur les classes sociales les plus pr\u00e9caires, puisqu\u2019elle ferait basculer environ 1 million de personnes vers la pauvret\u00e9 et, \u00e0 peu pr\u00e8s 900 mille autres sous la ligne de la vuln\u00e9rabilit\u00e9\u00bb, pr\u00e9cise la m\u00eame source.<\/p>\n<\/div>\n<p>Auteur: Ouchagour Leila<br \/>\n<a href=\"https:\/\/aujourdhui.ma\/economie\/les-recommandations-de-policy-center-comment-eviter-des-consequences-foudroyantes-de-la-covid-19-sur-leconomie\">Cliquez ici pour lire l&rsquo;article depuis sa source.<\/a><\/p>\n","protected":false},"excerpt":{"rendered":"<p>Les bouleversements engendr\u00e9s par la Covid-19 \u00e0 l\u2019\u00e9conomie mondiale sont cons\u00e9quents. Le Maroc \u00e0 l\u2019instar du reste du monde a subi ce choc et se pr\u00e9pare \u00e0 la relance de ses activit\u00e9s \u00e9conomiques afin de sortir de cette crise in\u00e9dite. Dans son dernier \u00abpolicy paper\u00bb, Policy Center for the New South d\u00e9crit les diff\u00e9rents canaux [&hellip;]<\/p>\n","protected":false},"author":1759,"featured_media":0,"comment_status":"closed","ping_status":"closed","sticky":false,"template":"","format":"standard","meta":{"fifu_image_url":"http:\/\/aujourdhui.ma\/wp-content\/uploads\/2020\/12\/Policy-Center-Impacts-de-la-Covid-19-sur-leconomie-marocaine.jpg","fifu_image_alt":"Les recommandations de Policy Center : Comment \u00e9viter des cons\u00e9quences foudroyantes de la Covid-19 sur l\u2019\u00e9conomie ?","footnotes":""},"categories":[73,54],"tags":[],"class_list":["post-107353","post","type-post","status-publish","format-standard","hentry","category-actualite","category-maroc"],"_links":{"self":[{"href":"https:\/\/linitiative.ca\/International\/wp-json\/wp\/v2\/posts\/107353","targetHints":{"allow":["GET"]}}],"collection":[{"href":"https:\/\/linitiative.ca\/International\/wp-json\/wp\/v2\/posts"}],"about":[{"href":"https:\/\/linitiative.ca\/International\/wp-json\/wp\/v2\/types\/post"}],"author":[{"embeddable":true,"href":"https:\/\/linitiative.ca\/International\/wp-json\/wp\/v2\/users\/1759"}],"replies":[{"embeddable":true,"href":"https:\/\/linitiative.ca\/International\/wp-json\/wp\/v2\/comments?post=107353"}],"version-history":[{"count":0,"href":"https:\/\/linitiative.ca\/International\/wp-json\/wp\/v2\/posts\/107353\/revisions"}],"wp:attachment":[{"href":"https:\/\/linitiative.ca\/International\/wp-json\/wp\/v2\/media?parent=107353"}],"wp:term":[{"taxonomy":"category","embeddable":true,"href":"https:\/\/linitiative.ca\/International\/wp-json\/wp\/v2\/categories?post=107353"},{"taxonomy":"post_tag","embeddable":true,"href":"https:\/\/linitiative.ca\/International\/wp-json\/wp\/v2\/tags?post=107353"}],"curies":[{"name":"wp","href":"https:\/\/api.w.org\/{rel}","templated":true}]}}