{"id":107361,"date":"2020-12-17T05:07:53","date_gmt":"2020-12-17T10:07:53","guid":{"rendered":"https:\/\/linitiative.ca\/International\/en-partenariat-avec-la-cdc-ligpp-et-tsc-lites-accompagne-gabes-et-kasserine-dans-la-preparation-des-catalogues-regionaux-de-projets-en-ppp\/"},"modified":"2020-12-17T05:07:53","modified_gmt":"2020-12-17T10:07:53","slug":"en-partenariat-avec-la-cdc-ligpp-et-tsc-lites-accompagne-gabes-et-kasserine-dans-la-preparation-des-catalogues-regionaux-de-projets-en-ppp","status":"publish","type":"post","link":"https:\/\/linitiative.ca\/International\/en-partenariat-avec-la-cdc-ligpp-et-tsc-lites-accompagne-gabes-et-kasserine-dans-la-preparation-des-catalogues-regionaux-de-projets-en-ppp\/","title":{"rendered":"En partenariat avec la CDC, l\u2019IGPP et TSC, l\u2019ITES accompagne Gabes et Kasserine dans la pr\u00e9paration des catalogues r\u00e9gionaux de projets en PPP"},"content":{"rendered":"<p><strong>Tunis, le 17 d\u00e9cembre 2020:<\/strong> La politique de partenariats public-priv\u00e9 s\u2019impose aujourd\u2019hui comme un outil efficace pour une croissance inclusive et durable. Mise en ex\u00e9cution depuis quelques ann\u00e9es, cette pratique de partenariat entre les secteurs public et priv\u00e9 a fait la preuve de sa durabilit\u00e9 et son efficacit\u00e9 dans de nombreux pays.<\/p>\n<p>En Tunisie, l\u2019instauration d\u2019un cadre national des partenariats public-priv\u00e9 traduit la volont\u00e9 des pouvoirs publics d\u2019apporter plus de souplesse \u00e0 l\u2019action administrative contractuelle en vue d\u2019atteindre les objectifs de la politique publique. L\u2019article 3 de la loi n\u00b0 49-2015 du 27 novembre 2015 d\u00e9finit le cadre de partenariat public-priv\u00e9 comme \u00ab\u00a0un contrat \u00e9crit \u00e0 dur\u00e9e d\u00e9termin\u00e9e par lequel une personne publique confie \u00e0 un partenaire priv\u00e9 une mission globale portant totalement ou partiellement sur la conception et la r\u00e9alisation d\u2019ouvrages, d\u2019\u00e9quipements ou d\u2019infrastructures mat\u00e9rielles ou immat\u00e9rielles n\u00e9cessaires pour assurer un service public\u00a0\u00bb.<\/p>\n<p>Les pouvoirs publics visent, \u00e0 travers ce cadre juridique sp\u00e9cial pour les contrats PPP, \u00e0 encourager le recours \u00e0 la pratique de partenariat public-priv\u00e9 en vue de tirer profit du professionnalisme du secteur priv\u00e9, diversifier les modalit\u00e9s de financement et r\u00e9\u00e9quilibrer les rapports personne publique-partenaires priv\u00e9s.<\/p>\n<p><strong>Partenariat public-priv\u00e9 : l\u2019ITES mise sur les opportunit\u00e9s offertes<\/strong><\/p>\n<p>Soucieux de mieux d\u00e9velopper et am\u00e9liorer la participation du secteur priv\u00e9 \u00e0 la mise en place de projets de d\u00e9veloppement, l\u2019Institut tunisien des \u00e9tudes strat\u00e9giques -ITES- lance la premi\u00e8re tourn\u00e9e pour la production de l\u2019ensemble de catalogues r\u00e9gionaux de projets en partenariat public-priv\u00e9, en partenariat avec la Caisse des D\u00e9p\u00f4ts et Consignations (CDC) et l\u2019Instance g\u00e9n\u00e9rale de partenariat Public \u2013 Priv\u00e9 (IGPP) et l\u2019association Tunisian Smart Cities. Gabes et Kasserine sont les premiers gouvernorats sur son calendrier de d\u00e9cembre.<\/p>\n<p>Une \u00e9quipe d\u2019experts pr\u00e9sid\u00e9e par le directeur du Bureau Smart City \u00e0 l\u2019ITES, Borhene Dhaouadi, a assist\u00e9 les 08 et 09 d\u00e9cembre 2020 \u00e0 des ateliers pr\u00e9liminaires de pr\u00e9paration de catalogues r\u00e9gionaux aux si\u00e8ges des gouvernorats de Gabes et Kasserine en pr\u00e9sence des diff\u00e9rents acteurs institutionnels, organisationnels et civils r\u00e9gionaux et locaux qui agissent dans le d\u00e9veloppement territorial et l\u2019am\u00e9nagement urbain.<\/p>\n<p>Etaient pr\u00e9sents, les gouverneurs de Gabes et Kasserine, des d\u00e9l\u00e9gu\u00e9s r\u00e9gionaux, des maires de municipalit\u00e9s, des directeurs des directions r\u00e9gionales sectorielles (d\u00e9veloppement, \u00e9quipement, \u2026), des directeurs des agences nationales sectorielles (STEG, ODS, OFPE, OCDE, ONAS, \u2026), et des repr\u00e9sentants de la soci\u00e9t\u00e9 civile.<\/p>\n<p>Les rencontres \u00e9taient riches et motivantes. Les parties r\u00e9unies ont abord\u00e9 le sujet des projets de d\u00e9veloppement bloqu\u00e9s depuis des ann\u00e9es \u00e0 cause des probl\u00e8mes fonciers et ont discut\u00e9 des opportunit\u00e9s d\u2019investissement et des id\u00e9es de projets \u00e0 promouvoir dans le cadre des nouvelles opportunit\u00e9s offertes gr\u00e2ce \u00e0 la loi sur les partenariats entre les acteurs publics et priv\u00e9s. Les projets \u00e9voqu\u00e9s touchent diff\u00e9rents secteurs d\u2019activit\u00e9s ; gouvernance, mobilit\u00e9, culture et tourisme, industrie, agriculture, environnement, infrastructure et \u00e9quipement, d\u00e9veloppement urbain, etc.<\/p>\n<p>Borh\u00e8ne Dhaouadi pr\u00e9cise, lors de son intervention, que les \u00e9changes serviront \u00e0 r\u00e9pertorier les projets des diff\u00e9rentes municipalit\u00e9s, en vue de pr\u00e9parer des ateliers destin\u00e9s \u00e0 l\u2019\u00e9laboration des Catalogues r\u00e9gionaux, recensant les projets de chaque municipalit\u00e9 et les pr\u00e9sentant au sein de fiches descriptives selon une trame m\u00e9thodologique conforme aux normes internationales.<\/p>\n<p>Des soci\u00e9t\u00e9s de portage locales avec des capitaux mixtes public-priv\u00e9 devront \u00eatre cr\u00e9\u00e9es dans une \u00e9tape suivante pour permettre aux diff\u00e9rents acteurs (municipalit\u00e9s, investisseurs publics de type CDC et investisseurs priv\u00e9s qu\u2019ils soient des fonds sp\u00e9cialis\u00e9s dans l\u2019am\u00e9nagement urbain ou des citoyens petits porteurs) de participer aux capitaux, explique-t-il.<\/p>\n<p>Borhene Dhaouadi ajoute que les propositions spontan\u00e9es abord\u00e9es par la loi relative aux PPP, qui surviennent en dehors de tout processus d\u2019appel d\u2019offres et qui doivent \u00eatre tr\u00e8s soigneusement encadr\u00e9es, offrent aux investisseurs d\u2019excellentes opportunit\u00e9s pour mettre en oeuvre des projets rentables plus rapidement sans devoir passer par un long processus concurrentiel. Les investisseurs et les gens d\u2019affaires peuvent aujourd\u2019hui pr\u00e9senter des projets avec la formule de la proposition spontan\u00e9e et profiter des avantages de la passation des march\u00e9s publics quand les projets n\u2019engagent pas financi\u00e8rement l\u2019Etat. Les partenariats spontan\u00e9es permettent \u00e9galement aux pouvoirs publics d\u2019acc\u00e9der aux id\u00e9es novatrices et \u00e0 l\u2019exp\u00e9rience du secteur priv\u00e9 en vue d\u2019optimiser la d\u00e9pense publique.<\/p>\n<p>Il est utile de mentionner que des ateliers de pr\u00e9paration de catalogues r\u00e9gionaux de partenariat public-priv\u00e9 sont pr\u00e9vus, en mois de janvier 2021, au Kef, Kairouan et Jendouba, et dans la foul\u00e9e, le reste des villes tunisiennes.<\/p>\n<p><strong>A propos de l\u2019Institut tunisien des \u00e9tudes strat\u00e9giques<\/strong><\/p>\n<p>Soumis \u00e0 la tutelle de la Pr\u00e9sidence de la R\u00e9publique, l\u2019ITES a pour principale vocation de contribuer \u00e0 \u00e9clairer la prise de d\u00e9cision strat\u00e9gique aupr\u00e8s des d\u00e9cideurs et r\u00e9pondre aux besoins nationaux dans un monde en profonde mutation.<\/p>\n<p>Sa mission est de mener des \u00e9tudes et des analyses strat\u00e9giques sur les questions dont il est saisi par la Pr\u00e9sidence de la R\u00e9publique et d\u2019assurer une fonction de veille tant au niveau national qu\u2019international sur des domaines jug\u00e9s strat\u00e9giques pour le pays.<\/p>\n<p>En tant qu\u2019espace de r\u00e9flexion pluridisciplinaire, forum d\u2019\u00e9change et de d\u00e9bat, l\u2019ITES tend vers une influence globale d\u00e9di\u00e9e au d\u00e9veloppement, \u00e0 la coop\u00e9ration ainsi qu\u2019\u00e0 la promotion d\u2019un engagement actif de la Tunisie sur la sc\u00e8ne nationale et internationale.<\/p>\n<p>En plus de sa vocation de planification strat\u00e9gique, l\u2019ITES a d\u00e9cid\u00e9 de contribuer \u00e0 l\u2019effort national pour la r\u00e9alisation de projets concrets et structurants pour r\u00e9tablir ou cr\u00e9er une dynamique de d\u00e9veloppement \u00e9conomique durable.<\/p>\n<p><strong>A propos de l\u2019Association Tunisian Smart Cities\u00a0:<\/strong><\/p>\n<p>L\u2019association Tunisian Smart Cities est une association prospective, porteuse du programme qui porte son nom et qui sera mat\u00e9rialis\u00e9 \u00e0 terme par un r\u00e9seau national des villes intelligentes.<\/p>\n<p>Tunisian Smart Cities est un programme qui s\u2019inspire des initiatives Smart City lanc\u00e9es dans quelques villes tunisiennes telles que Bizerte et Gabes en vue d\u2019organiser un d\u00e9ploiement \u00e0 l\u2019\u00e9chelle nationale. \u00c0 travers ce programme nous souhaitons mat\u00e9rialiser le passage d\u2019une ville qui se veut intelligente \u00e0 un pays promoteur d\u2019intelligence au service de nos villes et nos territoires.<\/p>\n<p><img loading=\"lazy\" decoding=\"async\" class=\"alignnone size-medium wp-image-17700\" src=\"http:\/\/lexpertjournal.net\/fr\/wp-content\/uploads\/sites\/2\/2020\/12\/2-300x225.png\" alt=\"\" width=\"300\" height=\"225\" srcset=\"http:\/\/lexpertjournal.net\/fr\/wp-content\/uploads\/sites\/2\/2020\/12\/2-300x225.png 300w, http:\/\/lexpertjournal.net\/fr\/wp-content\/uploads\/sites\/2\/2020\/12\/2-768x576.png 768w, http:\/\/lexpertjournal.net\/fr\/wp-content\/uploads\/sites\/2\/2020\/12\/2.png 960w\" sizes=\"auto, (max-width: 300px) 100vw, 300px\"\/><img loading=\"lazy\" decoding=\"async\" class=\"alignnone size-medium wp-image-17701\" src=\"http:\/\/lexpertjournal.net\/fr\/wp-content\/uploads\/sites\/2\/2020\/12\/ITES-catalogues-de-projets-Gabes-300x269.png\" alt=\"\" width=\"300\" height=\"269\" srcset=\"http:\/\/lexpertjournal.net\/fr\/wp-content\/uploads\/sites\/2\/2020\/12\/ITES-catalogues-de-projets-Gabes-300x269.png 300w, http:\/\/lexpertjournal.net\/fr\/wp-content\/uploads\/sites\/2\/2020\/12\/ITES-catalogues-de-projets-Gabes.png 716w\" sizes=\"auto, (max-width: 300px) 100vw, 300px\"\/><\/p>\n<div class=\"wp-post-author-wrap wp-post-author-shortcode left\">\n<h3 class=\"awpa-title\"\/>\n<div class=\"wp-post-author\">\n<div class=\"awpa-img awpa-author-block square\"><a href=\"http:\/\/lexpertjournal.net\/fr\/?author=5\"><img loading=\"lazy\" decoding=\"async\" alt=\"\" src=\"http:\/\/0.gravatar.com\/avatar\/97f8e10a1c1125ba104a76514ee07b16?s=150&amp;d=mm&amp;r=g\" srcset=\"http:\/\/0.gravatar.com\/avatar\/97f8e10a1c1125ba104a76514ee07b16?s=300&amp;d=mm&amp;r=g 2x\" class=\"avatar avatar-150 photo\" height=\"150\" width=\"150\"\/><\/a><\/div>\n<\/div>\n<\/div>\n<aside class=\"mashsb-container mashsb-main mashsb-stretched\">\n<\/aside>\n<p>Auteur: L&rsquo;expert<br \/>\n<a href=\"http:\/\/lexpertjournal.net\/fr\/?p=17699\">Cliquez ici pour lire l&rsquo;article depuis sa source.<\/a><\/p>\n","protected":false},"excerpt":{"rendered":"<p>Tunis, le 17 d\u00e9cembre 2020: La politique de partenariats public-priv\u00e9 s\u2019impose aujourd\u2019hui comme un outil efficace pour une croissance inclusive et durable. Mise en ex\u00e9cution depuis quelques ann\u00e9es, cette pratique de partenariat entre les secteurs public et priv\u00e9 a fait la preuve de sa durabilit\u00e9 et son efficacit\u00e9 dans de nombreux pays. En Tunisie, l\u2019instauration [&hellip;]<\/p>\n","protected":false},"author":1775,"featured_media":0,"comment_status":"closed","ping_status":"closed","sticky":false,"template":"","format":"standard","meta":{"fifu_image_url":"http:\/\/lexpertjournal.net\/fr\/wp-content\/uploads\/sites\/2\/2020\/12\/2-300x225.png","fifu_image_alt":"En partenariat avec la CDC, l\u2019IGPP et TSC, l\u2019ITES accompagne Gabes et Kasserine dans la pr\u00e9paration des catalogues r\u00e9gionaux de projets en PPP","footnotes":""},"categories":[78,55],"tags":[],"class_list":["post-107361","post","type-post","status-publish","format-standard","hentry","category-economie","category-tunisie"],"_links":{"self":[{"href":"https:\/\/linitiative.ca\/International\/wp-json\/wp\/v2\/posts\/107361","targetHints":{"allow":["GET"]}}],"collection":[{"href":"https:\/\/linitiative.ca\/International\/wp-json\/wp\/v2\/posts"}],"about":[{"href":"https:\/\/linitiative.ca\/International\/wp-json\/wp\/v2\/types\/post"}],"author":[{"embeddable":true,"href":"https:\/\/linitiative.ca\/International\/wp-json\/wp\/v2\/users\/1775"}],"replies":[{"embeddable":true,"href":"https:\/\/linitiative.ca\/International\/wp-json\/wp\/v2\/comments?post=107361"}],"version-history":[{"count":0,"href":"https:\/\/linitiative.ca\/International\/wp-json\/wp\/v2\/posts\/107361\/revisions"}],"wp:attachment":[{"href":"https:\/\/linitiative.ca\/International\/wp-json\/wp\/v2\/media?parent=107361"}],"wp:term":[{"taxonomy":"category","embeddable":true,"href":"https:\/\/linitiative.ca\/International\/wp-json\/wp\/v2\/categories?post=107361"},{"taxonomy":"post_tag","embeddable":true,"href":"https:\/\/linitiative.ca\/International\/wp-json\/wp\/v2\/tags?post=107361"}],"curies":[{"name":"wp","href":"https:\/\/api.w.org\/{rel}","templated":true}]}}