{"id":107364,"date":"2020-12-17T09:06:47","date_gmt":"2020-12-17T14:06:47","guid":{"rendered":"https:\/\/linitiative.ca\/International\/demarrage-de-la-realisation-de-la-plateforme-tuniso-italienne-nettunit\/"},"modified":"2020-12-17T09:06:47","modified_gmt":"2020-12-17T14:06:47","slug":"demarrage-de-la-realisation-de-la-plateforme-tuniso-italienne-nettunit","status":"publish","type":"post","link":"https:\/\/linitiative.ca\/International\/demarrage-de-la-realisation-de-la-plateforme-tuniso-italienne-nettunit\/","title":{"rendered":"D\u00e9marrage de la r\u00e9alisation de la plateforme tuniso-italienne \u00ab NETTUNIT \u00bb"},"content":{"rendered":"<div class=\"td-post-content\">\n<p>Une plateforme tuniso-italienne des alertes m\u00e9t\u00e9orologiques et alertes relatives \u00e0 la pollution atmosph\u00e9rique et la pollution marine \u00ab\u00a0NETTUNIT\u00a0\u00bb, sera op\u00e9rationnelle d\u00e9but 2023, dans le cadre de l\u2019instrument europ\u00e9en de Voisinage (IEV) et son programme de coop\u00e9ration transfrontali\u00e8re. Une r\u00e9union virtuelle de d\u00e9marrage du projet a group\u00e9 jeudi, les diff\u00e9rentes parties prenantes, \u00e0 l\u2019Institut national de la m\u00e9t\u00e9rologie (<a href=\"https:\/\/www.meteo.tn\/fr\/institut-national-de-la-meteorologie\" target=\"_blank\" rel=\"noopener noreferrer\">INM<\/a>), chef de file des partenaires tunisiens.<\/p>\n<p>La r\u00e9alisation de la plaetforme NETTUNIT, dot\u00e9 d\u2019un budget de 1 066 000 euros, soit l\u2019\u00e9quivalent de 3 496 842,4 dinars et financ\u00e9 \u00e0 hauteur de 86% par l\u2019UE, devrait durer 30 mois. \u00ab\u00a0La plateforme, une fois r\u00e9alis\u00e9e servira les services de protection civile et de la sant\u00e9 locale et les autres services d\u2019intervention italiens et tunisiens. Cependant, ses donn\u00e9es seront accessibles \u00e0 tout le monde y compris les citoyens, a indiqu\u00e9 le directeur g\u00e9n\u00e9ral de l\u2019INM, H\u00e9di Agrebi Jaouadi.<\/p>\n<p>L\u2019INM se chargera de fournir les pr\u00e9visions et les simulations sur l\u2019impact des ph\u00e9nom\u00e8nes naturels en cas de pollution atmosph\u00e9rique ou accident environnemental en mer dans la zone du canal s\u00e9parant le Cap Bon de l\u2019\u00eele italienne de Sardaigne, a-t-il pr\u00e9cis\u00e9 notant que la zone d\u2019intervention du projet s\u2019\u00e9tend de Bizerte \u00e0 Gabes.<br \/>Le projet a pour objectif \u00ab\u00a0de faire face aux risques environnementaux, \u00e0 travers l\u2019\u00e9change r\u00e9gulier des donn\u00e9es et d\u2019informations environnementales transfrontali\u00e8res surtout pour l\u2019habitat marin et c\u00f4tier\u00a0\u00bb.<\/p>\n<p>Outre l\u2019INM, le projet r\u00e9uni c\u00f4t\u00e9 tunisien,\u00a0<a href=\"http:\/\/www.leconomistemaghrebin.com\/2020\/05\/06\/robot-zourni-deploye-hopital-abderrahmen-mami\/\" target=\"_blank\" rel=\"noopener noreferrer\">l\u2019H\u00f4pital Abderrahmen Mami<\/a>\u00a0de l\u2019Ariana et le Centre de recherche en Num\u00e9rique de Sfax ainsi que trois partenaires italiens \u00e0 savoir le Centre national de recherche de Palermo, Itelligence pour l\u2019environnement et la s\u00e9curit\u00e9 (IES) et l\u2019Autorit\u00e9 proven\u00e7ale de la sant\u00e9 de Caltanissetta.<\/p>\n<p>Avec TAP<\/p>\n<\/div>\n<footer>\n<\/footer>\n<div class=\"wp-post-author-wrap wp-post-author-shortcode left\">\n<h3 class=\"awpa-title\"\/>\n<div class=\"wp-post-author\">\n<div class=\"awpa-img awpa-author-block square\"><a href=\"http:\/\/lexpertjournal.net\/fr\/?author=5\"><img loading=\"lazy\" decoding=\"async\" alt=\"\" src=\"http:\/\/0.gravatar.com\/avatar\/97f8e10a1c1125ba104a76514ee07b16?s=150&amp;d=mm&amp;r=g\" srcset=\"http:\/\/0.gravatar.com\/avatar\/97f8e10a1c1125ba104a76514ee07b16?s=300&amp;d=mm&amp;r=g 2x\" class=\"avatar avatar-150 photo\" height=\"150\" width=\"150\"\/><\/a><\/div>\n<\/div>\n<\/div>\n<aside class=\"mashsb-container mashsb-main mashsb-stretched\">\n<\/aside>\n<p>Auteur: L&rsquo;expert<br \/>\n<a href=\"http:\/\/lexpertjournal.net\/fr\/?p=17709\">Cliquez ici pour lire l&rsquo;article depuis sa source.<\/a><\/p>\n","protected":false},"excerpt":{"rendered":"<p>Une plateforme tuniso-italienne des alertes m\u00e9t\u00e9orologiques et alertes relatives \u00e0 la pollution atmosph\u00e9rique et la pollution marine \u00ab\u00a0NETTUNIT\u00a0\u00bb, sera op\u00e9rationnelle d\u00e9but 2023, dans le cadre de l\u2019instrument europ\u00e9en de Voisinage (IEV) et son programme de coop\u00e9ration transfrontali\u00e8re. Une r\u00e9union virtuelle de d\u00e9marrage du projet a group\u00e9 jeudi, les diff\u00e9rentes parties prenantes, \u00e0 l\u2019Institut national de [&hellip;]<\/p>\n","protected":false},"author":1775,"featured_media":0,"comment_status":"closed","ping_status":"closed","sticky":false,"template":"","format":"standard","meta":{"fifu_image_url":"http:\/\/0.gravatar.com\/avatar\/97f8e10a1c1125ba104a76514ee07b16?s=150&d=mm&r=g","fifu_image_alt":"D\u00e9marrage de la r\u00e9alisation de la plateforme tuniso-italienne \u00ab NETTUNIT \u00bb","footnotes":""},"categories":[78,55],"tags":[],"class_list":["post-107364","post","type-post","status-publish","format-standard","hentry","category-economie","category-tunisie"],"_links":{"self":[{"href":"https:\/\/linitiative.ca\/International\/wp-json\/wp\/v2\/posts\/107364","targetHints":{"allow":["GET"]}}],"collection":[{"href":"https:\/\/linitiative.ca\/International\/wp-json\/wp\/v2\/posts"}],"about":[{"href":"https:\/\/linitiative.ca\/International\/wp-json\/wp\/v2\/types\/post"}],"author":[{"embeddable":true,"href":"https:\/\/linitiative.ca\/International\/wp-json\/wp\/v2\/users\/1775"}],"replies":[{"embeddable":true,"href":"https:\/\/linitiative.ca\/International\/wp-json\/wp\/v2\/comments?post=107364"}],"version-history":[{"count":0,"href":"https:\/\/linitiative.ca\/International\/wp-json\/wp\/v2\/posts\/107364\/revisions"}],"wp:attachment":[{"href":"https:\/\/linitiative.ca\/International\/wp-json\/wp\/v2\/media?parent=107364"}],"wp:term":[{"taxonomy":"category","embeddable":true,"href":"https:\/\/linitiative.ca\/International\/wp-json\/wp\/v2\/categories?post=107364"},{"taxonomy":"post_tag","embeddable":true,"href":"https:\/\/linitiative.ca\/International\/wp-json\/wp\/v2\/tags?post=107364"}],"curies":[{"name":"wp","href":"https:\/\/api.w.org\/{rel}","templated":true}]}}