{"id":107365,"date":"2020-12-17T09:32:45","date_gmt":"2020-12-17T14:32:45","guid":{"rendered":"https:\/\/linitiative.ca\/International\/sfax-le-ministere-du-transport-va-developper-une-zone-logistique-a-gargour\/"},"modified":"2020-12-17T09:32:45","modified_gmt":"2020-12-17T14:32:45","slug":"sfax-le-ministere-du-transport-va-developper-une-zone-logistique-a-gargour","status":"publish","type":"post","link":"https:\/\/linitiative.ca\/International\/sfax-le-ministere-du-transport-va-developper-une-zone-logistique-a-gargour\/","title":{"rendered":"Sfax : le minist\u00e8re du Transport va d\u00e9velopper une zone logistique \u00e0 Gargour"},"content":{"rendered":"<h2>Et ce, pour l\u2019am\u00e9nagement, le d\u00e9veloppement et l\u2019exploitation d\u2019une zone logistique. Elle se trouve<\/h2>\n<h2>\u00e0 Gargour, dans le gouvernorat de Sfax.<\/h2>\n<p>Ainsi, le minist\u00e8re des Transports et de la Logistique sollicite des: d\u00e9veloppeurs et \/ou am\u00e9nageurs de zones logistiques; prestataires et op\u00e9rateurs logistiques; investisseurs et toute autre personne physique ou morale individuellement ou en groupement solidaire. Et ce, pour formuler leur r\u00e9ponse \u00e0 cet appel \u00e0 manifestation d\u2019int\u00e9r\u00eat et soumettre leurs propositions et options. En effet, le d\u00e9veloppement d\u2019une zone logistique \u00e0 Gargour (Gouvernorat de Sfax) couvre l\u2019am\u00e9nagement de l\u2019infrastructure primaire. Mais aussi la superstructure et la construction d\u2019entrep\u00f4ts modernes de nouvelle g\u00e9n\u00e9ration, selon les standards internationaux.<\/p>\n<p>De ce fait, selon le minist\u00e8re du Transport et de la Logistique, cette zone logistique comprendra des espaces francs, espaces sous douane, port sec et des espaces hors douane. Notons que le tout est agenc\u00e9 selon un plan masse. Ce plan pourrait subir des am\u00e9liorations ou des propositions de l\u2019investisseur.<\/p>\n<p>Par ailleurs, le site retenu pour cette zone est d\u2019une superficie d\u2019environ 38 hectares. Il rel\u00e8ve du domaine priv\u00e9 de l\u2019Etat. Il est situ\u00e9 \u00e0 18 km de la ville de Sfax et de son port maritime de commerce. Et plus pr\u00e9cis\u00e9ment sur la Route Nationale n\u00b01 (tron\u00e7on rapide Sfax Mahres).<\/p>\n<p>Alors, l\u2019objectif est de r\u00e9aliser les investissements d\u2019une zone logistique selon les standards internationaux. La zone vise \u00e0 assurer une organisation rationnelle et une gestion appropri\u00e9e des terrains qui seront mis \u00e0 disposition.<\/p>\n<p>De plus, il s\u2019agit de promouvoir et d\u00e9velopper les flux, les activit\u00e9s et les services \u00e0 valeur ajout\u00e9e en liaison avec le port (import, export, transit international, \u2026 ). Ainsi que les activit\u00e9s \u00e9conomiques de consommation et de distribution de la r\u00e9gion et des villes avoisinantes.<\/p>\n<p><em>M.T<\/em><\/p>\n<div class=\"wp-post-author-wrap wp-post-author-shortcode left\">\n<h3 class=\"awpa-title\"\/>\n<div class=\"wp-post-author\">\n<div class=\"awpa-img awpa-author-block square\"><a href=\"http:\/\/lexpertjournal.net\/fr\/?author=5\"><img loading=\"lazy\" decoding=\"async\" alt=\"\" src=\"http:\/\/0.gravatar.com\/avatar\/97f8e10a1c1125ba104a76514ee07b16?s=150&amp;d=mm&amp;r=g\" srcset=\"http:\/\/0.gravatar.com\/avatar\/97f8e10a1c1125ba104a76514ee07b16?s=300&amp;d=mm&amp;r=g 2x\" class=\"avatar avatar-150 photo\" height=\"150\" width=\"150\"\/><\/a><\/div>\n<\/div>\n<\/div>\n<aside class=\"mashsb-container mashsb-main mashsb-stretched\">\n<\/aside>\n<p>Auteur: L&rsquo;expert<br \/>\n<a href=\"http:\/\/lexpertjournal.net\/fr\/?p=17712\">Cliquez ici pour lire l&rsquo;article depuis sa source.<\/a><\/p>\n","protected":false},"excerpt":{"rendered":"<p>Et ce, pour l\u2019am\u00e9nagement, le d\u00e9veloppement et l\u2019exploitation d\u2019une zone logistique. Elle se trouve \u00e0 Gargour, dans le gouvernorat de Sfax. Ainsi, le minist\u00e8re des Transports et de la Logistique sollicite des: d\u00e9veloppeurs et \/ou am\u00e9nageurs de zones logistiques; prestataires et op\u00e9rateurs logistiques; investisseurs et toute autre personne physique ou morale individuellement ou en groupement [&hellip;]<\/p>\n","protected":false},"author":1775,"featured_media":0,"comment_status":"closed","ping_status":"closed","sticky":false,"template":"","format":"standard","meta":{"fifu_image_url":"http:\/\/0.gravatar.com\/avatar\/97f8e10a1c1125ba104a76514ee07b16?s=150&d=mm&r=g","fifu_image_alt":"Sfax : le minist\u00e8re du Transport va d\u00e9velopper une zone logistique \u00e0 Gargour","footnotes":""},"categories":[78,55],"tags":[],"class_list":["post-107365","post","type-post","status-publish","format-standard","hentry","category-economie","category-tunisie"],"_links":{"self":[{"href":"https:\/\/linitiative.ca\/International\/wp-json\/wp\/v2\/posts\/107365","targetHints":{"allow":["GET"]}}],"collection":[{"href":"https:\/\/linitiative.ca\/International\/wp-json\/wp\/v2\/posts"}],"about":[{"href":"https:\/\/linitiative.ca\/International\/wp-json\/wp\/v2\/types\/post"}],"author":[{"embeddable":true,"href":"https:\/\/linitiative.ca\/International\/wp-json\/wp\/v2\/users\/1775"}],"replies":[{"embeddable":true,"href":"https:\/\/linitiative.ca\/International\/wp-json\/wp\/v2\/comments?post=107365"}],"version-history":[{"count":0,"href":"https:\/\/linitiative.ca\/International\/wp-json\/wp\/v2\/posts\/107365\/revisions"}],"wp:attachment":[{"href":"https:\/\/linitiative.ca\/International\/wp-json\/wp\/v2\/media?parent=107365"}],"wp:term":[{"taxonomy":"category","embeddable":true,"href":"https:\/\/linitiative.ca\/International\/wp-json\/wp\/v2\/categories?post=107365"},{"taxonomy":"post_tag","embeddable":true,"href":"https:\/\/linitiative.ca\/International\/wp-json\/wp\/v2\/tags?post=107365"}],"curies":[{"name":"wp","href":"https:\/\/api.w.org\/{rel}","templated":true}]}}