{"id":107368,"date":"2020-12-16T18:24:54","date_gmt":"2020-12-16T23:24:54","guid":{"rendered":"https:\/\/linitiative.ca\/International\/les-habitants-celebrent-les-succes-de-la-diplomatie-marocaine\/"},"modified":"2020-12-16T18:24:54","modified_gmt":"2020-12-16T23:24:54","slug":"les-habitants-celebrent-les-succes-de-la-diplomatie-marocaine","status":"publish","type":"post","link":"https:\/\/linitiative.ca\/International\/les-habitants-celebrent-les-succes-de-la-diplomatie-marocaine\/","title":{"rendered":"Les habitants c\u00e9l\u00e8brent les succ\u00e8s de la diplomatie marocaine"},"content":{"rendered":"<div readability=\"41\">\n<p>Essaouira \u2013 Les habitants de la ville d\u2019Essaouira ont organis\u00e9, mercredi, une imposante marche pour c\u00e9l\u00e9brer haut et fort, \u00e0 l\u2019instar de leurs compatriotes dans les autres villes du Royaume, les succ\u00e8s retentissants engrang\u00e9s par la diplomatie marocaine, sous la conduite \u00e9clair\u00e9e de Sa Majest\u00e9 le Roi Mohammed VI, dans le dossier du Sahara marocain.<\/p>\n<\/div>\n<div readability=\"103\">\n<p>Organis\u00e9e suite \u00e0 l\u2019appel lanc\u00e9 par les acteurs et composantes de la soci\u00e9t\u00e9 civile locale, toutes sensibilit\u00e9s et horizons confondus, cette marche, qui s\u2019est \u00e9branl\u00e9e de la Place Moulay Hassan \u00e0 destination de la Place de la pr\u00e9fecture d\u2019Essaouira, a connu la participation de grands nombres de citoyens de la Cit\u00e9 des Aliz\u00e9s, de toutes cat\u00e9gories d\u2019\u00e2ges, venus en masse exprimer leur pleine joie suite \u00e0 la grande perc\u00e9e r\u00e9alis\u00e9e par le Maroc au sujet de la question de l\u2019int\u00e9grit\u00e9 territoriale, illustr\u00e9e r\u00e9cemment par la d\u00e9cision historique des Etats-Unis de reconna\u00eetre la souverainet\u00e9 pleine et enti\u00e8re du Royaume sur l\u2019ensemble de la r\u00e9gion du Sahara marocain.<\/p>\n<p>Tout au long du trajet emprunt\u00e9 par cette marche symbolique et spontan\u00e9e, les participants ont scand\u00e9 \u00e0 l\u2019unisson des slogans affirmant la marocanit\u00e9 du Sahara et leur ind\u00e9fectible attachement \u00e0 l\u2019auguste personne de SM le Roi Mohammed VI et au Glorieux Tr\u00f4ne Alaouite pour la d\u00e9fense de la justesse de la premi\u00e8re cause nationale contre les man\u0153uvres ourdies des ennemis du Royaume et de leurs protecteurs.<\/p>\n<p>Ils ont aussi saisi cette occasion pour pr\u00e9senter avec d\u00e9f\u00e9rence les sentiments et expressions les plus sinc\u00e8res de fid\u00e9lit\u00e9 et de loyalisme \u00e0 Sa Majest\u00e9 le Roi, et leurs f\u00e9licitations les meilleures au Souverain et \u00e0 tout le peuple marocain pour ces succ\u00e8s diplomatiques successifs.<\/p>\n<p>Brandissant les drapeaux marocains, les photos et portraits de SM le Roi ainsi que des banderoles, ils alternaient au cours de leur marche, chants patriotiques et slogans de soutien \u00e0 la marocanit\u00e9 du Sahara et au plan d\u2019autonomie, tout en saluant cette reconnaissance am\u00e9ricaine historique ainsi que la d\u00e9cision des Etats-Unis d\u2019ouvrir, \u00e0 titre de premi\u00e8re concr\u00e9tisation de cette initiative souveraine de haute importance, un Consulat dans la ville de Dakhla, \u00e0 vocation essentiellement \u00e9conomique, afin d\u2019encourager les investissements am\u00e9ricains et de contribuer au d\u00e9veloppement \u00e9conomique et social, au profit notamment des habitants des provinces du Sud.<\/p>\n<p>Anim\u00e9s d\u2019une grande ferveur patriotique et par leur attachement in\u00e9branlable au moindre grain de sable du Sahara marocain, les Souiris ont \u00e9galement r\u00e9it\u00e9r\u00e9 leur mobilisation collective et leur engagement constant derri\u00e8re le Souverain pour la d\u00e9fense, corps et \u00e2me, de la stabilit\u00e9, de la s\u00e9curit\u00e9 et de l\u2019int\u00e9grit\u00e9 territoriale du Royaume.<\/p>\n<p>Ils ont, en outre, salu\u00e9 la diplomatie Royale clairvoyante et le leadership visionnaire du Souverain, ayant permis au Maroc de r\u00e9aliser des victoires politiques et diplomatiques magistrales sur la sc\u00e8ne internationale concernant la question du Sahara marocain, \u00e0 m\u00eame de conforter la souverainet\u00e9 du Royaume sur ses provinces du sud et de confirmer le d\u00e9clin consomm\u00e9 des approches et des th\u00e8ses surann\u00e9es de ses adversaires.<\/p>\n<p>Les participants \u00e0 cette marche ont, dans le m\u00eame sillage, exprim\u00e9 leur appui total \u00e0 toute d\u00e9cision ou initiative prise par le Souverain pour la pr\u00e9servation de la souverainet\u00e9 et de l\u2019int\u00e9grit\u00e9 territoriale du Maroc.<\/p>\n<p>Ils ont, par ailleurs, r\u00e9affirm\u00e9 leur soutien inconditionnel \u00e0 l\u2019initiative marocaine d\u2019autonomie pr\u00e9sent\u00e9e par le Royaume, et dont la pr\u00e9\u00e9minence et la pertinence ont \u00e9t\u00e9 appuy\u00e9es par le Conseil de S\u00e9curit\u00e9 de l\u2019ONU et les grandes puissances mondiales, \u00e0 m\u00eame d\u2019\u00eatre consid\u00e9r\u00e9e comme \u00e9tant l\u2019unique option r\u00e9aliste, juste, cr\u00e9dible, s\u00e9rieuse et durable pour le r\u00e8glement de ce conflit factice qui n\u2019a que trop dur\u00e9.<\/p>\n<\/div>\n<p>Auteur: Meriem IGASS<br \/>\n<a href=\"http:\/\/www.mapmarrakech.ma\/fr\/les-habitants-celebrent-les-succes-de-la-diplomatie-marocaine\/\">Cliquez ici pour lire l&rsquo;article depuis sa source.<\/a><\/p>\n","protected":false},"excerpt":{"rendered":"<p>Essaouira \u2013 Les habitants de la ville d\u2019Essaouira ont organis\u00e9, mercredi, une imposante marche pour c\u00e9l\u00e9brer haut et fort, \u00e0 l\u2019instar de leurs compatriotes dans les autres villes du Royaume, les succ\u00e8s retentissants engrang\u00e9s par la diplomatie marocaine, sous la conduite \u00e9clair\u00e9e de Sa Majest\u00e9 le Roi Mohammed VI, dans le dossier du Sahara marocain. [&hellip;]<\/p>\n","protected":false},"author":1788,"featured_media":0,"comment_status":"closed","ping_status":"closed","sticky":false,"template":"","format":"standard","meta":{"fifu_image_url":"","fifu_image_alt":"","footnotes":""},"categories":[54,76],"tags":[],"class_list":["post-107368","post","type-post","status-publish","format-standard","hentry","category-maroc","category-regions"],"_links":{"self":[{"href":"https:\/\/linitiative.ca\/International\/wp-json\/wp\/v2\/posts\/107368","targetHints":{"allow":["GET"]}}],"collection":[{"href":"https:\/\/linitiative.ca\/International\/wp-json\/wp\/v2\/posts"}],"about":[{"href":"https:\/\/linitiative.ca\/International\/wp-json\/wp\/v2\/types\/post"}],"author":[{"embeddable":true,"href":"https:\/\/linitiative.ca\/International\/wp-json\/wp\/v2\/users\/1788"}],"replies":[{"embeddable":true,"href":"https:\/\/linitiative.ca\/International\/wp-json\/wp\/v2\/comments?post=107368"}],"version-history":[{"count":0,"href":"https:\/\/linitiative.ca\/International\/wp-json\/wp\/v2\/posts\/107368\/revisions"}],"wp:attachment":[{"href":"https:\/\/linitiative.ca\/International\/wp-json\/wp\/v2\/media?parent=107368"}],"wp:term":[{"taxonomy":"category","embeddable":true,"href":"https:\/\/linitiative.ca\/International\/wp-json\/wp\/v2\/categories?post=107368"},{"taxonomy":"post_tag","embeddable":true,"href":"https:\/\/linitiative.ca\/International\/wp-json\/wp\/v2\/tags?post=107368"}],"curies":[{"name":"wp","href":"https:\/\/api.w.org\/{rel}","templated":true}]}}