{"id":107380,"date":"2020-12-17T14:54:21","date_gmt":"2020-12-17T19:54:21","guid":{"rendered":"https:\/\/linitiative.ca\/International\/des-bons-repas-pour-relancer-la-restauration\/"},"modified":"2020-12-17T14:54:21","modified_gmt":"2020-12-17T19:54:21","slug":"des-bons-repas-pour-relancer-la-restauration","status":"publish","type":"post","link":"https:\/\/linitiative.ca\/International\/des-bons-repas-pour-relancer-la-restauration\/","title":{"rendered":"Des \u00abbons repas\u00bb pour relancer la restauration"},"content":{"rendered":"<p class=\"rtejustify\">Compte tenu du contexte actuel de crise sanitaire et de conjoncture morose, la F\u00e9d\u00e9ration marocaine des franchises et la F\u00e9d\u00e9ration nationale des restaurateurs sollicitent une intervention des autorit\u00e9s afin de cr\u00e9er \u00abun cadre fiscal favorable aux Bons Repas\u00bb dans le cadre de la Loi de Finances 2021.<br \/>Selon les deux f\u00e9d\u00e9rations, les \u00abBons Repas\u00bb devraient stimuler et encourager la consommation des m\u00e9nages. Le principe peut \u00eatre \u00e9largi avec un \u00e9ventail de biens et services et ce, dans un p\u00e9rim\u00e8tre g\u00e9ographique et une dur\u00e9e de validit\u00e9 limit\u00e9e.<br \/><em>A.R.<\/em><\/p>\n<p>Auteur: hlafriqi<br \/>\n<a href=\"https:\/\/www.leconomiste.com\/article\/1070873-des-bons-repas-pour-relancer-la-restauration\">Cliquez ici pour lire l&rsquo;article depuis sa source.<\/a><\/p>\n","protected":false},"excerpt":{"rendered":"<p>Compte tenu du contexte actuel de crise sanitaire et de conjoncture morose, la F\u00e9d\u00e9ration marocaine des franchises et la F\u00e9d\u00e9ration nationale des restaurateurs sollicitent une intervention des autorit\u00e9s afin de cr\u00e9er \u00abun cadre fiscal favorable aux Bons Repas\u00bb dans le cadre de la Loi de Finances 2021.Selon les deux f\u00e9d\u00e9rations, les \u00abBons Repas\u00bb devraient stimuler [&hellip;]<\/p>\n","protected":false},"author":1763,"featured_media":0,"comment_status":"closed","ping_status":"closed","sticky":false,"template":"","format":"standard","meta":{"fifu_image_url":"","fifu_image_alt":"","footnotes":""},"categories":[78,54],"tags":[],"class_list":["post-107380","post","type-post","status-publish","format-standard","hentry","category-economie","category-maroc"],"_links":{"self":[{"href":"https:\/\/linitiative.ca\/International\/wp-json\/wp\/v2\/posts\/107380","targetHints":{"allow":["GET"]}}],"collection":[{"href":"https:\/\/linitiative.ca\/International\/wp-json\/wp\/v2\/posts"}],"about":[{"href":"https:\/\/linitiative.ca\/International\/wp-json\/wp\/v2\/types\/post"}],"author":[{"embeddable":true,"href":"https:\/\/linitiative.ca\/International\/wp-json\/wp\/v2\/users\/1763"}],"replies":[{"embeddable":true,"href":"https:\/\/linitiative.ca\/International\/wp-json\/wp\/v2\/comments?post=107380"}],"version-history":[{"count":0,"href":"https:\/\/linitiative.ca\/International\/wp-json\/wp\/v2\/posts\/107380\/revisions"}],"wp:attachment":[{"href":"https:\/\/linitiative.ca\/International\/wp-json\/wp\/v2\/media?parent=107380"}],"wp:term":[{"taxonomy":"category","embeddable":true,"href":"https:\/\/linitiative.ca\/International\/wp-json\/wp\/v2\/categories?post=107380"},{"taxonomy":"post_tag","embeddable":true,"href":"https:\/\/linitiative.ca\/International\/wp-json\/wp\/v2\/tags?post=107380"}],"curies":[{"name":"wp","href":"https:\/\/api.w.org\/{rel}","templated":true}]}}