{"id":107394,"date":"2020-12-17T04:56:26","date_gmt":"2020-12-17T09:56:26","guid":{"rendered":"https:\/\/linitiative.ca\/International\/conference-de-presse-de-karim-tabbou-le-pouvoir-a-mene-le-pays-dans-limpasse\/"},"modified":"2020-12-17T04:56:26","modified_gmt":"2020-12-17T09:56:26","slug":"conference-de-presse-de-karim-tabbou-le-pouvoir-a-mene-le-pays-dans-limpasse","status":"publish","type":"post","link":"https:\/\/linitiative.ca\/International\/conference-de-presse-de-karim-tabbou-le-pouvoir-a-mene-le-pays-dans-limpasse\/","title":{"rendered":"Conf\u00e9rence de presse de Karim Tabbou : \u00abLe pouvoir a men\u00e9 le pays dans l\u2019impasse\u00bb"},"content":{"rendered":"<h4 class=\"title-14\"\/>\n<div class=\"featured_image\"><img loading=\"lazy\" decoding=\"async\" width=\"500\" height=\"279\" src=\"https:\/\/www.elwatan.com\/wp-content\/uploads\/2020\/12\/TABBOU-1.jpg\" class=\"attachment-post-thumbnail size-post-thumbnail wp-post-image\" alt=\"\" srcset=\"https:\/\/www.elwatan.com\/wp-content\/uploads\/2020\/12\/TABBOU-1.jpg 500w, https:\/\/www.elwatan.com\/wp-content\/uploads\/2020\/12\/TABBOU-1-300x167.jpg 300w\" sizes=\"auto, (max-width: 500px) 100vw, 500px\"\/><\/div>\n<p class=\"p4\"><span class=\"s3\"><strong>Pour sa premi\u00e8re conf\u00e9rence de presse, anim\u00e9e hier \u00e0 Alger apr\u00e8s des mois de d\u00e9tention, Karim Tebbou se montre sans concession avec les tenants du r\u00e9gime qui ont men\u00e9, selon lui, le pays vers l\u2019impasse.<\/strong><\/span><\/p>\n<p class=\"p4\"><strong>L<\/strong><span class=\"s3\">e porte-parole de l\u2019UDS et ancien d\u00e9tenu politique Karim Tabbou tacle violemment le pouvoir. Pour sa premi\u00e8re conf\u00e9rence de presse anim\u00e9e hier \u00e0 Alger apr\u00e8s des mois de d\u00e9tention, l\u2019homme se montre sans concession avec les tenants du r\u00e9gime qui ont men\u00e9, selon lui, le pays vers l\u2019impasse.<\/span><\/p>\n<p class=\"p7\"><span class=\"s3\"><em>\u00abMalheureusement, le pays est en panne\u00bb<\/em>, affirme-t-il en r\u00e9ponse \u00e0 une question sur l\u2019attitude du pouvoir qui continue, comme le confirme la derni\u00e8re d\u00e9claration du pr\u00e9sident Abdelmadjid Tebboune, \u00e0 mettre en \u0153uvre sa feuille de route. Pour Karim Tabbou, <em>\u00abla feuille existe, mais la route non\u00bb<\/em>, d\u00e9plorant le fait de vouloir galvauder <em>\u00abcette formidable dynamique du hirak qui r\u00e9clame un changement radical et g\u00e9n\u00e9ral\u00bb.<\/em><\/span><\/p>\n<p class=\"p7\"><span class=\"s3\"><em>\u00abLe peuple a donn\u00e9 deux garanties importantes pour cela\u00a0: le pacifisme et l\u2019unit\u00e9. Est-ce qu\u2019on peut avoir plus que cela pour enclencher le changement voulu\u00a0?\u00bb<\/em> demande-t-il. Selon lui, <em>\u00abl\u2019Alg\u00e9rie est en panne, et l\u2019unique solution pour la remettre en marche est de sortir du bricolage\u00bb.<\/em><\/span><\/p>\n<p class=\"p7\"><span class=\"s3\">Ce faisant, il fait une r\u00e9trospective de la situation politique nationale en rappelant l\u2019origine de cette crise qui perdure. <em>\u00abUne ann\u00e9e apr\u00e8s le coup de force \u00e9lectoral du 12 d\u00e9cembre 2019, notre pays est plong\u00e9 dans une crise politique profonde. L\u2019impasse est totale et les risques pour l\u2019avenir de g\u00e9n\u00e9rations enti\u00e8res sont r\u00e9els ; blocage institutionnel, crise \u00e9conomique, marasme social, tous les signaux sont au rouge et le peuple alg\u00e9rien vit une r\u00e9elle inqui\u00e9tude pour son avenir\u00bb<\/em>, lance-t-il.<\/span><\/p>\n<p class=\"p7\"><span class=\"s3\">Il s\u2019attarde, dans la foul\u00e9e, sur l\u2019attitude du pouvoir. <em>\u00abDans une position fr\u00f4lant la menace et le chantage, le pouvoir a refus\u00e9 toute id\u00e9e de transition et de changement. Il a impos\u00e9 un processus de faux dialogue, de fausses repr\u00e9sentations et de fausses \u00e9lections, avec pour r\u00e9sultat un pays \u00e0 l\u2019arr\u00eat ! Un nouvel \u00e9pisode de l\u2019\u00e8re Bouteflika est en cours avec quelques maquillages de surface\u00bb<\/em>, affirme-t-il.<\/span><\/p>\n<p class=\"p7\"><strong><span class=\"s3\">\u00abPour une Assembl\u00e9e constituante\u00bb<\/span><\/strong><\/p>\n<p class=\"p8\"><span class=\"s3\">Poursuivant, Karim Tabbou expose sa vision <em>\u00abpour nous sortir de cette impasse et redonner de l\u2019espoir \u00e0 cette jeunesse\u00bb<\/em> et exige <em>\u00abun changement profond, radical et imm\u00e9diat\u00bb<\/em>. Trois imp\u00e9ratifs politiques constituent, indique-t-il, <em>\u00able consensus national sans lequel aucune autre solution ne peut \u00eatre fiable\u00bb<\/em>.<\/span><\/p>\n<p class=\"p7\"><span class=\"s3\">Il s\u2019agit, dit-il, d\u2019engager le pays dans un processus politique rassembleur et inclusif devant aboutir \u00e0 la mise en place d\u2019un Etat de droit, prendre toutes les mesures pour consacrer l\u2019ind\u00e9pendance de la justice et mettre en place un m\u00e9canisme \u00e9lectoral transparent et d\u00e9mocratique qui garantira la cons\u00e9cration enti\u00e8re de la souverainet\u00e9 populaire.<\/span><\/p>\n<p class=\"p7\"><span class=\"s3\"><em>\u00abUn tel processus apportera les solutions aux questions essentielles de la vie de la nation, \u00e0 savoir : l\u2019espoir, la confiance et la justice\u00bb<\/em>, dit-il.<\/span><\/p>\n<p class=\"p7\"><span class=\"s3\">Rappelant que le changement est une revendication populaire et une exigence historique, il estime que <em>\u00abl\u2019\u00e9lection d\u2019une assembl\u00e9e nationale constituante souveraine pourrait \u00eatre l\u2019acte fondateur, voire l\u2019un des jalons de la construction d\u2019une Alg\u00e9rie libre, prosp\u00e8re, sociale et d\u00e9mocratique\u00bb<\/em>.<\/span><\/p>\n<p class=\"p8\"><span class=\"s3\"><strong>Les dix d\u00e9passements et violations de la loi<\/strong><\/span><\/p>\n<p class=\"p7\"><span class=\"s3\">Il insiste, dans ce cadre, sur <em>\u00abdes r\u00e9visions d\u00e9chirantes et sans complaisance dans le mode de gestion des affaires de l\u2019Etat\u00bb<\/em>.<\/span><\/p>\n<p class=\"p7\"><span class=\"s3\">Celle-ci consiste, selon lui, \u00e0 mettre fin au r\u00e8gne de l\u2019absurde, de la m\u00e9diocrit\u00e9 et de la politique du mensonge, aux r\u00e9gionalismes et \u00e0 la gestion clanique des affaires du pays, \u00e0 la confiscation du pouvoir et des institutions de l\u2019Etat, aux fausses repr\u00e9sentations politiques et sociales ainsi qu\u2019\u00e0 la dilapidation des biens et des richesses nationales.<\/span><\/p>\n<p class=\"p7\"><span class=\"s3\">Apr\u00e8s avoir abord\u00e9 le volet politique, Karim Tabbou c\u00e8de la parole \u00e0 ses avocats pour \u00e9voquer les 10 d\u00e9passements et violation de la loi lors de son arrestation et de son emprisonnement.<\/span><\/p>\n<p class=\"p7\"><span class=\"s3\">Parmi eux, ils citent le fait que les \u00e9l\u00e9ments de la S\u00e9curit\u00e9 int\u00e9rieure qui l\u2019ont interpell\u00e9 chez lui, le 11 septembre 2019, n\u2019avaient pas inform\u00e9 le procureur, comme ils n\u2019ont pas respect\u00e9 les exigences de la loi portant sur l\u2019envoi de deux convocations au concern\u00e9 avant de l\u2019arr\u00eater.<\/span><\/p>\n<p class=\"p7\"><span class=\"s3\">La d\u00e9cision de la chambre d\u2019accusation pr\u00e8s le tribunal de Kol\u00e9a qui a priv\u00e9 Karim Tabbou de ses droits au moment de sa remise en libert\u00e9 en septembre 2019 constitue aussi une autre violation.<\/span><\/p>\n<p class=\"p7\"><span class=\"s3\">A l\u2019occasion de sa deuxi\u00e8me interpellation, un autre d\u00e9passement est commis. Il s\u2019agit de sa pr\u00e9sentation devant le procureur pr\u00e8s le tribunal de Sidi M\u2019hamed qui n\u2019est pas territorialement comp\u00e9tent.<\/span><\/p>\n<p class=\"p7\"><span class=\"s3\">Soulignant que le juge a m\u00eame demand\u00e9 une enqu\u00eate sur les biens de Karim Tabbou <em>\u00abdepuis l\u2019\u00e2ge de 11 ans\u00bb<\/em>, les avocats d\u00e9noncent <em>\u00abune volont\u00e9 de vengeance\u00bb.<\/em><\/span><\/p>\n<p class=\"p7\"><span class=\"s3\"><em>\u00abSinon comment expliquer le fait qu\u2019il soit arr\u00eat\u00e9 cinq mois apr\u00e8s sa d\u00e9claration \u00e0 Kherrata, et l\u2019engagement de deux poursuites \u00e0 son encontre pour les m\u00eames faits\u00bb<\/em>, rel\u00e8vent-ils, en d\u00e9non\u00e7ant le silence de la justice sur <em>\u00ables violences subies par le militant Karim Tabbou au centre des services de s\u00e9curit\u00e9 connu sous le nom de Antar\u00bb<\/em>.\u00a0<\/span><\/p>\n<p><span class=\"post-views-label\">Post Views:<\/span> <span class=\"post-views-count\">4\u00a0888<\/span><\/p>\n<div class=\"ichhar-moneytagnative c4\" id=\"ichhar-455239893\">\n<p>Advertisements<\/p>\n<\/div>\n<p><br class=\"c2\"\/><br class=\"c5\"\/><\/p>\n<p>Auteur: Anis Khecheba<br \/>\n<a href=\"https:\/\/www.elwatan.com\/edition\/actualite\/le-pouvoir-a-mene-le-pays-dans-limpasse-17-12-2020\">Cliquez ici pour lire l&rsquo;article depuis sa source.<\/a><\/p>\n","protected":false},"excerpt":{"rendered":"<p>Pour sa premi\u00e8re conf\u00e9rence de presse, anim\u00e9e hier \u00e0 Alger apr\u00e8s des mois de d\u00e9tention, Karim Tebbou se montre sans concession avec les tenants du r\u00e9gime qui ont men\u00e9, selon lui, le pays vers l\u2019impasse. Le porte-parole de l\u2019UDS et ancien d\u00e9tenu politique Karim Tabbou tacle violemment le pouvoir. Pour sa premi\u00e8re conf\u00e9rence de presse [&hellip;]<\/p>\n","protected":false},"author":1743,"featured_media":0,"comment_status":"closed","ping_status":"closed","sticky":false,"template":"","format":"standard","meta":{"fifu_image_url":"https:\/\/www.elwatan.com\/wp-content\/uploads\/2020\/12\/TABBOU-1.jpg","fifu_image_alt":"Conf\u00e9rence de presse de Karim Tabbou : \u00abLe pouvoir a men\u00e9 le pays dans l\u2019impasse\u00bb","footnotes":""},"categories":[73,53],"tags":[],"class_list":["post-107394","post","type-post","status-publish","format-standard","hentry","category-actualite","category-algerie"],"_links":{"self":[{"href":"https:\/\/linitiative.ca\/International\/wp-json\/wp\/v2\/posts\/107394","targetHints":{"allow":["GET"]}}],"collection":[{"href":"https:\/\/linitiative.ca\/International\/wp-json\/wp\/v2\/posts"}],"about":[{"href":"https:\/\/linitiative.ca\/International\/wp-json\/wp\/v2\/types\/post"}],"author":[{"embeddable":true,"href":"https:\/\/linitiative.ca\/International\/wp-json\/wp\/v2\/users\/1743"}],"replies":[{"embeddable":true,"href":"https:\/\/linitiative.ca\/International\/wp-json\/wp\/v2\/comments?post=107394"}],"version-history":[{"count":0,"href":"https:\/\/linitiative.ca\/International\/wp-json\/wp\/v2\/posts\/107394\/revisions"}],"wp:attachment":[{"href":"https:\/\/linitiative.ca\/International\/wp-json\/wp\/v2\/media?parent=107394"}],"wp:term":[{"taxonomy":"category","embeddable":true,"href":"https:\/\/linitiative.ca\/International\/wp-json\/wp\/v2\/categories?post=107394"},{"taxonomy":"post_tag","embeddable":true,"href":"https:\/\/linitiative.ca\/International\/wp-json\/wp\/v2\/tags?post=107394"}],"curies":[{"name":"wp","href":"https:\/\/api.w.org\/{rel}","templated":true}]}}