{"id":107395,"date":"2020-12-17T04:58:49","date_gmt":"2020-12-17T09:58:49","guid":{"rendered":"https:\/\/linitiative.ca\/International\/abderrahmane-hadef-consultant-dans-la-transformation-numerique-ce-que-nous-constatons-est-vraiment-inacceptable\/"},"modified":"2020-12-17T04:58:49","modified_gmt":"2020-12-17T09:58:49","slug":"abderrahmane-hadef-consultant-dans-la-transformation-numerique-ce-que-nous-constatons-est-vraiment-inacceptable","status":"publish","type":"post","link":"https:\/\/linitiative.ca\/International\/abderrahmane-hadef-consultant-dans-la-transformation-numerique-ce-que-nous-constatons-est-vraiment-inacceptable\/","title":{"rendered":"Abderrahmane Hadef.\u00a0Consultant dans la transformation num\u00e9rique : \u00abCe que nous constatons est vraiment inacceptable\u00bb"},"content":{"rendered":"<h4 class=\"title-14\"\/>\n<div class=\"featured_image\"><img loading=\"lazy\" decoding=\"async\" width=\"480\" height=\"336\" src=\"https:\/\/www.elwatan.com\/wp-content\/uploads\/2020\/12\/Abderrahmane-Hadef-e1608201424447.jpg\" class=\"attachment-post-thumbnail size-post-thumbnail wp-post-image\" alt=\"Abderrahmane Hadef.\u00a0Consultant dans la transformation num\u00e9rique\" srcset=\"https:\/\/www.elwatan.com\/wp-content\/uploads\/2020\/12\/Abderrahmane-Hadef-e1608201424447.jpg 480w, https:\/\/www.elwatan.com\/wp-content\/uploads\/2020\/12\/Abderrahmane-Hadef-e1608201424447-300x210.jpg 300w\" sizes=\"auto, (max-width: 480px) 100vw, 480px\"\/><\/div>\n<p class=\"p4\"><em><strong><span class=\"s4\">\u2013 Avec une connexion tr\u00e8s lente et un acc\u00e8s difficile \u00e0 certains sites, internet reste tr\u00e8s perturb\u00e9 en Alg\u00e9rie. Quelles en sont, selon vous, les raisons ?<\/span><\/strong><\/em><\/p>\n<p class=\"p4\"><span class=\"s4\">Ce que nous constatons en termes de qualit\u00e9 de service internet est vraiment inacceptable \u00e0 l\u2019\u00e8re de la transformation num\u00e9rique. L\u2019acc\u00e8s \u00e0 une connexion stable et de qualit\u00e9 devient un v\u0153u difficilement r\u00e9alisable.<\/span><\/p>\n<p class=\"p4\"><span class=\"s4\">La principale raison est directement et principalement li\u00e9e \u00e0 l\u2019organisation du march\u00e9 du service internet (pour la partie infrastructures du r\u00e9seau national), d\u00e9tenu majoritairement en amont par un op\u00e9rateur qui n\u2019arrive pas \u00e0 satisfaire une demande en permanente progression.<\/span><\/p>\n<p class=\"p4\"><span class=\"s4\">Malgr\u00e9 les investissements engag\u00e9s ces derni\u00e8res ann\u00e9es en termes d\u2019infrastructures et services, le r\u00e9seau national reste tr\u00e8s limit\u00e9 par rapport aux besoins et surtout aux d\u00e9fis \u00e0 venir.<\/span><\/p>\n<p class=\"p4\"><span class=\"s4\">Sachant que le r\u00e9seau national est majoritairement d\u00e9pendant du r\u00e9seau Sea-Me-We4 \u00e0 plus de 80% pour les besoins nationaux.<\/span><\/p>\n<p class=\"p4\"><span class=\"s4\">A cela, il faut ajouter la qualit\u00e9 de la commercialisation ainsi que les offres disponibles, que ce soit pour les professionnels ou les r\u00e9sidentiels. Au moment o\u00f9 l\u2019on parle \u00e0 travers le monde du tr\u00e8s haut d\u00e9bit et de la 5G et de leurs g\u00e9n\u00e9ralisations pour r\u00e9pondre aux besoins de la 4<sup>e<\/sup> r\u00e9volution industrielle, en Alg\u00e9rie, on a du mal \u00e0 disposer d\u2019une connexion stable.<\/span><\/p>\n<p class=\"p4\"><em><strong><span class=\"s4\">\u2013 Cette situation ne constitue-t-elle pas un frein \u00e0 la relance \u00e9conomique et \u00e0 l\u2019acc\u00e9l\u00e9ration de la num\u00e9risation de tous les secteurs, alors que sous d\u2019autres cieux, on parle d\u2019\u00abEtat num\u00e9rique\u00bb ?<\/span><\/strong><\/em><\/p>\n<p class=\"p4\"><span class=\"s4\">Bien \u00e9videmment qu\u2019elle devient une vraie contrainte pour les besoins de la transformation num\u00e9rique du pays \u00e0 diff\u00e9rents niveaux et dans tous les secteurs. Il est plus qu\u2019urgent de mettre fin \u00e0 cette situation qui devient pr\u00e9judiciable au d\u00e9veloppement du pays.<\/span><\/p>\n<p class=\"p4\"><span class=\"s4\">Je le dis souvent, qu\u2019apr\u00e8s la s\u00e9curit\u00e9 alimentaire et la s\u00e9curit\u00e9 \u00e9nerg\u00e9tique, la s\u00e9curit\u00e9 num\u00e9rique devient un enjeu majeur pour la souverainet\u00e9 des nations. Ainsi, nous devons acc\u00e9l\u00e9rer notre transition digitale et mettre tous les moyens pour r\u00e9unir les conditions pour son d\u00e9veloppement.<\/span><\/p>\n<p class=\"p4\"><span class=\"s4\">Pour cela, nous devons rapidement doter le pays d\u2019une vraie strat\u00e9gie de transformation num\u00e9rique, lancer \u00e0 tr\u00e8s court terme des investissements dans les infrastructures de base (extension et g\u00e9n\u00e9ralisation du r\u00e9seau de fibre optique, cr\u00e9ation de data center, etc.).<\/span><\/p>\n<p class=\"p4\"><span class=\"s4\">Parall\u00e8lement, il faut beaucoup investir dans la ressource humaine, seul gage pour la r\u00e9ussite de cette importante strat\u00e9gie. Enfin, il est plus que n\u00e9cessaire d\u2019ouvrir le march\u00e9 des services internet \u00e0 la concurrence, garante d\u2019une qualit\u00e9 de service am\u00e9lior\u00e9e et une comp\u00e9titivit\u00e9 permanente pour r\u00e9pondre efficacement aux besoins des utilisateurs.<\/span><\/p>\n<p class=\"p4\"><em><strong><span class=\"s4\">\u2013 En ces temps de pand\u00e9mie de covid-19, ne croyez-vous pas que cette situation va \u00e9largir davantage la fracture num\u00e9rique, surtout qu\u2019il y a un r\u00e9el besoin en termes de t\u00e9l\u00e9travail, t\u00e9l\u00e9-enseignement et paiement \u00e9lectronique ?<\/span><\/strong><\/em><\/p>\n<p class=\"p4\"><span class=\"s4\">La crise sanitaire de Covid-19 a eu un effet acc\u00e9l\u00e9rateur dans la mutation des \u00e9conomies mondiales \u00e0 travers l\u2019\u00e9mergence de nouveaux m\u00e9tiers et de nouvelles formes de travail, comme le t\u00e9l\u00e9travail (g\u00e9n\u00e9ralement relevant du secteur des services).<\/span><\/p>\n<p class=\"p4\"><span class=\"s4\">Aussi, cette pand\u00e9mie a grandement men\u00e9 les gens \u00e0 changer leurs habitudes de consommation en recourant aux moyens \u00e9lectroniques pour leurs transactions (e-paiement, clic &amp; collect, etc.).<\/span><\/p>\n<p class=\"p4\"><span class=\"s4\">On constate que cette mutation est largement d\u00e9pendante du num\u00e9rique qui prend de plus en plus une place pr\u00e9pond\u00e9rante dans la structuration des \u00e9conomies mondiales. Ainsi et selon certaines donn\u00e9es, l\u2019\u00e9conomie num\u00e9rique participe \u00e0 la cr\u00e9ation de plus de 60% de la valeur ajout\u00e9e \u00e0 travers le monde.<\/span><\/p>\n<p class=\"p4\"><span class=\"s4\">A titre d\u2019information aussi, on estime qu\u2019\u00e0 l\u2019horizon 2030, plus de 230 millions de postes d\u2019emploi seront cr\u00e9\u00e9s en Afrique dans le secteur du num\u00e9rique, n\u00e9cessitant un investissement de l\u2019ordre de 130 milliards de dollars.<\/span><\/p>\n<p class=\"p4\"><span class=\"s4\">L\u2019Alg\u00e9rie ne peut rester en marge de ces \u00e9volutions et doit se mettre de la partie pour s\u2019int\u00e9grer rapidement dans ce monde du num\u00e9rique. Elle doit prendre sa part de cette richesse cr\u00e9\u00e9e dans le monde et devenir un acteur \u00e0 moyen terme, du moins au niveau r\u00e9gional.<\/span><\/p>\n<p class=\"p4\"><em><strong><span class=\"s4\">\u2013 Le pr\u00e9sident de la R\u00e9publique en personne a hauss\u00e9 le ton, ordonnant, en ao\u00fbt dernier, au ministre de la Poste et des T\u00e9l\u00e9communications de mettre, imm\u00e9diatement, un terme au probl\u00e8me de la faiblesse du d\u00e9bit internet et d\u2019\u00e9laborer un rapport d\u00e9taill\u00e9 sur cette question. Apparemment, rien n\u2019a chang\u00e9. Est-ce un probl\u00e8me de mentalit\u00e9s ? De r\u00e9sistance au changement ?<\/span><\/strong><\/em><\/p>\n<p class=\"p4\"><span class=\"s4\">A mon avis, c\u2019est un probl\u00e8me \u00e0 la fois structurel et comportemental. Nous constatons avec regret un grand manque dans la prise de conscience sur l\u2019importance de la transformation num\u00e9rique pour notre pays, en l\u2019absence d\u2019une r\u00e9elle strat\u00e9gie clairement d\u00e9finie ayant pour objectif d\u2019asseoir les vrais fondements pour cette transformation et ainsi am\u00e9liorer la qualit\u00e9 du service public \u00e0 travers un meilleur syst\u00e8me de gouvernance et aussi permettre \u00e0 notre \u00e9conomie, qui se trouve en pleine p\u00e9riode de transition, de disposer d\u2019une infrastructure num\u00e9rique efficace et performante.<\/span><\/p>\n<p class=\"p4\"><span class=\"s4\">A cela, vient s\u2019ajouter le fait qu\u2019une partie des intervenants dans la mise en \u0153uvre du programme de travail du gouvernement et des d\u00e9cisions du pr\u00e9sident de la R\u00e9publique n\u2019arrivent pas \u00e0 admettre l\u2019importance et surtout l\u2019urgence \u00e0 ex\u00e9cuter les orientations et les instructions.<\/span><\/p>\n<p class=\"p4\"><span class=\"s4\">Ceci peut \u00eatre expliqu\u00e9 par une inad\u00e9quation en qualification \u00e0 un certain niveau du management, ce qui cr\u00e9e un comportement de r\u00e9sistance \u00e0 un \u00e9ventuel changement, per\u00e7u comme une menace pour les acquis personnels.<\/span><\/p>\n<p class=\"p4\"><span class=\"s4\">A cet effet, il est urgent de proc\u00e9der \u00e0 un recadrage global de notre vision vis-\u00e0-vis de la transformation num\u00e9rique en mettant les moyens humains et mat\u00e9riels n\u00e9cessaires, lib\u00e9rer l\u2019initiative pour la \u00ab<em>DZ-IT-GEN<\/em>\u00bb (la g\u00e9n\u00e9ration alg\u00e9rienne de la Tech).<\/span><\/p>\n<p class=\"p4\"><span class=\"s4\">Il s\u2019agit \u00e9galement d\u2019encourager la r\u00e9ussite \u00e0 travers un environnement favorable en levant toutes les contraintes r\u00e9glementaires et bureaucratiques, particuli\u00e8rement ce qui a trait \u00e0 la r\u00e9glementation des march\u00e9s publics, r\u00e9habiliter les p\u00f4les d\u2019excellences technologiques, \u00e0 l\u2019instar de ce qui \u00e9tait la ville de Boumerd\u00e8s entre les ann\u00e9es 1970 et 1990.<\/span><\/p>\n<p class=\"p4\"><span class=\"s4\">Et encourager les projets d\u2019investissement dans le domaine du num\u00e9rique, tels que la r\u00e9alisation des data centers, le cloud, les ISP, etc. En conclusion\u00a0: la transformation num\u00e9rique aujourd\u2019hui c\u2019est possible, demain, ce sera trop tard.<\/span><\/p>\n<p><span class=\"post-views-label\">Post Views:<\/span> <span class=\"post-views-count\">1\u00a0066<\/span><\/p>\n<div class=\"ichhar-moneytagnative c4\" id=\"ichhar-961031625\">\n<p>Advertisements<\/p>\n<\/div>\n<p><br class=\"c2\"\/><br class=\"c5\"\/><\/p>\n<p>Auteur: Anis Khecheba<br \/>\n<a href=\"https:\/\/www.elwatan.com\/edition\/actualite\/ce-que-nous-constatons-est-vraiment-inacceptable-17-12-2020\">Cliquez ici pour lire l&rsquo;article depuis sa source.<\/a><\/p>\n","protected":false},"excerpt":{"rendered":"<p>\u2013 Avec une connexion tr\u00e8s lente et un acc\u00e8s difficile \u00e0 certains sites, internet reste tr\u00e8s perturb\u00e9 en Alg\u00e9rie. Quelles en sont, selon vous, les raisons ? Ce que nous constatons en termes de qualit\u00e9 de service internet est vraiment inacceptable \u00e0 l\u2019\u00e8re de la transformation num\u00e9rique. L\u2019acc\u00e8s \u00e0 une connexion stable et de qualit\u00e9 [&hellip;]<\/p>\n","protected":false},"author":1743,"featured_media":0,"comment_status":"closed","ping_status":"closed","sticky":false,"template":"","format":"standard","meta":{"fifu_image_url":"https:\/\/www.elwatan.com\/wp-content\/uploads\/2020\/12\/Abderrahmane-Hadef-e1608201424447.jpg","fifu_image_alt":"Abderrahmane Hadef.\u00a0Consultant dans la transformation num\u00e9rique : \u00abCe que nous constatons est vraiment inacceptable\u00bb","footnotes":""},"categories":[73,53],"tags":[],"class_list":["post-107395","post","type-post","status-publish","format-standard","hentry","category-actualite","category-algerie"],"_links":{"self":[{"href":"https:\/\/linitiative.ca\/International\/wp-json\/wp\/v2\/posts\/107395","targetHints":{"allow":["GET"]}}],"collection":[{"href":"https:\/\/linitiative.ca\/International\/wp-json\/wp\/v2\/posts"}],"about":[{"href":"https:\/\/linitiative.ca\/International\/wp-json\/wp\/v2\/types\/post"}],"author":[{"embeddable":true,"href":"https:\/\/linitiative.ca\/International\/wp-json\/wp\/v2\/users\/1743"}],"replies":[{"embeddable":true,"href":"https:\/\/linitiative.ca\/International\/wp-json\/wp\/v2\/comments?post=107395"}],"version-history":[{"count":0,"href":"https:\/\/linitiative.ca\/International\/wp-json\/wp\/v2\/posts\/107395\/revisions"}],"wp:attachment":[{"href":"https:\/\/linitiative.ca\/International\/wp-json\/wp\/v2\/media?parent=107395"}],"wp:term":[{"taxonomy":"category","embeddable":true,"href":"https:\/\/linitiative.ca\/International\/wp-json\/wp\/v2\/categories?post=107395"},{"taxonomy":"post_tag","embeddable":true,"href":"https:\/\/linitiative.ca\/International\/wp-json\/wp\/v2\/tags?post=107395"}],"curies":[{"name":"wp","href":"https:\/\/api.w.org\/{rel}","templated":true}]}}