{"id":107396,"date":"2020-12-17T05:00:00","date_gmt":"2020-12-17T10:00:00","guid":{"rendered":"https:\/\/linitiative.ca\/International\/litiges-avec-les-fournisseurs-et-precarite-des-installations-menace-dun-black-out-de-linternet\/"},"modified":"2020-12-17T05:00:00","modified_gmt":"2020-12-17T10:00:00","slug":"litiges-avec-les-fournisseurs-et-precarite-des-installations-menace-dun-black-out-de-linternet","status":"publish","type":"post","link":"https:\/\/linitiative.ca\/International\/litiges-avec-les-fournisseurs-et-precarite-des-installations-menace-dun-black-out-de-linternet\/","title":{"rendered":"Litiges avec les fournisseurs et pr\u00e9carit\u00e9 des installations : Menace d\u2019un black-out de l\u2019internet"},"content":{"rendered":"<h4 class=\"title-14\"\/>\n<div class=\"featured_image\"><img loading=\"lazy\" decoding=\"async\" width=\"1200\" height=\"537\" src=\"https:\/\/www.elwatan.com\/wp-content\/uploads\/2020\/12\/UNEEEEEEEE-4.jpg\" class=\"attachment-post-thumbnail size-post-thumbnail wp-post-image\" alt=\"\" srcset=\"https:\/\/www.elwatan.com\/wp-content\/uploads\/2020\/12\/UNEEEEEEEE-4.jpg 1200w, https:\/\/www.elwatan.com\/wp-content\/uploads\/2020\/12\/UNEEEEEEEE-4-300x134.jpg 300w, https:\/\/www.elwatan.com\/wp-content\/uploads\/2020\/12\/UNEEEEEEEE-4-768x344.jpg 768w, https:\/\/www.elwatan.com\/wp-content\/uploads\/2020\/12\/UNEEEEEEEE-4-1024x458.jpg 1024w\" sizes=\"auto, (max-width: 1200px) 100vw, 1200px\"\/><\/div>\n<p class=\"p1\"><span class=\"s1\"><strong>L\u2019op\u00e9rateur \u00e9tranger r\u00e9clame la somme de plus de 11 millions de dollars de factures impay\u00e9es, et menace de suspendre ses services li\u00e9s au trafic d\u2019internet. Une affaire qui met \u00e0 mal Alg\u00e9rie T\u00e9l\u00e9com et montre la vuln\u00e9rabilit\u00e9 de son r\u00e9seau.<\/strong><\/span><\/p>\n<p class=\"p1\"><span class=\"s1\">En plus de l\u2019affaire li\u00e9e au partenariat avec la soci\u00e9t\u00e9 Mobilik, filiale du groupe des fr\u00e8res Kouninef, pour l\u2019installation de cabines t\u00e9l\u00e9phoniques Horia, l\u2019ex-ministre des Postes et T\u00e9l\u00e9communications, Houda Im\u00e8ne Feraoun, se retrouve mise en cause dans le contrat entre Alg\u00e9rie T\u00e9l\u00e9com et la soci\u00e9t\u00e9 PCCW Global, charg\u00e9e de l\u2019installation du c\u00e2ble sous-marin, connu sous le nom de Medex, objet d\u2019un lourd contentieux financier.<\/span><\/p>\n<p class=\"p3\">L<span class=\"s1\">\u2019ex-ministre de la Poste et des T\u00e9l\u00e9communications, Im\u00e8ne Houda Feraoun, est rattrap\u00e9e par l\u2019affaire opposant Alg\u00e9rie T\u00e9l\u00e9com \u00e0 l\u2019op\u00e9rateur PCCW Global, filiale du groupe Hong Kong Telecom, fournisseur mondial de services dans les t\u00e9l\u00e9communications, la transformation num\u00e9rique, ainsi que dans la gestion et la commercialisation des c\u00e2bles sous-marins, qui r\u00e9clame la somme de plus de 11 millions de dollars de factures impay\u00e9es et les dommages qu\u2019elles ont occasionn\u00e9s, en mena\u00e7ant depuis septembre dernier de suspendre ses services li\u00e9s au c\u00e2ble sous-marin Medex, mis en marche en f\u00e9vrier 2019.<\/span><\/p>\n<p class=\"p4\"><span class=\"s1\">PCCW Global avait mis en demeure Alg\u00e9rie T\u00e9l\u00e9com et saisi le Premier ministre, Abdelaziz Djerad, \u00e0 la fin du mois d\u2019ao\u00fbt dernier, sur ce contentieux qui met Alg\u00e9rie T\u00e9l\u00e9com face \u00e0 une d\u00e9gradation du trafic internet.<\/span><\/p>\n<p class=\"p4\"><span class=\"s1\">Comment en est-on arriv\u00e9 \u00e0 une telle situation\u00a0? Il faut savoir que ce c\u00e2ble sous-marin, appel\u00e9 Medex, r\u00e9alis\u00e9 dans le cadre d\u2019un \u00abpartenariat\u00bb par PCCW Global pour un montant de 32 millions de dollars et mis en service \u00e0 Annaba par l\u2019ex-ministre, Houda Im\u00e8ne Feraoun, en f\u00e9vrier 2019, devait permettre l\u2019augmentation des capacit\u00e9s et la gestion du flux internet de et vers l\u2019Alg\u00e9rie, mais aussi de la connexion des clients d\u2019Alg\u00e9rie T\u00e9l\u00e9com, aussi bien les particuliers que les soci\u00e9t\u00e9s.<\/span><\/p>\n<p class=\"p4\"><span class=\"s1\">Pour PCCW Global, ce partenariat, sign\u00e9 au mois de d\u00e9cembre 2017, visait le d\u00e9veloppement de l\u2019\u00e9conomie num\u00e9rique, pour faire de l\u2019Alg\u00e9rie, selon les d\u00e9clarations officielles, une destination de choix des investisseurs dans le domaine des TIC \u00e0 travers la construction, le d\u00e9ploiement et la mise en service d\u2019un nouveau syst\u00e8me de c\u00e2bles sous-marins Medex, reliant l\u2019Alg\u00e9rie aux Etats-Unis et \u00e0 l\u2019Asie \u00e0 travers la M\u00e9diterran\u00e9e, avec une capacit\u00e9 de d\u00e9part de 100 gigabits, pouvant aller jusqu\u2019\u00e0 2200 gigabits.<\/span><\/p>\n<p class=\"p4\"><span class=\"s1\">L\u2019objectif est de permettre \u00e0 l\u2019Alg\u00e9rie de s\u00e9curiser son trafic internet \u00e0 l\u2019interne et \u00e0 l\u2019international en cas de coupure de l\u2019unique c\u00e2ble sous-marin (Sea-Me-We4) qui la dessert, et de satisfaire la demande croissante de la bande passante internationale.<\/span><\/p>\n<p class=\"p4\"><span class=\"s1\">La r\u00e9ception du projet est intervenue \u00e0 la veille du mouvement de contestation populaire du 22 f\u00e9vrier 2019 contre le r\u00e9gime, le mettant en situation d\u2019incapacit\u00e9 de prendre une quelconque d\u00e9cision.<\/span><\/p>\n<p class=\"p4\"><span class=\"s1\">PCCW, et conform\u00e9ment aux dispositions contenues dans le contrat qui lie l\u2019op\u00e9rateur \u00e0 Alg\u00e9rie T\u00e9l\u00e9com,\u00a0 proc\u00e8de \u00e0 la facturation du montant reliquat du contrat pour un terme de r\u00e8glement de 90 jours.<\/span><\/p>\n<p class=\"p4\"><span class=\"s1\">Les factures s\u2019accumulent. Sept d\u2019entre elles sont arriv\u00e9es \u00e0 \u00e9ch\u00e9ance durant 2019 et quatre autres aux mois de janvier, avril et mai de l\u2019ann\u00e9e en cours.<\/span><\/p>\n<p class=\"p4\"><span class=\"s1\">Aucune n\u2019a \u00e9t\u00e9 pay\u00e9e, alors que les montants vont de 6,949 millions de dollars, \u00e0 77\u00a0976 de dollars, en passant par 1,807 million de dollars, 700\u00a0000 de dollars, 120\u00a0354 de dollars, 713\u00a0143 de dollars, 87\u00a0500 DA, etc., auxquels il faut ajouter des retards de paiement allant de 63 \u00e0 500 jours.<\/span><\/p>\n<p class=\"p4\"><span class=\"s1\">Les courriers adress\u00e9s en mars 2020 par PCCW Global \u00e0 Alg\u00e9rie T\u00e9l\u00e9com pour <em>\u00abd\u00e9bloquer le paiement des factures li\u00e9es au projet et au service de maintenance dans le cadre de l\u2019accord de partenariat avec le minist\u00e8re\u00bb<\/em> restent sans r\u00e9ponse.<\/span><\/p>\n<p class=\"p4\"><span class=\"s1\">Le 14 juillet dernier, PCCW Global notifie par \u00e9crit au premier responsable d\u2019Alg\u00e9rie T\u00e9l\u00e9com sa d\u00e9cision de suspendre les services li\u00e9s au Medex, en pr\u00e9cisant que ce retard de paiement lui a caus\u00e9 <em>\u00abune perte s\u00e8che de 5 millions de dinars, soit 435\u00a0000 de dollars, mais en d\u00e9pit de cela l\u2019entreprise n\u2019a pas appliqu\u00e9 les clauses contractuelles de d\u00e9faut de paiement\u00bb<\/em>.<\/span><\/p>\n<p class=\"p4\"><strong><span class=\"s1\">L\u2019op\u00e9rateur menace de suspendre le r\u00e9seau internet<\/span><\/strong><\/p>\n<p class=\"p5\"><span class=\"s1\">L\u2019op\u00e9rateur ajoute\u00a0: <em>\u00abNous souhaitons vivement \u00e9viter la suspension<\/em> (\u2026) <em>mais en l\u2019absence de confirmation de la date de paiement de toutes les factures ou d\u2019une r\u00e9ponse favorable dans les 48 heures \u00e0 compter de la date de ce courrier, nous sommes dans le regret de proc\u00e9der, le 17 juillet<span class=\"Apple-converted-space\">\u00a0<\/span> 2020 \u00e0 00:00, \u00e0 la suspension temporaire de tous les services li\u00e9s au Medex et nous r\u00e9tablirons le service et le transfert de propri\u00e9t\u00e9 d\u00e8s que ces paiements seront effectu\u00e9s.\u00bb<\/em><\/span><\/p>\n<p class=\"p4\"><span class=\"s1\">Une lettre qui provoque la panique et pousse les responsables d\u2019Alg\u00e9rie T\u00e9l\u00e9com \u00e0 arracher un d\u00e9lai de 21 jours pour r\u00e9gler ce contentieux. Mais, le 27 ao\u00fbt, PCCW Global adresse un courrier au Premier ministre, Abdelaziz Djerad.<\/span><\/p>\n<p class=\"p4\"><span class=\"s1\">Dans cette longue lettre, l\u2019op\u00e9rateur demande une <em>\u00abintervention\u00bb<\/em> pour <em>\u00abun r\u00e8glement \u00e0 l\u2019amiable, afin d\u2019\u00e9viter le recours aux dispositions contractuelles de suspension de service\u00bb<\/em>, en expliquant\u00a0: <em>\u00abNous avons volontairement soutenu les \u00e9quipes d\u2019Alg\u00e9rie T\u00e9l\u00e9com durant le confinement afin de l\u2019aider \u00e0 faire face \u00e0 la demande croissante en termes de capacit\u00e9 \u00e0 l\u2019international et mis \u00e0 sa disposition nos meilleurs experts pour travailler avec leurs homologues alg\u00e9riens et s\u00e9curiser ainsi une grande partie du trafic internet lors de la coupure du cable sous-marin Sea-Me-We4, le 4 avril 2020<\/em> (\u2026).<\/span><\/p>\n<p class=\"p4\"><span class=\"s1\"><em>Nos \u00e9quipes restent engag\u00e9es \u00e0 aider Alg\u00e9rie T\u00e9l\u00e9com \u00e0 faire face aux circonstances qui peuvent causer une d\u00e9gradation de service et engendrer une lenteur de d\u00e9bit internet pour les abonn\u00e9s et surtout en cette p\u00e9riode de pand\u00e9mie mondiale<\/em> (\u2026)<em>.<\/em><\/span><\/p>\n<p class=\"p4\"><span class=\"s1\"><em>Nous attirons votre attention qu\u2019\u00e0 partir du mois de septembre prochain, il est pr\u00e9vu de nouvelles coupures sur le c\u00e2ble sous-matin Sea-Me-We4, pour des travaux de maintenance similaires \u00e0 ceux d\u2019avril dernier, et nous souhaitons vivement le d\u00e9blocage de la situation<\/em> (\u2026) <em>qui nous permettra de prot\u00e9ger nos int\u00e9r\u00eats mutuels et d\u2019\u00e9viter une \u00e9ventuelle mise hors service simultan\u00e9e de deux c\u00e2bles sous-marins Medex et Sea-Me-We4, qui risque d\u2019impacter fortement le secteur de l\u2019\u00e9conomie de l\u2019Alg\u00e9rie.\u00bb<\/em><\/span><\/p>\n<p class=\"p4\"><span class=\"s1\">La lettre a atterri sur le bureau du Pr\u00e9sident, mais entre-temps, le r\u00e9seau internet a connu de graves coupures, ayant pouss\u00e9 ce dernier \u00e0 demander une enqu\u00eate. Avant que celle-ci n\u2019arrive \u00e0 terme, le chef de l\u2019Etat a \u00e9t\u00e9 \u00e9vacu\u00e9 \u00e0 l\u2019\u00e9tranger pour des raisons de sant\u00e9.<\/span><\/p>\n<p class=\"p4\"><span class=\"s1\">Les menaces de PCCW Global vont cependant susciter de nombreuses interrogations sur les conditions et les circonstances dans lesquelles cet op\u00e9rateur a obtenu le march\u00e9.<\/span><\/p>\n<p class=\"p4\"><span class=\"s1\">Beaucoup d\u2019experts trouvent le montant de 32 millions de dollars <em>\u00abexcessif\u00bb<\/em> pour une simple jonction avec le c\u00e2ble sous-marin international, alors que les autorit\u00e9s, et \u00e0 leur t\u00eate l\u2019ex-ministre Houda Feraoun, ont fait croire qu\u2019il s\u2019agissait de <em>\u00abconsolider la souverainet\u00e9 nationale en termes de t\u00e9l\u00e9communication \u00e0 travers un nouveau c\u00e2ble sous-marin\u00bb<\/em>.<\/span><\/p>\n<p class=\"p4\"><span class=\"s1\">Nos interlocuteurs s\u2019interrogent si les autorit\u00e9s ont bien \u00e9tudi\u00e9 ce partenariat qui touche \u00e0 la souverainet\u00e9 et \u00e0 la s\u00e9curit\u00e9 du r\u00e9seau de t\u00e9l\u00e9communication, aussi bien interne que celui qui nous lie au monde, et se demandent aussi si la commission de l\u2019Organe national de pr\u00e9vention et de lutte contre les d\u00e9lits li\u00e9s aux TIC (compos\u00e9 de nombreux repr\u00e9sentants de l\u2019Etat, dont celui du minist\u00e8re de la D\u00e9fense nationale), que dirigeait Boualem Boualem, l\u2019actuel conseiller du pr\u00e9sident Tebboune, et dont la mission est la veille \u00e9lectronique, c\u2019est-\u00e0-dire la surveillance des r\u00e9seaux de t\u00e9l\u00e9communication et d\u2019internet, a \u00e9valu\u00e9 les risques qui p\u00e8sent sur la s\u00e9curit\u00e9 du trafic qui passe par Medex.<\/span><\/p>\n<p class=\"p4\"><span class=\"s1\">M\u00eame si PCCW Global se trouve dans son droit de r\u00e9clamer le paiement de ses factures, cette affaire a mis \u00e0 mal Alg\u00e9rie T\u00e9l\u00e9com et montr\u00e9 la vuln\u00e9rabilit\u00e9 criante de son r\u00e9seau.<\/span><\/p>\n<p class=\"p4\"><span class=\"s1\">A qui incombe la responsabilit\u00e9\u00a0? C\u2019est au p\u00f4le financier de Sidi M\u2019hamed, \u00e0 Alger, devant lequel l\u2019ex-ministre Houda Feraoun a \u00e9t\u00e9 d\u00e9f\u00e9r\u00e9e<span class=\"Apple-converted-space\">\u00a0<\/span> et plac\u00e9e sous mandat de d\u00e9p\u00f4t, d\u2019apporter une r\u00e9ponse.<\/span><\/p>\n<p class=\"p4\"><span class=\"s1\">De son c\u00f4t\u00e9, Alg\u00e9rie T\u00e9l\u00e9com, que nous avions sollicit\u00e9e \u00e0 travers son service de communication, pour avoir sa version des faits, s\u2019est refus\u00e9e \u00e0 tout commentaire.\u00a0<\/span><\/p>\n<p><span class=\"post-views-label\">Post Views:<\/span> <span class=\"post-views-count\">6\u00a0280<\/span><\/p>\n<div class=\"ichhar-moneytagnative c4\" id=\"ichhar-1381821749\">\n<p>Advertisements<\/p>\n<\/div>\n<p><br class=\"c2\"\/><br class=\"c5\"\/><\/p>\n<p>Auteur: Anis Khecheba<br \/>\n<a href=\"https:\/\/www.elwatan.com\/a-la-une\/menace-dun-black-out-de-linternet-17-12-2020\">Cliquez ici pour lire l&rsquo;article depuis sa source.<\/a><\/p>\n","protected":false},"excerpt":{"rendered":"<p>L\u2019op\u00e9rateur \u00e9tranger r\u00e9clame la somme de plus de 11 millions de dollars de factures impay\u00e9es, et menace de suspendre ses services li\u00e9s au trafic d\u2019internet. Une affaire qui met \u00e0 mal Alg\u00e9rie T\u00e9l\u00e9com et montre la vuln\u00e9rabilit\u00e9 de son r\u00e9seau. En plus de l\u2019affaire li\u00e9e au partenariat avec la soci\u00e9t\u00e9 Mobilik, filiale du groupe des [&hellip;]<\/p>\n","protected":false},"author":1743,"featured_media":0,"comment_status":"closed","ping_status":"closed","sticky":false,"template":"","format":"standard","meta":{"fifu_image_url":"https:\/\/www.elwatan.com\/wp-content\/uploads\/2020\/12\/UNEEEEEEEE-4.jpg","fifu_image_alt":"Litiges avec les fournisseurs et pr\u00e9carit\u00e9 des installations : Menace d\u2019un black-out de l\u2019internet","footnotes":""},"categories":[73,53],"tags":[],"class_list":["post-107396","post","type-post","status-publish","format-standard","hentry","category-actualite","category-algerie"],"_links":{"self":[{"href":"https:\/\/linitiative.ca\/International\/wp-json\/wp\/v2\/posts\/107396","targetHints":{"allow":["GET"]}}],"collection":[{"href":"https:\/\/linitiative.ca\/International\/wp-json\/wp\/v2\/posts"}],"about":[{"href":"https:\/\/linitiative.ca\/International\/wp-json\/wp\/v2\/types\/post"}],"author":[{"embeddable":true,"href":"https:\/\/linitiative.ca\/International\/wp-json\/wp\/v2\/users\/1743"}],"replies":[{"embeddable":true,"href":"https:\/\/linitiative.ca\/International\/wp-json\/wp\/v2\/comments?post=107396"}],"version-history":[{"count":0,"href":"https:\/\/linitiative.ca\/International\/wp-json\/wp\/v2\/posts\/107396\/revisions"}],"wp:attachment":[{"href":"https:\/\/linitiative.ca\/International\/wp-json\/wp\/v2\/media?parent=107396"}],"wp:term":[{"taxonomy":"category","embeddable":true,"href":"https:\/\/linitiative.ca\/International\/wp-json\/wp\/v2\/categories?post=107396"},{"taxonomy":"post_tag","embeddable":true,"href":"https:\/\/linitiative.ca\/International\/wp-json\/wp\/v2\/tags?post=107396"}],"curies":[{"name":"wp","href":"https:\/\/api.w.org\/{rel}","templated":true}]}}