{"id":107399,"date":"2020-12-17T07:09:00","date_gmt":"2020-12-17T12:09:00","guid":{"rendered":"https:\/\/linitiative.ca\/International\/deces-du-professeur-abdelwahab-bouhdiba-lun-des-pionniers-de-la-sociologie-tunisienne\/"},"modified":"2020-12-17T07:09:00","modified_gmt":"2020-12-17T12:09:00","slug":"deces-du-professeur-abdelwahab-bouhdiba-lun-des-pionniers-de-la-sociologie-tunisienne","status":"publish","type":"post","link":"https:\/\/linitiative.ca\/International\/deces-du-professeur-abdelwahab-bouhdiba-lun-des-pionniers-de-la-sociologie-tunisienne\/","title":{"rendered":"D\u00e9c\u00e8s du professeur Abdelwahab Bouhdiba, l&rsquo;un des pionniers de la sociologie tunisienne"},"content":{"rendered":"<p>L&rsquo;un des pionniers de la sociologie tunisienne, Abdelwahab Bouhdiba s&rsquo;est \u00e9teint ce jeudi 17 d\u00e9cembre. Il \u00e9tait \u00e2g\u00e9 de 88 ans.<\/p>\n<p>N\u00e9 en 1932 \u00e0 Kairouan, il avait fait ses \u00e9tudes au coll\u00e8ge Sadiki, au Lyc\u00e9e parisien de Janson-de-Sailly puis \u00e0 la Sorbonne, \u00e9tudes qui ont \u00e9t\u00e9 couronn\u00e9es en 1959 par une agr\u00e9gation de philosophie\u00a0 et un doctorat d&rsquo;Etat avec une th\u00e8se intitul\u00e9e \u00ab\u00a0Islam et sexualit\u00e9\u00a0\u00bb.<\/p>\n<p>Professeur \u00e9m\u00e9rite de l&rsquo;universit\u00e9 de Tunis, il a \u00e9t\u00e9 directeur du CERES de Tunis pendant 20 ans (1972-1992) et DGA de l&rsquo;Alecso entre 1991 et 1994.<\/p>\n<p>Auteur:<br \/>\n<a href=\"https:\/\/www.leaders.com.tn\/article\/31114-deces-du-professeur-abdelwahab-bouhdiba-pionnier-de-la-sociologie-tunisienne\">Cliquez ici pour lire l&rsquo;article depuis sa source.<\/a><\/p>\n","protected":false},"excerpt":{"rendered":"<p>L&rsquo;un des pionniers de la sociologie tunisienne, Abdelwahab Bouhdiba s&rsquo;est \u00e9teint ce jeudi 17 d\u00e9cembre. Il \u00e9tait \u00e2g\u00e9 de 88 ans. N\u00e9 en 1932 \u00e0 Kairouan, il avait fait ses \u00e9tudes au coll\u00e8ge Sadiki, au Lyc\u00e9e parisien de Janson-de-Sailly puis \u00e0 la Sorbonne, \u00e9tudes qui ont \u00e9t\u00e9 couronn\u00e9es en 1959 par une agr\u00e9gation de philosophie\u00a0 [&hellip;]<\/p>\n","protected":false},"author":1772,"featured_media":0,"comment_status":"closed","ping_status":"closed","sticky":false,"template":"","format":"standard","meta":{"fifu_image_url":"","fifu_image_alt":"","footnotes":""},"categories":[73,55],"tags":[],"class_list":["post-107399","post","type-post","status-publish","format-standard","hentry","category-actualite","category-tunisie"],"_links":{"self":[{"href":"https:\/\/linitiative.ca\/International\/wp-json\/wp\/v2\/posts\/107399","targetHints":{"allow":["GET"]}}],"collection":[{"href":"https:\/\/linitiative.ca\/International\/wp-json\/wp\/v2\/posts"}],"about":[{"href":"https:\/\/linitiative.ca\/International\/wp-json\/wp\/v2\/types\/post"}],"author":[{"embeddable":true,"href":"https:\/\/linitiative.ca\/International\/wp-json\/wp\/v2\/users\/1772"}],"replies":[{"embeddable":true,"href":"https:\/\/linitiative.ca\/International\/wp-json\/wp\/v2\/comments?post=107399"}],"version-history":[{"count":0,"href":"https:\/\/linitiative.ca\/International\/wp-json\/wp\/v2\/posts\/107399\/revisions"}],"wp:attachment":[{"href":"https:\/\/linitiative.ca\/International\/wp-json\/wp\/v2\/media?parent=107399"}],"wp:term":[{"taxonomy":"category","embeddable":true,"href":"https:\/\/linitiative.ca\/International\/wp-json\/wp\/v2\/categories?post=107399"},{"taxonomy":"post_tag","embeddable":true,"href":"https:\/\/linitiative.ca\/International\/wp-json\/wp\/v2\/tags?post=107399"}],"curies":[{"name":"wp","href":"https:\/\/api.w.org\/{rel}","templated":true}]}}