{"id":107401,"date":"2020-12-17T13:33:00","date_gmt":"2020-12-17T18:33:00","guid":{"rendered":"https:\/\/linitiative.ca\/International\/il-faut-sauver-lhopital-public-la-cnam-et-la-pharmacie-centrale\/"},"modified":"2020-12-17T13:33:00","modified_gmt":"2020-12-17T18:33:00","slug":"il-faut-sauver-lhopital-public-la-cnam-et-la-pharmacie-centrale","status":"publish","type":"post","link":"https:\/\/linitiative.ca\/International\/il-faut-sauver-lhopital-public-la-cnam-et-la-pharmacie-centrale\/","title":{"rendered":"Il faut sauver l\u2019h\u00f4pital public, la Cnam et la Pharmacie centrale"},"content":{"rendered":"<p>Longtemps promise, la mise \u00e0 niveau des structures hospitali\u00e8res, ainsi que le renflouement de la Cnam et la restructuration de la Pharmacie centrale, exigent une forte d\u00e9termination, une nouvelle vision et des moyens que rien ne saurait bloquer ou retarder. Le ministre de la Sant\u00e9 en fait son projet qu\u2019il prend \u00e0 bras-le-corps.<\/p>\n<p>\u00abSi nous voulons assurer aux Tunisiens les soins de sant\u00e9 qu\u2019ils sont en droit d\u2019obtenir, affirme-t-il, nous devons r\u00e9habiliter les diff\u00e9rents maillons de la cha\u00eene. Sans omettre d\u2019octroyer les motivations n\u00e9cessaires au personnel m\u00e9dical et param\u00e9dical ainsi qu\u2019\u00e0 toutes les autres cat\u00e9gories de personnel, et agir afin de limiter les d\u00e9parts \u00e0 l\u2019\u00e9tranger et, pourquoi pas, inciter des partants \u00e0 retourner au pays.\u00bb<\/p>\n<p>Le d\u00e9cret gouvernemental n\u00b0 2019-383 du 17 avril 2019 fixant les domaines d\u2019intervention du fonds de soutien de la sant\u00e9 publique, les modalit\u00e9s et les crit\u00e8res de r\u00e9partition de ses ressources, vient \u00e0 point nomm\u00e9.<\/p>\n<p>Il faut reconna\u00eetre que l\u2019\u00e9tat des lieux est pr\u00e9occupant, poursuit-il. Il n\u2019y pas que la question financi\u00e8re, qui demeure centrale, mais tant d\u2019autres aspects requi\u00e8rent toute notre attention. Il s\u2019agit de la gouvernance, de l\u2019organisation, des modes op\u00e9ratoires, de la formation et des syst\u00e8mes d\u2019information. Une m\u00e9decine orient\u00e9e sant\u00e9 et bien-\u00eatre, garantissant \u00e0 tout un chacun une couverture sant\u00e9 universelle sans discrimination d\u2019aucun type, \u00e0 travers un paquet de services essentiels. C\u2019est une question de vies humaines, mais aussi de dignit\u00e9.<\/p>\n<p>Pour la Cnam, une refonte profonde du syst\u00e8me des assurances maladies lui sera b\u00e9n\u00e9fique. En attendant son \u00e9laboration, son adoption consensuelle et sa mise en \u0153uvre, l\u2019urgence est \u00e0 l\u2019assainissement, une fois pour toutes, de ses finances. Il y a un grand effort \u00e0 consentir. Nous nous y engageons.<\/p>\n<p>Une approche similaire m\u00e9rite d\u2019\u00eatre adopt\u00e9e pour la PCT, dans une approche globale. Il est clair que la situation actuelle, p\u00e9nalisante pour tous, ne saurait perdurer encore longtemps. A un moment o\u00f9 l\u2019autre, il va falloir trancher. Ce moment est \u00e0 pr\u00e9sent venu.\u00bb<\/p>\n<p><strong>Lire aussi<\/strong><\/p>\n<p><a href=\"https:\/\/www.leaders.com.tn\/article\/31102-telemedecine-bientot-le-coup-d-envoi\" target=\"_blank\" rel=\"noopener\">T\u00e9l\u00e9m\u00e9decine : bient\u00f4t le coup d&rsquo;envoi<\/a><\/p>\n<p><a href=\"https:\/\/www.leaders.com.tn\/article\/31029-sante-la-course-au-vaccin-la-tunisie-est-elle-prete\" target=\"_blank\" rel=\"noopener\">La Tunisie est-elle pr\u00eate ?<\/a><\/p>\n<p><a href=\"https:\/\/www.leaders.com.tn\/article\/31046-les-revelations-du-dr-faouzi-mehdi-ministre-de-la-sante-nous-sommes-fin-prets-pour-engager-la-vaccination\" target=\"_blank\" rel=\"noopener\">Les r\u00e9v\u00e9lations du ministre de la Sant\u00e9, Dr Faouzi Mehdi<\/a><\/p>\n<p><a href=\"https:\/\/www.leaders.com.tn\/article\/31064-pr-hachemi-louzir-directeur-general-de-l-institut-pasteur-de-tunis-nous-sommes-en-contacts-etroits-avec-les-labos-et-le-covax\" target=\"_blank\" rel=\"noopener\">Pr Hachemi Louzir, directeur g\u00e9n\u00e9ral de l\u2019Institut Pasteur de Tunis: Nous sommes en contacts \u00e9troits avec les labos et le Covax<\/a><\/p>\n<p><a href=\"https:\/\/www.leaders.com.tn\/article\/31078-amor-toumi-la-problematique-des-vaccins-contre-le-covid-19\" target=\"_blank\" rel=\"noopener\">Amor Toumi: La probl\u00e9matique des vaccins contre le Covid-19<\/a><\/p>\n<p>Auteur:<br \/>\n<a href=\"https:\/\/www.leaders.com.tn\/article\/31116-il-faut-sauver-l-hopital-public-la-cnam-et-la-pharmacie-centrale\">Cliquez ici pour lire l&rsquo;article depuis sa source.<\/a><\/p>\n","protected":false},"excerpt":{"rendered":"<p>Longtemps promise, la mise \u00e0 niveau des structures hospitali\u00e8res, ainsi que le renflouement de la Cnam et la restructuration de la Pharmacie centrale, exigent une forte d\u00e9termination, une nouvelle vision et des moyens que rien ne saurait bloquer ou retarder. Le ministre de la Sant\u00e9 en fait son projet qu\u2019il prend \u00e0 bras-le-corps. \u00abSi nous [&hellip;]<\/p>\n","protected":false},"author":1772,"featured_media":0,"comment_status":"closed","ping_status":"closed","sticky":false,"template":"","format":"standard","meta":{"fifu_image_url":"","fifu_image_alt":"","footnotes":""},"categories":[73,55],"tags":[],"class_list":["post-107401","post","type-post","status-publish","format-standard","hentry","category-actualite","category-tunisie"],"_links":{"self":[{"href":"https:\/\/linitiative.ca\/International\/wp-json\/wp\/v2\/posts\/107401","targetHints":{"allow":["GET"]}}],"collection":[{"href":"https:\/\/linitiative.ca\/International\/wp-json\/wp\/v2\/posts"}],"about":[{"href":"https:\/\/linitiative.ca\/International\/wp-json\/wp\/v2\/types\/post"}],"author":[{"embeddable":true,"href":"https:\/\/linitiative.ca\/International\/wp-json\/wp\/v2\/users\/1772"}],"replies":[{"embeddable":true,"href":"https:\/\/linitiative.ca\/International\/wp-json\/wp\/v2\/comments?post=107401"}],"version-history":[{"count":0,"href":"https:\/\/linitiative.ca\/International\/wp-json\/wp\/v2\/posts\/107401\/revisions"}],"wp:attachment":[{"href":"https:\/\/linitiative.ca\/International\/wp-json\/wp\/v2\/media?parent=107401"}],"wp:term":[{"taxonomy":"category","embeddable":true,"href":"https:\/\/linitiative.ca\/International\/wp-json\/wp\/v2\/categories?post=107401"},{"taxonomy":"post_tag","embeddable":true,"href":"https:\/\/linitiative.ca\/International\/wp-json\/wp\/v2\/tags?post=107401"}],"curies":[{"name":"wp","href":"https:\/\/api.w.org\/{rel}","templated":true}]}}