{"id":107404,"date":"2020-12-17T13:23:59","date_gmt":"2020-12-17T18:23:59","guid":{"rendered":"https:\/\/linitiative.ca\/International\/ifc-accorde-un-financement-de-30-millions-de-dollars-a-la-region-fes-meknes\/"},"modified":"2020-12-17T13:23:59","modified_gmt":"2020-12-17T18:23:59","slug":"ifc-accorde-un-financement-de-30-millions-de-dollars-a-la-region-fes-meknes","status":"publish","type":"post","link":"https:\/\/linitiative.ca\/International\/ifc-accorde-un-financement-de-30-millions-de-dollars-a-la-region-fes-meknes\/","title":{"rendered":"IFC accorde un financement de 30 millions de dollars \u00e0 la r\u00e9gion F\u00e8s-Mekn\u00e8s"},"content":{"rendered":"<p><strong>Apr\u00e8s avoir fait le premier pas en janvier dernier avec la r\u00e9gion de Casablanca-Settat, IFC acc\u00e9l\u00e8re le rythme de son soutien aux r\u00e9gions marocaines. L\u2019institution, membre du groupe de la Banque mondiale, a, en effet, sign\u00e9 le 17 d\u00e9cembre, un accord de financement avec la R\u00e9gion F\u00e8s-Mekn\u00e8s.<\/strong><\/p>\n<div class=\"c10\"\/>\n<p>Il s\u2019agit d\u2019un financement consistant en un pr\u00eat de 30 millions de dollars et vise \u00e0 am\u00e9liorer le r\u00e9seau routier rural de la r\u00e9gion afin de soutenir le d\u00e9veloppement \u00e9conomique r\u00e9gional en luttant contre les disparit\u00e9s territoriales et en permettant aux habitants de localit\u00e9s enclav\u00e9es d\u2019acc\u00e9der plus facilement aux emplois et aux services sociaux. Soulignons que cette la R\u00e9gion F\u00e8s-Mekn\u00e8s est l\u2019une des r\u00e9gions les plus dynamiques du royaume, avec une \u00e9conomie principalement orient\u00e9e sur les secteurs de l\u2019agriculture, du textile, de l\u2019artisanat et du tourisme. Il est \u00e0 noter aussi que le financement sera utilis\u00e9 par les communes de la r\u00e9gion pour s\u2019approvisionner en \u00e9quipements et mat\u00e9riel de st\u00e9rilisation afin de d\u00e9sinfecter les lieux publics et ainsi lutter contre la propagation du Covid-19.<\/p>\n<p><strong>Lire aussi| <a href=\"https:\/\/www.challenge.ma\/achraf-el-boustani-directeur-general-de-ford-afrique-direct-markets-notre-distributeur-scama-auto-hall-a-bien-reagi-pour-accompagner-la-reprise-169182\/\">Achraf El Boustani, Directeur G\u00e9n\u00e9ral de Ford Afrique \u2013 Direct Markets : \u00ab Notre distributeur Scama-Auto Hall a bien r\u00e9agi pour accompagner la reprise \u00bb<\/a><\/strong><\/p>\n<p>\u00ab C\u2019est ind\u00e9niablement gr\u00e2ce \u00e0 la connaissance des r\u00e9alit\u00e9s marocaines par l\u2019\u00e9quipe de la Soci\u00e9t\u00e9 Financi\u00e8re Internationale et \u00e0 son sens de l\u2019\u00e9coute que nous avons pu arriver \u00e0 cette conclusion heureuse \u00bb, a soulign\u00e9 Mohand Laenser, Pr\u00e9sident du conseil de la R\u00e9gion F\u00e8s-Mekn\u00e8s. \u00ab \u00a0Nous sommes heureux d\u2019aider la R\u00e9gion F\u00e8s-Mekn\u00e8s \u00e0 acc\u00e9der \u00e0 des m\u00e9canismes de financement innovants pour favoriser le d\u00e9veloppement des territoires ruraux et lutter contre la crise du Covid-19. Le d\u00e9veloppement d\u2019un solide r\u00e9seau routier rural est essentiel pour lutter contre l\u2019enclavement et soutenir la reprise \u00e9conomique \u00bb, a, pour sa part, assur\u00e9 Xavier Reille, Directeur d\u2019IFC pour le Maroc, la Tunisie et l\u2019Alg\u00e9rie.<\/p>\n<p><strong>Lire aussi| <a href=\"Innovation:%20l%E2%80%99ANP%20et%20Portnet%20SA%20lancent%20le%201er%20Hackathon%20digital%20du%20secteur%20portuaire\">Innovation: l\u2019ANP et Portnet SA lancent le 1er Hackathon digital du secteur portuaire<\/a><\/strong><\/p>\n<p>Force est de remarquer que ce pr\u00eat est le second financement commercial sans garantie souveraine accord\u00e9 par IFC \u00e0 une collectivit\u00e9 territoriale marocaine apr\u00e8s celui de la R\u00e9gion Casablanca-Settat en d\u00e9but d\u2019ann\u00e9e. Notons aussi que le partenariat s\u2019inscrit aussi dans le cadre plus large du programme du groupe de la Banque mondiale pour soutenir le d\u00e9veloppement local et accompagner le processus de r\u00e9gionalisation avanc\u00e9e au Maroc. Ainsi, le soutien d\u2019IFC, dans ce sens, comprend des projets d\u2019assistance technique et des appuis pour le d\u00e9veloppement de partenariats public-priv\u00e9 (PPP). Aussi,\u00a0 l\u2019investissement d\u2019IFC s\u2019accompagne-t-il d\u2019un programme d\u2019assistance technique pour aider la R\u00e9gion F\u00e8s-Mekn\u00e8s \u00e0 d\u00e9velopper et moderniser ses infrastructures routi\u00e8res rurales selon les meilleurs standards en mati\u00e8re environnementale et sociale, et \u00e0 s\u2019assurer que ces infrastructures soient entretenues de mani\u00e8re ad\u00e9quate et ainsi permettre leur utilisation sur le long terme.<\/p>\n<p>Auteur: challenge<br \/>\n<a href=\"https:\/\/www.challenge.ma\/ifc-accorde-un-financement-de-30-millions-de-dollars-a-la-region-fes-meknes-169262\/\">Cliquez ici pour lire l&rsquo;article depuis sa source.<\/a><\/p>\n","protected":false},"excerpt":{"rendered":"<p>Apr\u00e8s avoir fait le premier pas en janvier dernier avec la r\u00e9gion de Casablanca-Settat, IFC acc\u00e9l\u00e8re le rythme de son soutien aux r\u00e9gions marocaines. L\u2019institution, membre du groupe de la Banque mondiale, a, en effet, sign\u00e9 le 17 d\u00e9cembre, un accord de financement avec la R\u00e9gion F\u00e8s-Mekn\u00e8s. Il s\u2019agit d\u2019un financement consistant en un pr\u00eat [&hellip;]<\/p>\n","protected":false},"author":1787,"featured_media":0,"comment_status":"closed","ping_status":"closed","sticky":false,"template":"","format":"standard","meta":{"fifu_image_url":"","fifu_image_alt":"","footnotes":""},"categories":[78,54],"tags":[],"class_list":["post-107404","post","type-post","status-publish","format-standard","hentry","category-economie","category-maroc"],"_links":{"self":[{"href":"https:\/\/linitiative.ca\/International\/wp-json\/wp\/v2\/posts\/107404","targetHints":{"allow":["GET"]}}],"collection":[{"href":"https:\/\/linitiative.ca\/International\/wp-json\/wp\/v2\/posts"}],"about":[{"href":"https:\/\/linitiative.ca\/International\/wp-json\/wp\/v2\/types\/post"}],"author":[{"embeddable":true,"href":"https:\/\/linitiative.ca\/International\/wp-json\/wp\/v2\/users\/1787"}],"replies":[{"embeddable":true,"href":"https:\/\/linitiative.ca\/International\/wp-json\/wp\/v2\/comments?post=107404"}],"version-history":[{"count":0,"href":"https:\/\/linitiative.ca\/International\/wp-json\/wp\/v2\/posts\/107404\/revisions"}],"wp:attachment":[{"href":"https:\/\/linitiative.ca\/International\/wp-json\/wp\/v2\/media?parent=107404"}],"wp:term":[{"taxonomy":"category","embeddable":true,"href":"https:\/\/linitiative.ca\/International\/wp-json\/wp\/v2\/categories?post=107404"},{"taxonomy":"post_tag","embeddable":true,"href":"https:\/\/linitiative.ca\/International\/wp-json\/wp\/v2\/tags?post=107404"}],"curies":[{"name":"wp","href":"https:\/\/api.w.org\/{rel}","templated":true}]}}