{"id":107405,"date":"2020-12-17T16:37:38","date_gmt":"2020-12-17T21:37:38","guid":{"rendered":"https:\/\/linitiative.ca\/International\/tunisie-a-quelque-chose-malheur-est-bon-la-maladresse-du-ministre-de-la-sante-a-fini-par-etre-payante\/"},"modified":"2020-12-17T16:37:38","modified_gmt":"2020-12-17T21:37:38","slug":"tunisie-a-quelque-chose-malheur-est-bon-la-maladresse-du-ministre-de-la-sante-a-fini-par-etre-payante","status":"publish","type":"post","link":"https:\/\/linitiative.ca\/International\/tunisie-a-quelque-chose-malheur-est-bon-la-maladresse-du-ministre-de-la-sante-a-fini-par-etre-payante\/","title":{"rendered":"Tunisie \u2013 A quelque chose malheur est bon\u00a0: La maladresse du ministre de la sant\u00e9 a fini par \u00eatre payante"},"content":{"rendered":"<div class=\"post-cont-in left relative\">\n<div id=\"post-info-wrap\" class=\"left relative post-info-out\">\n<div class=\"post-info-img left relative\"><img loading=\"lazy\" decoding=\"async\" alt=\"\" src=\"https:\/\/secure.gravatar.com\/avatar\/96253f4a657b482a18e837c1252096c2?s=50&amp;d=mm&amp;r=g\" srcset=\"https:\/\/secure.gravatar.com\/avatar\/96253f4a657b482a18e837c1252096c2?s=100&amp;d=mm&amp;r=g 2x\" class=\"avatar avatar-50 photo\" height=\"50\" width=\"50\"\/><\/div>\n<div class=\"post-info-in\">\n<div class=\"post-info-right left relative post-info-name left relative\"><span><span class=\"post-info-text\">Par<\/span> <span class=\"author-name vcard fn author\"><a href=\"https:\/\/www.tunisienumerique.com\/author\/saber\/\" title=\"Articles par Saber .\" rel=\"author\">Saber .<\/a><\/span><\/span> <span class=\"post-date updated\"><time class=\"post-date updated\" datetime=\"2020-12-17\">\u00a0| Il y a 22 minutes<\/time><\/span><\/div>\n<div class=\"left relative\"><button id=\"listenButton1\" class=\"responsivevoice-button\" type=\"button\" value=\"Play\" title=\"&#xC9;coutez l'article\"><span>\ud83d\udd0a \u00c9coutez l&rsquo;article<\/span><\/button> <\/div>\n<\/div>\n<\/div>\n<p>Le brillantissime ministre de la Sant\u00e9 aura r\u00e9ussi, involontairement et en grande partie gr\u00e2ce \u00e0 son incomp\u00e9tence, \u00e0 rendre un fier service \u00e0 la Tunisie et aux tunisiens, dans la gestion de la crise de la Covid.<\/p>\n<div class=\"code-block code-block-1 c4\"><ins class=\"adsbygoogle c3\" data-ad-layout=\"in-article\" data-ad-format=\"fluid\" data-ad-client=\"ca-pub-2102118777505746\" data-ad-slot=\"7301775417\"\/> <\/div>\n<p>Il a, en effet, \u00e9t\u00e9 incapable de mettre, dans l\u2019imm\u00e9diat, \u00e0 la disposition des tunisiens, les quantit\u00e9s de vaccin anti Covid n\u00e9cessaires pour immuniser la population. Or, cette op\u00e9ration de vaccination est n\u00e9cessaire pour \u00e9pargner \u00e0 la Tunisie les contraintes du confinement et autres mesures restrictives qui ont \u00e9touff\u00e9 le pays et son \u00e9conomie.<\/p>\n<p>Pour une fois et tr\u00e8s certainement, de mani\u00e8re involontaire, le ministre de la Sant\u00e9 a pu r\u00e9aliser une action b\u00e9n\u00e9fique aux tunisiens, dans cette crise qu\u2019il a g\u00e9r\u00e9 de mani\u00e8re catastrophique, avec l\u2019aide de son \u00e9quipe tout aussi brillante que lui.<\/p>\n<p>Pour une fois, l\u2019un des innombrables retards dus \u00e0 sa lamentable lenteur de r\u00e9action, va pouvoir \u00eatre, en quelque sorte, b\u00e9n\u00e9fique au tunisien. En effet, avec pr\u00e8s de six mois de retard pour la livraison des vaccins \u00e0 la Tunisie, par rapport aux autres pays, dont certains ont d\u00e9j\u00e0 entam\u00e9 leurs campagnes de vaccination, la Tunisie laiss\u00e9e ainsi, \u00e0 la traine, va pouvoir profiter de la maladresse de ses dirigeants et pouvoir se donner un r\u00e9pit pour \u00ab voir venir \u00bb.<\/p>\n<p>En effet, on a commenc\u00e9 \u00e0 entendre parler, par-ci, par l\u00e0, de l\u2019apparition de certains effets ind\u00e9sirables de ces vaccins nouvellement con\u00e7us et fabriqu\u00e9s. La communaut\u00e9 internationale n\u2019ayant pas eu le temps de tester plus en profondeur ce produit, devant l\u2019urgence de la situation, pour pouvoir \u00eatre sure de son innocuit\u00e9.<\/p>\n<p>Gr\u00e2ce \u00e0 la \u00ab comp\u00e9tence \u00bb de son ministre de la Sant\u00e9, hors pair, la Tunisie va pouvoir \u00ab se donner \u00bb un d\u00e9lai suppl\u00e9mentaire de six mois, pour \u00e9valuer les r\u00e9sultats et les d\u00e9sagr\u00e9ments de ce vaccin qui, pour une fois, sera test\u00e9 sur les citoyens des pays riches, avant de pouvoir \u00eatre distribu\u00e9 dans le tiers monde dont la Tunisie fait, d\u00e9sormais, partie !<\/p>\n<div class=\"swp_social_panel swp_horizontal_panel swp_flat_fresh swp_default_full_color swp_individual_full_color swp_other_full_color scale-100 scale-\" data-min-width=\"1100\" data-float-color=\"#ffffff\" data-float=\"bottom\" data-float-mobile=\"bottom\" data-transition=\"slide\">\n<div class=\"nc_tweetContainer swp_share_button total_shares total_sharesalt\"><span class=\"swp_count\">4 <span class=\"swp_label\">Partages<\/span><\/span><\/div>\n<\/div>\n<p><strong>Que se passe-t-il en Tunisie?<\/strong><br \/>Nous expliquons sur notre <a href=\"https:\/\/www.youtube.com\/channel\/UCRzypVq0B_yBad5eGrwBx0Q?sub_confirmation=1\" target=\"_blank\" rel=\"noopener\">cha\u00eene YouTube<\/a> . <a href=\"https:\/\/www.youtube.com\/channel\/UCRzypVq0B_yBad5eGrwBx0Q?sub_confirmation=1\" target=\"_blank\" rel=\"noopener\">Abonnez-vous!<\/a><\/p>\n<div class=\"mvp-org-wrap mvp-org-logo\" itemprop=\"publisher\"><img decoding=\"async\" src=\"https:\/\/www.tunisienumerique.com\/wp-content\/uploads\/2017\/02\/logo_tunisie_numerique.png\"\/><\/div>\n<div class=\"mvp-related-posts left relative\">\n<h4 class=\"post-header\"><span class=\"post-header\">Lire aussi<\/span><\/h4>\n<\/div>\n<div id=\"article-ad\"><ins class=\"adsbygoogle c5\" data-ad-client=\"ca-pub-2102118777505746\" data-ad-slot=\"6513972734\" data-ad-format=\"auto\" data-full-width-responsive=\"true\"\/> <\/div>\n<\/div>\n<div id=\"post-sidebar-wrap\"><ins class=\"adsbygoogle c5\" data-ad-client=\"ca-pub-2102118777505746\" data-ad-slot=\"6168283410\" data-ad-format=\"auto\" data-full-width-responsive=\"true\"\/> <\/div>\n<p>Auteur: Saber .<br \/>\n<a href=\"https:\/\/www.tunisienumerique.com\/tunisie-a-quelque-chose-malheur-est-bon-la-maladresse-du-ministre-de-la-sante-a-fini-par-etre-payante\/\">Cliquez ici pour lire l&rsquo;article depuis sa source.<\/a><\/p>\n","protected":false},"excerpt":{"rendered":"<p>Par Saber . \u00a0| Il y a 22 minutes \ud83d\udd0a \u00c9coutez l&rsquo;article Le brillantissime ministre de la Sant\u00e9 aura r\u00e9ussi, involontairement et en grande partie gr\u00e2ce \u00e0 son incomp\u00e9tence, \u00e0 rendre un fier service \u00e0 la Tunisie et aux tunisiens, dans la gestion de la crise de la Covid. Il a, en effet, \u00e9t\u00e9 incapable [&hellip;]<\/p>\n","protected":false},"author":1789,"featured_media":0,"comment_status":"closed","ping_status":"closed","sticky":false,"template":"","format":"standard","meta":{"fifu_image_url":"https:\/\/secure.gravatar.com\/avatar\/96253f4a657b482a18e837c1252096c2?s=50&d=mm&r=g","fifu_image_alt":"Tunisie \u2013 A quelque chose malheur est bon\u00a0: La maladresse du ministre de la sant\u00e9 a fini par \u00eatre payante","footnotes":""},"categories":[73,55],"tags":[],"class_list":["post-107405","post","type-post","status-publish","format-standard","hentry","category-actualite","category-tunisie"],"_links":{"self":[{"href":"https:\/\/linitiative.ca\/International\/wp-json\/wp\/v2\/posts\/107405","targetHints":{"allow":["GET"]}}],"collection":[{"href":"https:\/\/linitiative.ca\/International\/wp-json\/wp\/v2\/posts"}],"about":[{"href":"https:\/\/linitiative.ca\/International\/wp-json\/wp\/v2\/types\/post"}],"author":[{"embeddable":true,"href":"https:\/\/linitiative.ca\/International\/wp-json\/wp\/v2\/users\/1789"}],"replies":[{"embeddable":true,"href":"https:\/\/linitiative.ca\/International\/wp-json\/wp\/v2\/comments?post=107405"}],"version-history":[{"count":0,"href":"https:\/\/linitiative.ca\/International\/wp-json\/wp\/v2\/posts\/107405\/revisions"}],"wp:attachment":[{"href":"https:\/\/linitiative.ca\/International\/wp-json\/wp\/v2\/media?parent=107405"}],"wp:term":[{"taxonomy":"category","embeddable":true,"href":"https:\/\/linitiative.ca\/International\/wp-json\/wp\/v2\/categories?post=107405"},{"taxonomy":"post_tag","embeddable":true,"href":"https:\/\/linitiative.ca\/International\/wp-json\/wp\/v2\/tags?post=107405"}],"curies":[{"name":"wp","href":"https:\/\/api.w.org\/{rel}","templated":true}]}}