{"id":107407,"date":"2020-12-17T16:51:43","date_gmt":"2020-12-17T21:51:43","guid":{"rendered":"https:\/\/linitiative.ca\/International\/tunisie-larp-sous-tres-haute-surveillance-policiere\/"},"modified":"2020-12-17T16:51:43","modified_gmt":"2020-12-17T21:51:43","slug":"tunisie-larp-sous-tres-haute-surveillance-policiere","status":"publish","type":"post","link":"https:\/\/linitiative.ca\/International\/tunisie-larp-sous-tres-haute-surveillance-policiere\/","title":{"rendered":"Tunisie \u2013 L\u2019ARP sous tr\u00e8s haute surveillance polici\u00e8re"},"content":{"rendered":"<div class=\"post-cont-in left relative\">\n<div id=\"post-info-wrap\" class=\"left relative post-info-out\">\n<div class=\"post-info-img left relative\"><img loading=\"lazy\" decoding=\"async\" alt=\"\" src=\"https:\/\/secure.gravatar.com\/avatar\/047123be9d5e8513774383916ee72db2?s=50&amp;d=mm&amp;r=g\" srcset=\"https:\/\/secure.gravatar.com\/avatar\/047123be9d5e8513774383916ee72db2?s=100&amp;d=mm&amp;r=g 2x\" class=\"avatar avatar-50 photo\" height=\"50\" width=\"50\"\/><\/div>\n<div class=\"post-info-in\">\n<div class=\"post-info-right left relative post-info-name left relative\"><span><span class=\"post-info-text\">Par<\/span> <span class=\"author-name vcard fn author\"><a href=\"https:\/\/www.tunisienumerique.com\/author\/lm\/\" title=\"Articles par LM\" rel=\"author\">LM<\/a><\/span><\/span> <span class=\"post-date updated\"><time class=\"post-date updated\" datetime=\"2020-12-17\">\u00a0| Il y a 13 minutes<\/time><\/span><\/div>\n<div class=\"left relative\"><button id=\"listenButton1\" class=\"responsivevoice-button\" type=\"button\" value=\"Play\" title=\"&#xC9;coutez l'article\"><span>\ud83d\udd0a \u00c9coutez l&rsquo;article<\/span><\/button> <\/div>\n<\/div>\n<\/div>\n<p>A l\u2019occasion du 10<sup>\u00e8me<\/sup> anniversaire de l\u2019av\u00e8nement de la r\u00e9volution, la Tunisie a tendance \u00e0 se boucler dans des mesures s\u00e9curitaires draconiennes.<\/p>\n<div class=\"code-block code-block-1 c4\"><ins class=\"adsbygoogle c3\" data-ad-layout=\"in-article\" data-ad-format=\"fluid\" data-ad-client=\"ca-pub-2102118777505746\" data-ad-slot=\"7301775417\"\/> <\/div>\n<p>En plus du d\u00e9sistement du pr\u00e9sident de la R\u00e9publique qui devait superviser les festivit\u00e9s \u00e0 Sidi Bouzid, pour des raisons qui demeurent floues. Les passants ont \u00e9t\u00e9 choqu\u00e9s, depuis ce matin, par le nombre consid\u00e9rable des renforts s\u00e9curitaires qui ont boucl\u00e9 les acc\u00e8s \u00e0 l\u2019ARP et ont emp\u00each\u00e9 la premi\u00e8re manifestation d\u2019atteindre la place du Bardo.<\/p>\n<div class=\"swp_social_panel swp_horizontal_panel swp_flat_fresh swp_default_full_color swp_individual_full_color swp_other_full_color scale-100 scale-\" data-min-width=\"1100\" data-float-color=\"#ffffff\" data-float=\"bottom\" data-float-mobile=\"bottom\" data-transition=\"slide\">\n<div class=\"nc_tweetContainer swp_share_button total_shares total_sharesalt\"><span class=\"swp_count\">3 <span class=\"swp_label\">Partages<\/span><\/span><\/div>\n<\/div>\n<p><strong>Que se passe-t-il en Tunisie?<\/strong><br \/>Nous expliquons sur notre <a href=\"https:\/\/www.youtube.com\/channel\/UCRzypVq0B_yBad5eGrwBx0Q?sub_confirmation=1\" target=\"_blank\" rel=\"noopener\">cha\u00eene YouTube<\/a> . <a href=\"https:\/\/www.youtube.com\/channel\/UCRzypVq0B_yBad5eGrwBx0Q?sub_confirmation=1\" target=\"_blank\" rel=\"noopener\">Abonnez-vous!<\/a><\/p>\n<div class=\"mvp-org-wrap mvp-org-logo\" itemprop=\"publisher\"><img decoding=\"async\" src=\"https:\/\/www.tunisienumerique.com\/wp-content\/uploads\/2017\/02\/logo_tunisie_numerique.png\"\/><\/div>\n<div class=\"mvp-related-posts left relative\">\n<h4 class=\"post-header\"><span class=\"post-header\">Lire aussi<\/span><\/h4>\n<\/div>\n<div id=\"article-ad\"><ins class=\"adsbygoogle c5\" data-ad-client=\"ca-pub-2102118777505746\" data-ad-slot=\"6513972734\" data-ad-format=\"auto\" data-full-width-responsive=\"true\"\/> <\/div>\n<\/div>\n<div id=\"post-sidebar-wrap\"><ins class=\"adsbygoogle c5\" data-ad-client=\"ca-pub-2102118777505746\" data-ad-slot=\"6168283410\" data-ad-format=\"auto\" data-full-width-responsive=\"true\"\/> <\/div>\n<p>Auteur: LM<br \/>\n<a href=\"https:\/\/www.tunisienumerique.com\/tunisie-larp-sous-tres-haute-surveillance-policiere\/\">Cliquez ici pour lire l&rsquo;article depuis sa source.<\/a><\/p>\n","protected":false},"excerpt":{"rendered":"<p>Par LM \u00a0| Il y a 13 minutes \ud83d\udd0a \u00c9coutez l&rsquo;article A l\u2019occasion du 10\u00e8me anniversaire de l\u2019av\u00e8nement de la r\u00e9volution, la Tunisie a tendance \u00e0 se boucler dans des mesures s\u00e9curitaires draconiennes. En plus du d\u00e9sistement du pr\u00e9sident de la R\u00e9publique qui devait superviser les festivit\u00e9s \u00e0 Sidi Bouzid, pour des raisons qui demeurent [&hellip;]<\/p>\n","protected":false},"author":1789,"featured_media":0,"comment_status":"closed","ping_status":"closed","sticky":false,"template":"","format":"standard","meta":{"fifu_image_url":"https:\/\/secure.gravatar.com\/avatar\/047123be9d5e8513774383916ee72db2?s=50&d=mm&r=g","fifu_image_alt":"Tunisie \u2013 L\u2019ARP sous tr\u00e8s haute surveillance polici\u00e8re","footnotes":""},"categories":[73,55],"tags":[],"class_list":["post-107407","post","type-post","status-publish","format-standard","hentry","category-actualite","category-tunisie"],"_links":{"self":[{"href":"https:\/\/linitiative.ca\/International\/wp-json\/wp\/v2\/posts\/107407","targetHints":{"allow":["GET"]}}],"collection":[{"href":"https:\/\/linitiative.ca\/International\/wp-json\/wp\/v2\/posts"}],"about":[{"href":"https:\/\/linitiative.ca\/International\/wp-json\/wp\/v2\/types\/post"}],"author":[{"embeddable":true,"href":"https:\/\/linitiative.ca\/International\/wp-json\/wp\/v2\/users\/1789"}],"replies":[{"embeddable":true,"href":"https:\/\/linitiative.ca\/International\/wp-json\/wp\/v2\/comments?post=107407"}],"version-history":[{"count":0,"href":"https:\/\/linitiative.ca\/International\/wp-json\/wp\/v2\/posts\/107407\/revisions"}],"wp:attachment":[{"href":"https:\/\/linitiative.ca\/International\/wp-json\/wp\/v2\/media?parent=107407"}],"wp:term":[{"taxonomy":"category","embeddable":true,"href":"https:\/\/linitiative.ca\/International\/wp-json\/wp\/v2\/categories?post=107407"},{"taxonomy":"post_tag","embeddable":true,"href":"https:\/\/linitiative.ca\/International\/wp-json\/wp\/v2\/tags?post=107407"}],"curies":[{"name":"wp","href":"https:\/\/api.w.org\/{rel}","templated":true}]}}