{"id":107408,"date":"2020-12-17T16:59:26","date_gmt":"2020-12-17T21:59:26","guid":{"rendered":"https:\/\/linitiative.ca\/International\/tunisie-immigration-clandestine-suite-a-la-controverse-la-presidence-du-gouvernement-clarifie-les-propos-de-mechichi\/"},"modified":"2020-12-17T16:59:26","modified_gmt":"2020-12-17T21:59:26","slug":"tunisie-immigration-clandestine-suite-a-la-controverse-la-presidence-du-gouvernement-clarifie-les-propos-de-mechichi","status":"publish","type":"post","link":"https:\/\/linitiative.ca\/International\/tunisie-immigration-clandestine-suite-a-la-controverse-la-presidence-du-gouvernement-clarifie-les-propos-de-mechichi\/","title":{"rendered":"Tunisie-immigration clandestine: Suite \u00e0 la controverse, la Pr\u00e9sidence du gouvernement clarifie les propos de Mechichi"},"content":{"rendered":"<div class=\"post-cont-in left relative\">\n<div id=\"post-info-wrap\" class=\"left relative post-info-out\">\n<div class=\"post-info-img left relative\"><img loading=\"lazy\" decoding=\"async\" alt=\"\" src=\"https:\/\/secure.gravatar.com\/avatar\/ea481d7287ad38ca1787f44b5bb1b70e?s=50&amp;d=mm&amp;r=g\" srcset=\"https:\/\/secure.gravatar.com\/avatar\/ea481d7287ad38ca1787f44b5bb1b70e?s=100&amp;d=mm&amp;r=g 2x\" class=\"avatar avatar-50 photo\" height=\"50\" width=\"50\"\/><\/div>\n<div class=\"post-info-in\">\n<div class=\"post-info-right left relative post-info-name left relative\"><span><span class=\"post-info-text\">Par<\/span> <span class=\"author-name vcard fn author\"><a href=\"https:\/\/www.tunisienumerique.com\/author\/rania-ben-slimane\/\" title=\"Articles par rania ben slimane\" rel=\"author\">rania ben slimane<\/a><\/span><\/span> <span class=\"post-date updated\"><time class=\"post-date updated\" datetime=\"2020-12-17\">\u00a0| Il y a 9 minutes<\/time><\/span><\/div>\n<div class=\"left relative\"><button id=\"listenButton1\" class=\"responsivevoice-button\" type=\"button\" value=\"Play\" title=\"&#xC9;coutez l'article\"><span>\ud83d\udd0a \u00c9coutez l&rsquo;article<\/span><\/button> <\/div>\n<\/div>\n<\/div>\n<p>La Pr\u00e9sidence du gouvernement a annonc\u00e9, dans un communiqu\u00e9 rendu public le 17 d\u00e9cembre 2020, que le Chef du gouvernement, Hichem Mechichi et sa d\u00e9l\u00e9gation d\u2019accompagnement ont termin\u00e9 une visite de travail de trois jours en France du 13 au 15 d\u00e9cembre 2020, en r\u00e9ponse \u00e0 une invitation de son homologue fran\u00e7ais, le Premier ministre Jean Castex.<\/p>\n<div class=\"code-block code-block-1 c4\"><ins class=\"adsbygoogle c3\" data-ad-layout=\"in-article\" data-ad-format=\"fluid\" data-ad-client=\"ca-pub-2102118777505746\" data-ad-slot=\"7301775417\"\/> <\/div>\n<p>Les entretiens entre les deux Premiers ministres ont port\u00e9 sur leurs excellentes relations bilat\u00e9rales entre les deux pays et sur la n\u00e9cessit\u00e9 de les d\u00e9velopper, sur la base du concept de \u00abcoop\u00e9ration solidaire\u00bb.<\/p>\n<p>Le gouvernement fran\u00e7ais a exprim\u00e9 sa volont\u00e9 de doubler ses investissements en Tunisie en menant \u00e0 bien les projets en cours (un h\u00f4pital multi-sp\u00e9cialit\u00e9s \u00e0 Gafsa, un h\u00f4pital de sant\u00e9 \u00e0 Sidi Bouzid, le projet de l\u2019Universit\u00e9 fran\u00e7aise de Tunis pour l\u2019Afrique et la M\u00e9diterran\u00e9e).<\/p>\n<p>La question de l\u2019immigration et du d\u00e9veloppement solidaire a \u00e9t\u00e9 l\u2019une des questions les plus importantes abord\u00e9es, Mechichi a expliqu\u00e9 que la migration organis\u00e9e repr\u00e9sente une opportunit\u00e9 pour les deux pays d\u2019approfondir les liens historiques entre eux, ainsi que leur r\u00f4le dans la r\u00e9alisation d\u2019un d\u00e9veloppement conjoint, rappelant le r\u00f4le de la communaut\u00e9 tunisienne et sa contribution active dans de nombreux secteurs \u00e9conomiques fran\u00e7ais.<\/p>\n<p>Quant au sujet de la migration irr\u00e9guli\u00e8re, le Premier ministre a soulign\u00e9 la n\u00e9cessit\u00e9 d\u2019adopter une approche d\u00e9veloppementale et solidaire pour y faire face, indiquant qu\u2019elle cause beaucoup de souffrances sociales et \u00e9conomiques, d\u2019autant plus qu\u2019elle pourrait \u00eatre li\u00e9e au crime organis\u00e9, \u00e0 la traite des humains et aux risques d\u2019infiltration de certains individus terroristes par ses voies.<\/p>\n<p>Cette approche ne se base pas uniquement sur des solutions s\u00e9curitaires \u00e0 l\u2019immigration clandestine mais propose aussi de traiter ses causes profondes, li\u00e9es principalement au d\u00e9veloppement, \u00e0 la multiplication des opportunit\u00e9s d\u2019emploi et \u00e0 l\u2019espoir en un avenir meilleur.<\/p>\n<p>De son c\u00f4t\u00e9, le Premier ministre fran\u00e7ais a affirm\u00e9 le soutien de la France \u00e0 la Tunisie dans tous les domaines de coop\u00e9ration avec l\u2019Union europ\u00e9enne, notamment \u00e9conomiques et financiers.<\/p>\n<div class=\"swp_social_panel swp_horizontal_panel swp_flat_fresh swp_default_full_color swp_individual_full_color swp_other_full_color scale-100 scale-\" data-min-width=\"1100\" data-float-color=\"#ffffff\" data-float=\"bottom\" data-float-mobile=\"bottom\" data-transition=\"slide\">\n<div class=\"nc_tweetContainer swp_share_button total_shares total_sharesalt\"><span class=\"swp_count\">0 <span class=\"swp_label\">Partages<\/span><\/span><\/div>\n<\/div>\n<p><strong>Que se passe-t-il en Tunisie?<\/strong><br \/>Nous expliquons sur notre <a href=\"https:\/\/www.youtube.com\/channel\/UCRzypVq0B_yBad5eGrwBx0Q?sub_confirmation=1\" target=\"_blank\" rel=\"noopener\">cha\u00eene YouTube<\/a> . <a href=\"https:\/\/www.youtube.com\/channel\/UCRzypVq0B_yBad5eGrwBx0Q?sub_confirmation=1\" target=\"_blank\" rel=\"noopener\">Abonnez-vous!<\/a><\/p>\n<div class=\"mvp-org-wrap mvp-org-logo\" itemprop=\"publisher\"><img decoding=\"async\" src=\"https:\/\/www.tunisienumerique.com\/wp-content\/uploads\/2017\/02\/logo_tunisie_numerique.png\"\/><\/div>\n<div class=\"mvp-related-posts left relative\">\n<h4 class=\"post-header\"><span class=\"post-header\">Lire aussi<\/span><\/h4>\n<\/div>\n<div id=\"article-ad\"><ins class=\"adsbygoogle c5\" data-ad-client=\"ca-pub-2102118777505746\" data-ad-slot=\"6513972734\" data-ad-format=\"auto\" data-full-width-responsive=\"true\"\/> <\/div>\n<\/div>\n<div id=\"post-sidebar-wrap\"><ins class=\"adsbygoogle c5\" data-ad-client=\"ca-pub-2102118777505746\" data-ad-slot=\"6168283410\" data-ad-format=\"auto\" data-full-width-responsive=\"true\"\/> <\/div>\n<p>Auteur: rania ben slimane<br \/>\n<a href=\"https:\/\/www.tunisienumerique.com\/tunisie-immigration-clandestine-suite-a-la-controverse-la-presidence-du-gouvernement-clarifie-les-propos-de-mechichi\/\">Cliquez ici pour lire l&rsquo;article depuis sa source.<\/a><\/p>\n","protected":false},"excerpt":{"rendered":"<p>Par rania ben slimane \u00a0| Il y a 9 minutes \ud83d\udd0a \u00c9coutez l&rsquo;article La Pr\u00e9sidence du gouvernement a annonc\u00e9, dans un communiqu\u00e9 rendu public le 17 d\u00e9cembre 2020, que le Chef du gouvernement, Hichem Mechichi et sa d\u00e9l\u00e9gation d\u2019accompagnement ont termin\u00e9 une visite de travail de trois jours en France du 13 au 15 d\u00e9cembre [&hellip;]<\/p>\n","protected":false},"author":1789,"featured_media":0,"comment_status":"closed","ping_status":"closed","sticky":false,"template":"","format":"standard","meta":{"fifu_image_url":"https:\/\/secure.gravatar.com\/avatar\/ea481d7287ad38ca1787f44b5bb1b70e?s=50&d=mm&r=g","fifu_image_alt":"Tunisie-immigration clandestine: Suite \u00e0 la controverse, la Pr\u00e9sidence du gouvernement clarifie les propos de Mechichi","footnotes":""},"categories":[73,55],"tags":[],"class_list":["post-107408","post","type-post","status-publish","format-standard","hentry","category-actualite","category-tunisie"],"_links":{"self":[{"href":"https:\/\/linitiative.ca\/International\/wp-json\/wp\/v2\/posts\/107408","targetHints":{"allow":["GET"]}}],"collection":[{"href":"https:\/\/linitiative.ca\/International\/wp-json\/wp\/v2\/posts"}],"about":[{"href":"https:\/\/linitiative.ca\/International\/wp-json\/wp\/v2\/types\/post"}],"author":[{"embeddable":true,"href":"https:\/\/linitiative.ca\/International\/wp-json\/wp\/v2\/users\/1789"}],"replies":[{"embeddable":true,"href":"https:\/\/linitiative.ca\/International\/wp-json\/wp\/v2\/comments?post=107408"}],"version-history":[{"count":0,"href":"https:\/\/linitiative.ca\/International\/wp-json\/wp\/v2\/posts\/107408\/revisions"}],"wp:attachment":[{"href":"https:\/\/linitiative.ca\/International\/wp-json\/wp\/v2\/media?parent=107408"}],"wp:term":[{"taxonomy":"category","embeddable":true,"href":"https:\/\/linitiative.ca\/International\/wp-json\/wp\/v2\/categories?post=107408"},{"taxonomy":"post_tag","embeddable":true,"href":"https:\/\/linitiative.ca\/International\/wp-json\/wp\/v2\/tags?post=107408"}],"curies":[{"name":"wp","href":"https:\/\/api.w.org\/{rel}","templated":true}]}}