{"id":107410,"date":"2020-12-17T14:08:42","date_gmt":"2020-12-17T19:08:42","guid":{"rendered":"https:\/\/linitiative.ca\/International\/demande-dextradition-de-francois-compaore\/"},"modified":"2020-12-17T14:08:42","modified_gmt":"2020-12-17T19:08:42","slug":"demande-dextradition-de-francois-compaore","status":"publish","type":"post","link":"https:\/\/linitiative.ca\/International\/demande-dextradition-de-francois-compaore\/","title":{"rendered":"DEMANDE D\u2019EXTRADITION DE FRAN\u00c7OIS COMPAORE"},"content":{"rendered":"<div class=\"stream-item stream-item-above-post-content\">\n<p><noscript><\/p>\n<p><a href=\"\/\/www3.smartadserver.com\/ac?jump=1&amp;nwid=2136&amp;siteid=240610&amp;pgname=rg&amp;fmtid=49046&amp;visit=m&amp;tmstp=[timestamp]&amp;out=nonrich\" target=\"_blank\" rel=\"noopener\"><img decoding=\"async\" src=\"http:\/\/www3.smartadserver.com\/ac?out=nonrich&amp;nwid=2136&amp;siteid=240610&amp;pgname=rg&amp;fmtid=49046&amp;visit=m&amp;tmstp=[timestamp]\" border=\"0\" alt=\"\"\/><\/a><\/p>\n<p><\/noscript><\/div>\n<p class=\"c3\"><em>C\u2019est, en\u00a0 principe, aujourd\u2019hui, 18 d\u00e9cembre, que le Conseil d\u2019Etat fran\u00e7ais va d\u00e9cider de l\u2019extradition ou non de Fran\u00e7ois Compaor\u00e9 dans le Cadre de l\u2019affaire Norbert Zongo. En rappel, les avocats de l\u2019accus\u00e9 avaient attaqu\u00e9 l\u2019autorisation du gouvernement fran\u00e7ais, datant de mars 2020, d\u2019extrader leur client vers son pays d\u2019origine, le Burkina Faso. Le moins que l\u2019on puisse dire, c\u2019est que les Burkinab\u00e8 sont suspendus \u00e0 la d\u00e9cision du Conseil d\u2019Etat fran\u00e7ais. Et pour cause\u00a0: les circonstances dans lesquelles Norbert Zongo a \u00e9t\u00e9 assassin\u00e9 ont fortement \u00e9mu pratiquement l\u2019ensemble des Burkinab\u00e8 si fait que ces derniers esp\u00e8rent que tous les myst\u00e8res qui entourent cet acte odieux, seront \u00e9lucid\u00e9s par la Justice. Et l\u2019attente dure depuis 22 ans. C\u2019est pourquoi les Burkinab\u00e8 en g\u00e9n\u00e9ral et les militants des mouvements des droits humain en particulier, esp\u00e8rent que le Conseil d\u2019Etat fran\u00e7ais va permettre l\u2019extradition de Fran\u00e7ois Compaor\u00e9 afin qu\u2019il apporte sa part de v\u00e9rit\u00e9 dans cette affaire. Au plan endog\u00e8ne, tous les ingr\u00e9dients, peut-on dire, d\u2019une justice civilis\u00e9e et respectueuse des droits de l\u2019accus\u00e9 semblent r\u00e9unis. L\u2019on peut noter, entre autres, le retrait, du corpus juridique du pays, de la peine de mort et la garantie d\u2019un proc\u00e8s contradictoire. De ce point de vue, l\u2019on peut dire que les autorit\u00e9s burkinab\u00e8 ont mis les petits plats dans les grands pour que le proc\u00e8s qui se profile \u00e0 l\u2019horizon, se d\u00e9roule dans les r\u00e8gles de l\u2019art. In fine, l\u2019objectif de toutes ces pr\u00e9cautions est de permettre la manifestation de la v\u00e9rit\u00e9 et de toute la v\u00e9rit\u00e9 dans ce qu\u2019il convient de qualifier comme l\u2019affaire la plus embl\u00e9matique de l\u2019histoire de la Justice burkinab\u00e8. L\u2019autre dossier tout aussi embl\u00e9matique est celui de l\u2019assassinat du p\u00e8re de la R\u00e9volution burkinab\u00e8, Thomas Sankara. Mais \u00e0 la diff\u00e9rence de cette derni\u00e8re affaire, peut-on dire, l\u2019enjeu, dans l\u2019affaire Norbert Zongo, r\u00e9side beaucoup plus dans la d\u00e9fense de la libert\u00e9 de la presse que dans tout autre consid\u00e9ration.<\/em><\/p>\n<p class=\"c3\"><em>\u00a0<\/em><\/p>\n<p class=\"c4\"><strong><em>Le \u00a0peuple burkinab\u00e8 ne baissera jamais la garde tant que la lumi\u00e8re ne sera pas faite sur cette affaire<\/em><\/strong><\/p>\n<p class=\"c3\"><em>\u00a0<\/em><\/p>\n<p class=\"c3\"><em>C\u2019est pourquoi les Burkinab\u00e8, toutes ob\u00e9diences politiques confondues, les militants des droits humains ainsi que le citoyen tartempion se retrouvent, main dans main, dans le vaste mouvement populaire mis en place depuis 1998, date de l\u2019assassinat de l\u2019illustre journaliste, pour lever toutes les zones d\u2019ombres qui entourent sa tragique disparition. Le sens de ce combat, selon Robert Zongo, fr\u00e8re de l\u2019illustre disparu, c\u2019est de faire en sorte que \u00ab\u00a0ce qui est arriv\u00e9 \u00e0 Norbert ne puisse plus arriver \u00e0 aucun Burkinab\u00e8 digne de ce nom\u00a0\u00bb. De ce qui pr\u00e9c\u00e8de, l\u2019on peut prendre le risque de dire que le principal argument brandi par la d\u00e9fense de Fran\u00e7ois Compaor\u00e9, selon lequel cette affaire est politique, a de fortes chances de ne pas convaincre le Conseil d\u2019Etat fran\u00e7ais. L\u2019autre argument de la d\u00e9fense, consistant \u00e0 soutenir que la s\u00e9curit\u00e9 de Fran\u00e7ois Compaor\u00e9 ainsi que celle de ses conseils ne saurait \u00eatre garantie, pourrait \u00e9galement subir le m\u00eame sort aupr\u00e8s du Conseil d\u2019Etat. Car, le Burkina Faso a tous les attributs d\u2019un v\u00e9ritable\u00a0 Etat de droit et son peuple est mature. L\u2019un dans l\u2019autre, Fran\u00e7ois Compaor\u00e9 a int\u00e9r\u00eat \u00e0 se pr\u00e9senter devant la Justice de son pays pour contribuer \u00e0 la manifestation de la v\u00e9rit\u00e9 dans l\u2019affaire Norbert Zongo. Trois personnes ont \u00e9t\u00e9 inculp\u00e9es pour des faits d\u2019assassinat et de destruction de biens, et de ce fait, ont \u00e9t\u00e9 mis en examen depuis le 9 d\u00e9cembre 2015. Fran\u00e7ois Compaor\u00e9 est le 4<sup>e<\/sup> acteur de cet acte. Et les Burkinab\u00e8 \u00e9pris de justice, et au-del\u00e0, toutes les personnes de bien de par l\u2019Afrique et d\u2019ailleurs, militent pour qu\u2019enfin, le\u00a0 proc\u00e8s de l\u2019affaire Norbert Zongo ait lieu. Et cela, en pr\u00e9sence de Fran\u00e7ois Compaor\u00e9 qui, faut-il le rappeler, b\u00e9n\u00e9ficie de la pr\u00e9somption d\u2019innocence. Et ce principe cardinal de droit devra \u00eatre observ\u00e9, au cas o\u00f9 il se pr\u00e9senterait en chair et en os au Burkina pour \u00eatre jug\u00e9. Mais si en d\u00e9pit des garanties donn\u00e9es par le Burkina quant \u00e0 la tenue d\u2019un proc\u00e8s digne d\u2019un Etat de droit, le Conseil d\u2019Etat fran\u00e7ais acc\u00e8de \u00e0 la requ\u00eate des avocats de Fran\u00e7ois Compaor\u00e9, l\u2019on peut affirmer sans grand risque de se tromper que le perdant dans ce sc\u00e9nario est Fran\u00e7ois Compaor\u00e9. Car, il n\u2019est pas impossible qu\u2019il soit jug\u00e9 par contumace. Et il est facile d\u2019imaginer le risque auquel il s\u2019expose dans un tel sc\u00e9nario. A cela, il faut ajouter que le peuple burkinab\u00e8 ne baissera jamais la garde tant que la lumi\u00e8re ne sera pas faite sur cette affaire. Et plus que jamais, il est convaincu de ceci\u00a0: \u00ab\u00a0Aussi longtemps que durera la nuit, le jour finira\u00a0\u00a0\u00a0\u00a0 \u00a0par se lever \u00bb.<\/em> <em>Le peuple est \u00e9galement convaincu que la r\u00e9conciliation \u00e0 laquelle appelle de ses v\u0153ux presque l\u2019ensemble de la classe politique, sera vou\u00e9e \u00e0 l\u2019\u00e9chec tant que les crimes de sang qui ont \u00e9maill\u00e9 l\u2019histoire du Burkina et qui sont rest\u00e9s impunis, ne seront pas \u00e9lucid\u00e9s. Et l\u2019assassinat de Norbert Zongo est le plus odieux d\u2019entre d\u2019eux.<\/em><\/p>\n<p class=\"c3\"><em>\u00a0<\/em><\/p>\n<p class=\"c4\"><strong><em>Pousdem PICKOU<\/em><\/strong><\/p>\n<p>Auteur: Le Pays<br \/>\n<a href=\"https:\/\/lepays.bf\/demande-dextradition-de-francois-compaore\/\">Cliquez ici pour lire l&rsquo;article depuis sa source.<\/a><\/p>\n","protected":false},"excerpt":{"rendered":"<p>C\u2019est, en\u00a0 principe, aujourd\u2019hui, 18 d\u00e9cembre, que le Conseil d\u2019Etat fran\u00e7ais va d\u00e9cider de l\u2019extradition ou non de Fran\u00e7ois Compaor\u00e9 dans le Cadre de l\u2019affaire Norbert Zongo. En rappel, les avocats de l\u2019accus\u00e9 avaient attaqu\u00e9 l\u2019autorisation du gouvernement fran\u00e7ais, datant de mars 2020, d\u2019extrader leur client vers son pays d\u2019origine, le Burkina Faso. Le moins [&hellip;]<\/p>\n","protected":false},"author":1813,"featured_media":0,"comment_status":"closed","ping_status":"closed","sticky":false,"template":"","format":"standard","meta":{"fifu_image_url":"http:\/\/www3.smartadserver.com\/ac?out=nonrich&nwid=2136&siteid=240610&pgname=rg&fmtid=49046&visit=m&tmstp=[timestamp]","fifu_image_alt":"DEMANDE D\u2019EXTRADITION DE FRAN\u00c7OIS COMPAORE","footnotes":""},"categories":[73,81],"tags":[],"class_list":["post-107410","post","type-post","status-publish","format-standard","hentry","category-actualite","category-burkina-faso"],"_links":{"self":[{"href":"https:\/\/linitiative.ca\/International\/wp-json\/wp\/v2\/posts\/107410","targetHints":{"allow":["GET"]}}],"collection":[{"href":"https:\/\/linitiative.ca\/International\/wp-json\/wp\/v2\/posts"}],"about":[{"href":"https:\/\/linitiative.ca\/International\/wp-json\/wp\/v2\/types\/post"}],"author":[{"embeddable":true,"href":"https:\/\/linitiative.ca\/International\/wp-json\/wp\/v2\/users\/1813"}],"replies":[{"embeddable":true,"href":"https:\/\/linitiative.ca\/International\/wp-json\/wp\/v2\/comments?post=107410"}],"version-history":[{"count":0,"href":"https:\/\/linitiative.ca\/International\/wp-json\/wp\/v2\/posts\/107410\/revisions"}],"wp:attachment":[{"href":"https:\/\/linitiative.ca\/International\/wp-json\/wp\/v2\/media?parent=107410"}],"wp:term":[{"taxonomy":"category","embeddable":true,"href":"https:\/\/linitiative.ca\/International\/wp-json\/wp\/v2\/categories?post=107410"},{"taxonomy":"post_tag","embeddable":true,"href":"https:\/\/linitiative.ca\/International\/wp-json\/wp\/v2\/tags?post=107410"}],"curies":[{"name":"wp","href":"https:\/\/api.w.org\/{rel}","templated":true}]}}