{"id":107414,"date":"2020-12-17T15:18:01","date_gmt":"2020-12-17T20:18:01","guid":{"rendered":"https:\/\/linitiative.ca\/International\/kigali-accueille-une-reunion-sur-la-securite-en-afrique-de-lest\/"},"modified":"2020-12-17T15:18:01","modified_gmt":"2020-12-17T20:18:01","slug":"kigali-accueille-une-reunion-sur-la-securite-en-afrique-de-lest","status":"publish","type":"post","link":"https:\/\/linitiative.ca\/International\/kigali-accueille-une-reunion-sur-la-securite-en-afrique-de-lest\/","title":{"rendered":"Kigali accueille une r\u00e9union sur la s\u00e9curit\u00e9 en Afrique de l\u2019Est"},"content":{"rendered":"<div readability=\"32\">\n<p>Publi\u00e9 le 17.12.2020 \u00e0 21h18 par APA News<\/p>\n<\/div>\n<div readability=\"54\">\n<p>Une rencontre de cinq jours sur la s\u00e9curit\u00e9 en Afrique de l\u2019Est se tient \u00e0 Kigali, la capitale rwandaise.Elle r\u00e9unit les chefs des Arm\u00e9es de la r\u00e9gion et entre dans le cadre de la 28\u00e8me session ordinaire de la Force en attente de l\u2019Afrique de l\u2019Est (EASF, sigle anglais). La r\u00e9union vise \u00a0\u00e0 faire face \u00e0 la menace croissante du terrorisme dans la r\u00e9gion, a expliqu\u00e9 \u00e0 APA, jeudi \u00e0 Kigali, une source militaire.<\/p>\n<p>Le pr\u00e9sident du groupe de travail d\u2019experts, le commandant Moujib Adaine de l\u2019Union des Comores a appel\u00e9 les d\u00e9l\u00e9gu\u00e9s \u00e0 contribuer de mani\u00e8re significative aux d\u00e9lib\u00e9rations notamment aux points importants comme le projet de budget, le plan d\u2019activit\u00e9s 2021.<\/p>\n<p>Le g\u00e9n\u00e9ral de brigade Getachew Shiferaw Fayisa, par ailleurs directeur de l\u2019EASF a fait remarquer que les r\u00e9unions des organes politiques jettent les bases de la r\u00e9union des chefs d\u2019\u00e9tat-major et de la r\u00e9union des ministres de la D\u00e9fense.<\/p>\n<p>La Force d\u2019intervention rapide de l\u2019Afrique de l\u2019Est (EASF) est une organisation r\u00e9gionale dont le mandat est de renforcer la paix et la s\u00e9curit\u00e9 dans la r\u00e9gion.<\/p>\n<\/div>\n<p>Auteur: APA News<br \/>\n<a href=\"https:\/\/www.journalducameroun.com\/kigali-accueille-une-reunion-sur-la-securite-en-afrique-de-lest\/\">Cliquez ici pour lire l&rsquo;article depuis sa source.<\/a><\/p>\n","protected":false},"excerpt":{"rendered":"<p>Publi\u00e9 le 17.12.2020 \u00e0 21h18 par APA News Une rencontre de cinq jours sur la s\u00e9curit\u00e9 en Afrique de l\u2019Est se tient \u00e0 Kigali, la capitale rwandaise.Elle r\u00e9unit les chefs des Arm\u00e9es de la r\u00e9gion et entre dans le cadre de la 28\u00e8me session ordinaire de la Force en attente de l\u2019Afrique de l\u2019Est (EASF, [&hellip;]<\/p>\n","protected":false},"author":1965,"featured_media":0,"comment_status":"closed","ping_status":"closed","sticky":false,"template":"","format":"standard","meta":{"fifu_image_url":"","fifu_image_alt":"","footnotes":""},"categories":[73,82],"tags":[],"class_list":["post-107414","post","type-post","status-publish","format-standard","hentry","category-actualite","category-cameroun"],"_links":{"self":[{"href":"https:\/\/linitiative.ca\/International\/wp-json\/wp\/v2\/posts\/107414","targetHints":{"allow":["GET"]}}],"collection":[{"href":"https:\/\/linitiative.ca\/International\/wp-json\/wp\/v2\/posts"}],"about":[{"href":"https:\/\/linitiative.ca\/International\/wp-json\/wp\/v2\/types\/post"}],"author":[{"embeddable":true,"href":"https:\/\/linitiative.ca\/International\/wp-json\/wp\/v2\/users\/1965"}],"replies":[{"embeddable":true,"href":"https:\/\/linitiative.ca\/International\/wp-json\/wp\/v2\/comments?post=107414"}],"version-history":[{"count":0,"href":"https:\/\/linitiative.ca\/International\/wp-json\/wp\/v2\/posts\/107414\/revisions"}],"wp:attachment":[{"href":"https:\/\/linitiative.ca\/International\/wp-json\/wp\/v2\/media?parent=107414"}],"wp:term":[{"taxonomy":"category","embeddable":true,"href":"https:\/\/linitiative.ca\/International\/wp-json\/wp\/v2\/categories?post=107414"},{"taxonomy":"post_tag","embeddable":true,"href":"https:\/\/linitiative.ca\/International\/wp-json\/wp\/v2\/tags?post=107414"}],"curies":[{"name":"wp","href":"https:\/\/api.w.org\/{rel}","templated":true}]}}