{"id":107415,"date":"2020-12-17T16:18:02","date_gmt":"2020-12-17T21:18:02","guid":{"rendered":"https:\/\/linitiative.ca\/International\/cote-divoire-arrestation-dun-officier-de-police-pour-racket-de-5000-fcfa\/"},"modified":"2020-12-17T16:18:02","modified_gmt":"2020-12-17T21:18:02","slug":"cote-divoire-arrestation-dun-officier-de-police-pour-racket-de-5000-fcfa","status":"publish","type":"post","link":"https:\/\/linitiative.ca\/International\/cote-divoire-arrestation-dun-officier-de-police-pour-racket-de-5000-fcfa\/","title":{"rendered":"C\u00f4te d\u2019Ivoire: arrestation d\u2019un officier de police pour racket de 5000 FCFA"},"content":{"rendered":"<div readability=\"32\">\n<p>Publi\u00e9 le 17.12.2020 \u00e0 22h18 par APA News<\/p>\n<\/div>\n<div readability=\"60\">\n<p>Le capitaine D.S, un officier de la police ivoirienne en service au 3\u00e8me arrondissement d\u2019Adjam\u00e9 ( Nord d\u2019Abidjan) a \u00e9t\u00e9 arr\u00eat\u00e9 et d\u00e9f\u00e9r\u00e9 devant le commissaire du gouvernement pour racket de la somme 5000 FCFA \u00e0 un chauffeur de taxi, a appris APA jeudi de source officielle.<\/p>\n<p>Selon une note d\u2019information du Tribunal d\u2019Abidjan, les faits remontent au 15 d\u00e9cembre 2019, o\u00f9 \u00e0 la suite d\u2019un contr\u00f4le de routine, le policier incrimin\u00e9 et ses hommes ont reproch\u00e9 au chauffeur de taxi de rouler avec un permis de conduire non valide.\u00a0<\/p>\n<p>Une fois au poste de police, le chauffeur de taxi est interrog\u00e9 par l\u2019officier de police qui lui reproche l\u2019invalidit\u00e9 de son permis de conduire et lui fait savoir qu\u2019il devra payer la somme de 22 500 FCFA \u00e0 titre de contravention. \u00a0<\/p>\n<p>\u00ab Apr\u00e8s plusieurs n\u00e9gociations, le chauffeur paie la somme de 5000 FCFA afin de r\u00e9cup\u00e9rer son permis de conduire. Suite \u00e0 cette mani\u00e8re frauduleuse d\u2019agir, le chauffeur de taxi porte une plainte \u00e0 l\u2019inspection g\u00e9n\u00e9rale des services de police qui \u00e0 son tour saisit le parquet militaire\u00bb, explique le Tribunal militaire dans la note.<\/p>\n<p>\u00a0Le parquet militaire a conclu en appelant les victimes de racket et d\u2019escroquerie, d\u2019agir comme l\u2019a fait ce chauffeur de taxi r\u00e9pondant aux initiales de KM.<\/p>\n<\/div>\n<p>Auteur: APA News<br \/>\n<a href=\"https:\/\/www.journalducameroun.com\/cote-divoire-arrestation-dun-officier-de-police-pour-racket-de-5000-fcfa\/\">Cliquez ici pour lire l&rsquo;article depuis sa source.<\/a><\/p>\n","protected":false},"excerpt":{"rendered":"<p>Publi\u00e9 le 17.12.2020 \u00e0 22h18 par APA News Le capitaine D.S, un officier de la police ivoirienne en service au 3\u00e8me arrondissement d\u2019Adjam\u00e9 ( Nord d\u2019Abidjan) a \u00e9t\u00e9 arr\u00eat\u00e9 et d\u00e9f\u00e9r\u00e9 devant le commissaire du gouvernement pour racket de la somme 5000 FCFA \u00e0 un chauffeur de taxi, a appris APA jeudi de source officielle. [&hellip;]<\/p>\n","protected":false},"author":1965,"featured_media":0,"comment_status":"closed","ping_status":"closed","sticky":false,"template":"","format":"standard","meta":{"fifu_image_url":"","fifu_image_alt":"","footnotes":""},"categories":[73,82],"tags":[],"class_list":["post-107415","post","type-post","status-publish","format-standard","hentry","category-actualite","category-cameroun"],"_links":{"self":[{"href":"https:\/\/linitiative.ca\/International\/wp-json\/wp\/v2\/posts\/107415","targetHints":{"allow":["GET"]}}],"collection":[{"href":"https:\/\/linitiative.ca\/International\/wp-json\/wp\/v2\/posts"}],"about":[{"href":"https:\/\/linitiative.ca\/International\/wp-json\/wp\/v2\/types\/post"}],"author":[{"embeddable":true,"href":"https:\/\/linitiative.ca\/International\/wp-json\/wp\/v2\/users\/1965"}],"replies":[{"embeddable":true,"href":"https:\/\/linitiative.ca\/International\/wp-json\/wp\/v2\/comments?post=107415"}],"version-history":[{"count":0,"href":"https:\/\/linitiative.ca\/International\/wp-json\/wp\/v2\/posts\/107415\/revisions"}],"wp:attachment":[{"href":"https:\/\/linitiative.ca\/International\/wp-json\/wp\/v2\/media?parent=107415"}],"wp:term":[{"taxonomy":"category","embeddable":true,"href":"https:\/\/linitiative.ca\/International\/wp-json\/wp\/v2\/categories?post=107415"},{"taxonomy":"post_tag","embeddable":true,"href":"https:\/\/linitiative.ca\/International\/wp-json\/wp\/v2\/tags?post=107415"}],"curies":[{"name":"wp","href":"https:\/\/api.w.org\/{rel}","templated":true}]}}