{"id":107416,"date":"2020-12-17T18:04:25","date_gmt":"2020-12-17T23:04:25","guid":{"rendered":"https:\/\/linitiative.ca\/International\/la-rd-congo-ouvre-samedi-un-consulat-general-a-dakhla\/"},"modified":"2020-12-17T18:04:25","modified_gmt":"2020-12-17T23:04:25","slug":"la-rd-congo-ouvre-samedi-un-consulat-general-a-dakhla","status":"publish","type":"post","link":"https:\/\/linitiative.ca\/International\/la-rd-congo-ouvre-samedi-un-consulat-general-a-dakhla\/","title":{"rendered":"La RD Congo ouvre samedi un consulat g\u00e9n\u00e9ral \u00e0 Dakhla"},"content":{"rendered":"<div readability=\"32\">\n<p>Publi\u00e9 le 18.12.2020 \u00e0 00h18 par APA News<\/p>\n<\/div>\n<div readability=\"57\">\n<p>La R\u00e9publique D\u00e9mocratique du Congo (RDC) va ouvrir, samedi prochain, un Consulat g\u00e9n\u00e9ral \u00e0 la ville Dakhla au Sahara marocain, pour devenir ainsi la 9\u00e8me repr\u00e9sentation du genre dans cette ville et de la 19\u00e8me au total dans le Sud marocain, a annonc\u00e9 jeudi le minist\u00e8re marocain des Affaires \u00e9trang\u00e8res.Pour cette raison, la ministre congolaise des Affaires \u00e9trang\u00e8res, Mme Marie Tumba Nzeza se trouve en visite officielle au Maroc o\u00f9 elle s\u2019est entretenue ce jeudi \u00e0 Rabat avec son homologue marocain, Nasser Bourita.<\/p>\n<p>Lors de ces entretiens, les deux ministres ont relev\u00e9, avec \u00ab satisfaction \u00bb, la convergence de points de vue des deux pays sur les questions d\u2019int\u00e9r\u00eat commun, faisant part de leur d\u00e9termination \u00e0 \u0153uvrer pour consolider les relations de coop\u00e9ration bilat\u00e9rale dans les diff\u00e9rents domaines.<\/p>\n<p>Le Maroc et la RDC entretiennent, de longue date, d\u2019\u00e9troites relations diplomatiques et \u00e9conomiques, r\u00e9gies par un tr\u00e8s grand nombre d\u2019accords bilat\u00e9raux.<\/p>\n<\/div>\n<p>Auteur: APA News<br \/>\n<a href=\"https:\/\/www.journalducameroun.com\/la-rd-congo-ouvre-samedi-un-consulat-general-a-dakhla\/\">Cliquez ici pour lire l&rsquo;article depuis sa source.<\/a><\/p>\n","protected":false},"excerpt":{"rendered":"<p>Publi\u00e9 le 18.12.2020 \u00e0 00h18 par APA News La R\u00e9publique D\u00e9mocratique du Congo (RDC) va ouvrir, samedi prochain, un Consulat g\u00e9n\u00e9ral \u00e0 la ville Dakhla au Sahara marocain, pour devenir ainsi la 9\u00e8me repr\u00e9sentation du genre dans cette ville et de la 19\u00e8me au total dans le Sud marocain, a annonc\u00e9 jeudi le minist\u00e8re marocain [&hellip;]<\/p>\n","protected":false},"author":1965,"featured_media":0,"comment_status":"closed","ping_status":"closed","sticky":false,"template":"","format":"standard","meta":{"fifu_image_url":"","fifu_image_alt":"","footnotes":""},"categories":[73,82],"tags":[],"class_list":["post-107416","post","type-post","status-publish","format-standard","hentry","category-actualite","category-cameroun"],"_links":{"self":[{"href":"https:\/\/linitiative.ca\/International\/wp-json\/wp\/v2\/posts\/107416","targetHints":{"allow":["GET"]}}],"collection":[{"href":"https:\/\/linitiative.ca\/International\/wp-json\/wp\/v2\/posts"}],"about":[{"href":"https:\/\/linitiative.ca\/International\/wp-json\/wp\/v2\/types\/post"}],"author":[{"embeddable":true,"href":"https:\/\/linitiative.ca\/International\/wp-json\/wp\/v2\/users\/1965"}],"replies":[{"embeddable":true,"href":"https:\/\/linitiative.ca\/International\/wp-json\/wp\/v2\/comments?post=107416"}],"version-history":[{"count":0,"href":"https:\/\/linitiative.ca\/International\/wp-json\/wp\/v2\/posts\/107416\/revisions"}],"wp:attachment":[{"href":"https:\/\/linitiative.ca\/International\/wp-json\/wp\/v2\/media?parent=107416"}],"wp:term":[{"taxonomy":"category","embeddable":true,"href":"https:\/\/linitiative.ca\/International\/wp-json\/wp\/v2\/categories?post=107416"},{"taxonomy":"post_tag","embeddable":true,"href":"https:\/\/linitiative.ca\/International\/wp-json\/wp\/v2\/tags?post=107416"}],"curies":[{"name":"wp","href":"https:\/\/api.w.org\/{rel}","templated":true}]}}