{"id":107417,"date":"2020-12-17T18:04:30","date_gmt":"2020-12-17T23:04:30","guid":{"rendered":"https:\/\/linitiative.ca\/International\/maroc-inauguration-vendredi-a-rabat-de-lobservatoire-africain-des-migrations\/"},"modified":"2020-12-17T18:04:30","modified_gmt":"2020-12-17T23:04:30","slug":"maroc-inauguration-vendredi-a-rabat-de-lobservatoire-africain-des-migrations","status":"publish","type":"post","link":"https:\/\/linitiative.ca\/International\/maroc-inauguration-vendredi-a-rabat-de-lobservatoire-africain-des-migrations\/","title":{"rendered":"Maroc : Inauguration vendredi \u00e0 Rabat de l\u2019Observatoire africain des migrations"},"content":{"rendered":"<div readability=\"32\">\n<p>Publi\u00e9 le 18.12.2020 \u00e0 00h18 par APA News<\/p>\n<\/div>\n<div readability=\"70\">\n<p>L\u2019Observatoire Africain des Migrations (OAM) sera inaugur\u00e9, vendredi \u00e0 Rabat par le ministre marocain des Affaires \u00e9trang\u00e8res, Nasser Bourita et la Commissaire aux affaires sociales de l\u2019Union Africaine (UA), Mme Amira El Fadil, annonce-t-on jeudi \u00e0 Rabat.Cette structure africaine d\u00e9di\u00e9e aux migrations est de nature \u00e0 doter le continent d\u2019un outil efficace lui permettant de r\u00e9pondre \u00e0 son besoin r\u00e9el et pressant de g\u00e9n\u00e9rer une meilleure connaissance, compr\u00e9hension et maitrise du ph\u00e9nom\u00e8ne migratoire, de d\u00e9velopper la collecte, l\u2019analyse et l\u2019\u00e9change de donn\u00e9es entre les pays africains, et de favoriser une gouvernance \u00e9clair\u00e9e des migrations africaines.<\/p>\n<p>L\u2019Observatoire devra aider les pays africains \u00e0 renforcer leurs comp\u00e9tences en vue d\u2019\u00e9laborer des politiques migratoires nationales leur permettant une meilleure gestion des flux migratoires. Il constitue une r\u00e9ponse pratique pour pallier au manque des donn\u00e9es sur les migrations en Afrique et pour rem\u00e9dier \u00e0 la probl\u00e9matique des politiques migratoires souvent inefficaces en raison du manque de ces donn\u00e9es.<\/p>\n<p>Institution de l\u2019UA, l\u2019Observatoire africain des migrations est articul\u00e9 autour d\u2019une \u00ab triple fonction de compr\u00e9hension, d\u2019anticipation et d\u2019action \u00bb. Ses activit\u00e9s, de nature technique et op\u00e9rationnelle, permettront de g\u00e9n\u00e9rer une meilleure connaissance du ph\u00e9nom\u00e8ne migratoire, de cr\u00e9er un narratif africain sur la migration, de renseigner et de favoriser l\u2019harmonisation de politiques migratoires efficientes.<\/p>\n<p>Il permettra aussi \u00e0 l\u2019Afrique d\u2019honorer une grande partie de ses engagements li\u00e9s \u00e0 la mise en \u0153uvre du Pacte mondial de Marrakech pour des migrations s\u00fbres, ordonn\u00e9es et r\u00e9guli\u00e8res, pour relever les d\u00e9fis rencontr\u00e9s dans la gouvernance migratoire.<\/p>\n<p>Cette structure de la migration oeuvrera \u00e9galement \u00e0 partager les donn\u00e9es collect\u00e9es via un syst\u00e8me interconnect\u00e9 associant diff\u00e9rentes politiques et d\u2019am\u00e9liorer les capacit\u00e9s des pays de l\u2019UA dans une optique d\u2019am\u00e9lioration de la situation des migrants et la mise en valeur du nexus migration-d\u00e9veloppement. Il doit jouer un r\u00f4le important pour f\u00e9d\u00e9rer et soutenir des initiatives continentales existantes sur la migration dans le continent.<\/p>\n<\/div>\n<p>Auteur: APA News<br \/>\n<a href=\"https:\/\/www.journalducameroun.com\/maroc-inauguration-vendredi-a-rabat-de-lobservatoire-africain-des-migrations\/\">Cliquez ici pour lire l&rsquo;article depuis sa source.<\/a><\/p>\n","protected":false},"excerpt":{"rendered":"<p>Publi\u00e9 le 18.12.2020 \u00e0 00h18 par APA News L\u2019Observatoire Africain des Migrations (OAM) sera inaugur\u00e9, vendredi \u00e0 Rabat par le ministre marocain des Affaires \u00e9trang\u00e8res, Nasser Bourita et la Commissaire aux affaires sociales de l\u2019Union Africaine (UA), Mme Amira El Fadil, annonce-t-on jeudi \u00e0 Rabat.Cette structure africaine d\u00e9di\u00e9e aux migrations est de nature \u00e0 doter [&hellip;]<\/p>\n","protected":false},"author":1965,"featured_media":0,"comment_status":"closed","ping_status":"closed","sticky":false,"template":"","format":"standard","meta":{"fifu_image_url":"","fifu_image_alt":"","footnotes":""},"categories":[73,82],"tags":[],"class_list":["post-107417","post","type-post","status-publish","format-standard","hentry","category-actualite","category-cameroun"],"_links":{"self":[{"href":"https:\/\/linitiative.ca\/International\/wp-json\/wp\/v2\/posts\/107417","targetHints":{"allow":["GET"]}}],"collection":[{"href":"https:\/\/linitiative.ca\/International\/wp-json\/wp\/v2\/posts"}],"about":[{"href":"https:\/\/linitiative.ca\/International\/wp-json\/wp\/v2\/types\/post"}],"author":[{"embeddable":true,"href":"https:\/\/linitiative.ca\/International\/wp-json\/wp\/v2\/users\/1965"}],"replies":[{"embeddable":true,"href":"https:\/\/linitiative.ca\/International\/wp-json\/wp\/v2\/comments?post=107417"}],"version-history":[{"count":0,"href":"https:\/\/linitiative.ca\/International\/wp-json\/wp\/v2\/posts\/107417\/revisions"}],"wp:attachment":[{"href":"https:\/\/linitiative.ca\/International\/wp-json\/wp\/v2\/media?parent=107417"}],"wp:term":[{"taxonomy":"category","embeddable":true,"href":"https:\/\/linitiative.ca\/International\/wp-json\/wp\/v2\/categories?post=107417"},{"taxonomy":"post_tag","embeddable":true,"href":"https:\/\/linitiative.ca\/International\/wp-json\/wp\/v2\/tags?post=107417"}],"curies":[{"name":"wp","href":"https:\/\/api.w.org\/{rel}","templated":true}]}}