{"id":107418,"date":"2020-12-17T07:55:14","date_gmt":"2020-12-17T12:55:14","guid":{"rendered":"https:\/\/linitiative.ca\/International\/telephonie-mobile-les-operateurs-prives-denoncent-des-pertes-cumulees-de-132-milliards-en-deux-ans\/"},"modified":"2020-12-17T07:55:14","modified_gmt":"2020-12-17T12:55:14","slug":"telephonie-mobile-les-operateurs-prives-denoncent-des-pertes-cumulees-de-132-milliards-en-deux-ans","status":"publish","type":"post","link":"https:\/\/linitiative.ca\/International\/telephonie-mobile-les-operateurs-prives-denoncent-des-pertes-cumulees-de-132-milliards-en-deux-ans\/","title":{"rendered":"T\u00e9l\u00e9phonie mobile : les op\u00e9rateurs priv\u00e9s d\u00e9noncent des pertes cumul\u00e9es de 132 milliards en deux ans"},"content":{"rendered":"<p>Orange Cameroun, Mtn Cameroon et Viettel Cameroun, les trois op\u00e9rateurs priv\u00e9s de la t\u00e9l\u00e9phonie mobile sont formelles: leur secteur se porte mal. Regroup\u00e9es au sein de l\u2019Association des Op\u00e9rateurs Concessionnaires de\u00a0T\u00e9l\u00e9phonie\u00a0Mobile au Cameroun\u00a0(Aoctm), ces concessionnaires ont d\u00e9voil\u00e9 un chapelet de probl\u00e8mes perturbateurs de leurs services, croissance et comp\u00e9titivit\u00e9. Les violons tardent en effet \u00e0 s\u2019accorder entre les trois soci\u00e9t\u00e9s et les pouvoirs publics. La premi\u00e8re pomme de discorde porte sur la pression fiscale et le paiement des p\u00e9nalit\u00e9s. D\u2019apr\u00e8s Fr\u00e9d\u00e9ric Debord, le Directeur g\u00e9n\u00e9ral d\u2019Orange Cameroun et pr\u00e9sident national de l\u2019Aoctm, \u00ab<em>les soci\u00e9t\u00e9s de t\u00e9l\u00e9phonie mobile paient plus en p\u00e9nalit\u00e9s que ne contribuent \u00e0 l\u2019\u00e9conomie nationale qui devrait \u00eatre une taxe sur le chiffre d\u2019affaires, ou des imp\u00f4ts sur le chiffre d\u2019affaires\u2026\u2026Nous ne sommes pas \u00e0 m\u00eame de contribuer de fa\u00e7on saine \u00e0 l\u2019\u00e9conomie camerounaise<\/em>\u00bb, a-t-il indiqu\u00e9.\u00a0<\/p>\n<p><strong>Lire aussi<\/strong> : <a href=\"https:\/\/ecomatin.net\/lassociation-des-operateurs-de-telephonie-mobile-rejoint-le-gicam\/\">L\u2019Association des op\u00e9rateurs de t\u00e9l\u00e9phonie mobile rejoint le Gicam<\/a><\/p>\n<p>Avec un chiffre d\u2019affaires annuel cumul\u00e9 de plus de 500 milliards de FCFA, les trois concessionnaires enregistrent, toutefois, de lourdes pertes: Orange Cameroun, Mtn Cameroon et Viettel Cameroun ont perdu, selon Fr\u00e9d\u00e9ric Debord, 96 milliards de FCFA en 2018 et plus de 36 milliards en 2019. Soit 132 milliards de FCFA de pertes en deux ans.\u00a0<\/p>\n<p>L\u2019Aoctm d\u00e9nonce \u00e9galement la mauvaise prestation des fournisseurs d\u2019infrastructures. Allusion, \u00e0 peine voil\u00e9e, faite \u00e0 Camtel (Cameroon telecommunication), conc\u00e9dant et gestionnaire de la fibre optique satellitaire et sous-marine. Face \u00e0 des dysfonctionnements et perturbations r\u00e9p\u00e9t\u00e9s sur son r\u00e9seau, Viettel Cameroun avait d\u00e9cid\u00e9 en 2018, de nouer un partenariat avec Gilat Telecom, un op\u00e9rateur technique isra\u00e9lien. Qui devait doter la soci\u00e9t\u00e9 de t\u00e9l\u00e9phonie mobile camerounaise d\u2019un service 4G de haut d\u00e9bit. Apr\u00e8s des investissements globaux de l\u2019ordre de 58 milliards de FCFA en 2019, le constat des 3 entreprises de t\u00e9l\u00e9phonie mobile est amer: \u00ab<em>le souci du secteur aujourd\u2019hui c\u2019est de pouvoir avoir une infrastructure de qualit\u00e9 et optimale. Les infrastructures que nous achetons nous co\u00fbtent tr\u00e8s chers<\/em>\u00bb, ajoute Fr\u00e9d\u00e9ric Debord.\u00a0<\/p>\n<p><strong>Lire aussi<\/strong> : <a href=\"https:\/\/ecomatin.net\/lart-maintient-la-pression-sur-orange-mtn-et-nexttel-pour-le-payement-des-35-milliards-f\/\">L\u2019ART maintient la pression sur Orange, MTN et Nexttel pour le payement des 35 milliards de Fcfa<\/a><\/p>\n<p>Les prix sur les services t\u00e9l\u00e9phoniques sont aussi causes de tensions entre les concessionnaires et l\u2019Etat du Cameroun. Des prix que l\u2019Aoctm juge \u00abbas\u00bb: \u00ab<em>nous avons des investissements lourds qui donnent lieu \u00e0 beaucoup d\u2019amortissements. Nous sommes sur des nouveaux prix qui sont tr\u00e8s bas. On a souvent l\u2019impression que le t\u00e9l\u00e9phone est cher au Cameroun. Mais quand on voit l\u2019utilisation de la data, tout le monde peut aller sur YouTube, Facebook ou WhatsApp. Les prix sont tr\u00e8s bas<\/em>\u00bb, indique encore le pr\u00e9sident de l\u2019Aoctm. \u00ab<em>La data diminue nos ressources. Nous mettons des moyens importants sur les investissements, mais nos chiffres d\u2019affaires ne font que d\u00e9cro\u00eetre<\/em>\u00bb, regrette Oumar Haman, le Directeur g\u00e9n\u00e9ral \u00a0de Viettel Cameroun. Cette situation ne peut perdurer, pensent les responsables Mtn Cameroon, Orange Cameroun et Viettel Cameroun.\u00a0<\/p>\n<p><strong>Lire aussi<\/strong> : <a href=\"https:\/\/ecomatin.net\/que-cache-la-coalition-de-circonstance-entre-orange-mtn-et-nexttel\/\">Que cache la coalisation de circonstance entre Orange, MTN et Nexttel<\/a><\/p>\n<p>Pour y rem\u00e9dier, ces entreprises se sont fix\u00e9es des objectifs pr\u00e9cis, \u00e0 travers l\u2019Aoctm: promouvoir le d\u00e9veloppement des communications \u00e9lectroniques et des op\u00e9rateurs de t\u00e9l\u00e9phonie mobile, entreprendre les actions de relations publiques pour le compte de ses membres et de leur secteur d\u2019activit\u00e9 et plus g\u00e9n\u00e9ralement, toute action visant \u00e0 valoriser leur image, \u00e9tablir entre ses membres, les autorit\u00e9s de tutelle et plus g\u00e9n\u00e9ralement toutes les administrations et institutions intervenant dans le secteur des communications \u00e9lectroniques, un dialogue structur\u00e9 afin d\u2019entretenir un climat favorable au d\u00e9veloppement de leurs activit\u00e9s, mettre \u00e0 la disposition des Autorit\u00e9s en cas de besoin, l\u2019exp\u00e9rience et les connaissances accumul\u00e9es par les parties, entreprendre plus g\u00e9n\u00e9ralement toutes les op\u00e9rations se rattachant directement ou indirectement \u00e0 la promotion des op\u00e9rateurs de t\u00e9l\u00e9phonie mobile et de leur activit\u00e9, et mieux r\u00e9pondre aux attentes des consommateurs.\u00a0<\/p>\n<p>\u00ab<em>Au moment o\u00f9 la crise du Covid pousse \u00e0 plus de digitalisation, nous attendons une r\u00e9elle concertation entre les autorit\u00e9s et les acteurs du secteur pour assurer un environnement propice au d\u00e9veloppement de l\u2019\u00e9conomie, \u00e0 la p\u00e9rennit\u00e9 des infrastructures, \u00e0 la stimulation des investissements et \u00e0 des acteurs profitables qui contribueront aux finances de l\u2019Etat<\/em>\u00bb, souhaitent Fr\u00e9d\u00e9ric Debord, Stephen Blewett et Oumar Haman.<\/p>\n<p><strong>Lire aussi<\/strong> : <a href=\"https:\/\/ecomatin.net\/telecommunications-les-operateurs-a-lheure-des-alliances-strategiques\/\">T\u00e9l\u00e9communications\u00a0: les op\u00e9rateurs \u00e0 l\u2019heure des alliances strat\u00e9giques<\/a><\/p>\n<p>Auteur: Georges Semey<br \/>\n<a href=\"https:\/\/ecomatin.net\/telephonie-mobile-les-operateurs-prives-denoncent-des-pertes-cumulees-de-132-milliards-en-deux-ans\/\">Cliquez ici pour lire l&rsquo;article depuis sa source.<\/a><\/p>\n","protected":false},"excerpt":{"rendered":"<p>Orange Cameroun, Mtn Cameroon et Viettel Cameroun, les trois op\u00e9rateurs priv\u00e9s de la t\u00e9l\u00e9phonie mobile sont formelles: leur secteur se porte mal. Regroup\u00e9es au sein de l\u2019Association des Op\u00e9rateurs Concessionnaires de\u00a0T\u00e9l\u00e9phonie\u00a0Mobile au Cameroun\u00a0(Aoctm), ces concessionnaires ont d\u00e9voil\u00e9 un chapelet de probl\u00e8mes perturbateurs de leurs services, croissance et comp\u00e9titivit\u00e9. Les violons tardent en effet \u00e0 s\u2019accorder [&hellip;]<\/p>\n","protected":false},"author":1969,"featured_media":0,"comment_status":"closed","ping_status":"closed","sticky":false,"template":"","format":"standard","meta":{"fifu_image_url":"","fifu_image_alt":"","footnotes":""},"categories":[82,78],"tags":[],"class_list":["post-107418","post","type-post","status-publish","format-standard","hentry","category-cameroun","category-economie"],"_links":{"self":[{"href":"https:\/\/linitiative.ca\/International\/wp-json\/wp\/v2\/posts\/107418","targetHints":{"allow":["GET"]}}],"collection":[{"href":"https:\/\/linitiative.ca\/International\/wp-json\/wp\/v2\/posts"}],"about":[{"href":"https:\/\/linitiative.ca\/International\/wp-json\/wp\/v2\/types\/post"}],"author":[{"embeddable":true,"href":"https:\/\/linitiative.ca\/International\/wp-json\/wp\/v2\/users\/1969"}],"replies":[{"embeddable":true,"href":"https:\/\/linitiative.ca\/International\/wp-json\/wp\/v2\/comments?post=107418"}],"version-history":[{"count":0,"href":"https:\/\/linitiative.ca\/International\/wp-json\/wp\/v2\/posts\/107418\/revisions"}],"wp:attachment":[{"href":"https:\/\/linitiative.ca\/International\/wp-json\/wp\/v2\/media?parent=107418"}],"wp:term":[{"taxonomy":"category","embeddable":true,"href":"https:\/\/linitiative.ca\/International\/wp-json\/wp\/v2\/categories?post=107418"},{"taxonomy":"post_tag","embeddable":true,"href":"https:\/\/linitiative.ca\/International\/wp-json\/wp\/v2\/tags?post=107418"}],"curies":[{"name":"wp","href":"https:\/\/api.w.org\/{rel}","templated":true}]}}