{"id":107419,"date":"2020-12-17T09:33:20","date_gmt":"2020-12-17T14:33:20","guid":{"rendered":"https:\/\/linitiative.ca\/International\/budget-2021-lenveloppe-de-la-cud-en-hausse-de-228\/"},"modified":"2020-12-17T09:33:20","modified_gmt":"2020-12-17T14:33:20","slug":"budget-2021-lenveloppe-de-la-cud-en-hausse-de-228","status":"publish","type":"post","link":"https:\/\/linitiative.ca\/International\/budget-2021-lenveloppe-de-la-cud-en-hausse-de-228\/","title":{"rendered":"Budget 2021 : l\u2019enveloppe de la CUD en hausse de 22,8%"},"content":{"rendered":"<p>\u00ab<em>Nous n\u2019avons pas donn\u00e9 les chiffres. Nous allons tenir des conf\u00e9rences budg\u00e9taires dans les jours qui suivent. Nous aurons des arbitrages, des ajustements et des \u00e9valuations afin de fixer le montant r\u00e9el des besoins de Douala<\/em>\u00bb, indiquait le Dr. Roger Mbassa Ndine, Maire de Douala le 5 novembre 2020 \u00e0 l\u2019occasion de la session du conseil de communaut\u00e9 du 3\u00e8me trimestre 2020. L\u2019ex\u00e9cutif de la Communaut\u00e9 urbaine de Douala a finalement propos\u00e9 au vote des grands conseillers son budget pour l\u2019exercice 2021. L\u2019enveloppe vot\u00e9e par les grands conseillers se chiffre en recettes et en d\u00e9penses \u00e0 la somme de 56.800.000.000 de FCFA. En hausse de 22,15% par rapport \u00e0 celui de l\u2019exercice 2020 corrig\u00e9 \u00e0 mi-parcours \u00e0 la somme de 46.496.470.653 FCFA. D\u2019apr\u00e8s le Maire de Douala, \u00ab<em>ce budget a \u00e9t\u00e9 \u00e9labor\u00e9 et pr\u00e9sent\u00e9 conform\u00e9ment aux dispositions de la loi N\u00b02019\/024 du 24 d\u00e9cembre 2019 portant Code g\u00e9n\u00e9ral des collectivit\u00e9s territoriales d\u00e9centralis\u00e9es qui prescrit notamment la pr\u00e9sentation du cadre budg\u00e9taire \u00e0 moyen terme fond\u00e9 sur hypoth\u00e8ses r\u00e9alistes. Celui que nous avons \u00e9labor\u00e9 fait ressortir une \u00e9volution sur la p\u00e9riode minimale de 3 ans prescrite par la loi. C\u2019est sur cette base qu\u2019a \u00e9t\u00e9 \u00e9tabli le cadre de d\u00e9penses \u00e0 moyen terme \u00a0(Cmdt) transmis aux conseillers de la communaut\u00e9 urbaine de Douala avec une d\u00e9composition des grandes cat\u00e9gories de d\u00e9penses<\/em>\u00bb.\u00a0<\/p>\n<p><strong>Lire aussi<\/strong> : <a href=\"https:\/\/ecomatin.net\/cud-pres-de-20-milliards-de-fcfa-de-recettes-non-reversees-en-2020\/\">Pr\u00e8s de 20 milliards de Fcfa de recettes non-revers\u00e9es en 2020<\/a><\/p>\n<p>Le d\u00e9coupage du budget de la Communaut\u00e9 urbaine de Douala pour le prochain exercice affiche 49.705.927.823 Fcfa pour les recettes de fonctionnement, et 7.094.072.177 FCFA destin\u00e9s aux recettes d\u2019investissement. Les d\u00e9penses de fonctionnement indiquent une enveloppe de 34.080.000.000 FCFA et les d\u00e9penses d\u2019investissement, 22.720.000.000 de FCFA. \u00ab<em>Ces pr\u00e9visions se fondent, particuli\u00e8rement en ce qui concerne les recettes, sur la bonne r\u00e9alisation des objectifs du budget rectificatif de 2020, la consolidation de la relance des activit\u00e9s et un accroissement volontariste des recettes propres dont les r\u00e9alisations demeurent en-de\u00e7\u00e0 de leur potentiel tel qu\u2019il ressort de nombreuses estimations r\u00e9alistes<\/em>\u00bb, soutient le Dr. Roger Mbassa Ndine. D\u2019apr\u00e8s qui, les ratios explicitement fix\u00e9s par la loi ont \u00e9t\u00e9 respect\u00e9s (taux plancher de 40% pour les d\u00e9penses d\u2019investissement par rapport aux d\u00e9penses totales, et 60% pour les d\u00e9penses de fonctionnement par rapport aux d\u00e9penses totales). Tout comme les pr\u00e9visions de d\u00e9penses du personnel qui n\u2019exc\u00e9dent pas 35% des d\u00e9penses de fonctionnement.\u00a0<\/p>\n<p><strong>Lire aussi<\/strong> : <a href=\"https:\/\/ecomatin.net\/incivisme-urbain-a-douala-des-taux-damendes-forfaitaires-pour-casseurs-et-pollueurs\/\">Incivisme urbain \u00e0 Douala\u00a0: des taux d\u2019amendes forfaitaires pour casseurs et pollueurs<\/a><\/p>\n<p><strong>Conseillers dubitatifs<\/strong><\/p>\n<p>En glissement annuel, il est fort opportun de rappeler que le budget en cours de la Communaut\u00e9 urbaine de Douala a \u00e9t\u00e9 initialement arr\u00eat\u00e9 en recettes et en d\u00e9penses \u00e0 hauteur de 59.318.000.000 de FCFA. Avant d\u2019\u00eatre port\u00e9 \u00e0 la somme de 46.496.000.000 de FCFA apr\u00e8s le vote d\u2019un collectif budg\u00e9taire communautaire. D\u2019o\u00f9 les interrogations de quelques conseillers dubitatifs sur les capacit\u00e9s de la Mairie de Douala \u00e0 tenir ses pr\u00e9visions. L\u2019ex\u00e9cutif communautaire de Douala rassure toutefois: \u00ab<em>le budget 2021 s\u2019articule sur une rationalisation optimale des d\u00e9penses, la recherche syst\u00e9matique et la maximisation des recettes propres, la ma\u00eetrise des charges de fonctionnement, en pr\u00e9servant \u00a0la qualit\u00e9 des prestations, l\u2019am\u00e9lioration des d\u00e9penses d\u2019investissement, la recherche des voies et moyens pour le recouvrement des arri\u00e9r\u00e9s de recettes en concertation avec le Minfi, au niveau du tr\u00e9sor public. Parall\u00e8lement, la CUD entend accro\u00eetre substantiellement les recettes sur la publicit\u00e9, les \u00e9quipements marchands, les actes d\u2019urbanisme et de construction, taux forfaitaires contre les actes d\u2019incivisme etc\u2026.<\/em>\u00bb.<\/p>\n<p><strong>Lire aussi<\/strong> : <a href=\"https:\/\/ecomatin.net\/voirie-urbaine-et-assainissement-douala-place-sous-plan-durgence-minimal\/\">Voirie urbaine\u00a0et assainissement\u00a0: Douala sous plan d\u2019urgence minimal<\/a><\/p>\n<p>Le Dr. Roger Mbassa Ndine entend poursuivre ses perspectives de mise en oeuvre du programme de l\u2019ex\u00e9cutif communautaire pour la mandature 2020\/2025 sur les plans infrastructurel, \u00e9conomique, l\u2019attractivit\u00e9 et de la comp\u00e9titivit\u00e9 sous-r\u00e9gionale, l\u2019urbanisme, la culture, l\u2019environnement et le d\u00e9veloppement durable. 2021 conna\u00eetra ainsi le lancement ou le renforcement de grandes op\u00e9rations de lutte contre le d\u00e9sordre urbain (lib\u00e9ration des trottoirs, d\u00e9placement des points de stationnement des motos taxis, campagne de contr\u00f4le du respect des r\u00e8gles d\u2019urbanisme), acquisition de nombreux engins pour les travaux d\u2019entretien en r\u00e9gie, acc\u00e9l\u00e9ration du programme d\u2019entretien des voiries et de r\u00e9habilitation de l\u2019infrastructure d\u2019\u00e9clairage public, construction de la barge pour les liaisons avec Manoka, ach\u00e8vement des travaux de construction ou de r\u00e9habilitation des immeubles devant abriter les services de la Mairie de la ville, renforcement du programme d\u2019entretien des drains et des actions d\u2019hygi\u00e8ne et de salubrit\u00e9 publique, application des amendes pour toute infraction sur la d\u00e9t\u00e9rioration du d\u00e9cor urbain et sur l\u2019environnement, r\u00e9habilitation des espaces publics marchands et l\u2019assainissement de leur fonctionnement pour 7000 commer\u00e7ants recens\u00e9s etc\u2026<\/p>\n<p><strong>Lire aussi<\/strong> : <a href=\"https:\/\/ecomatin.net\/la-cud-rompt-son-contrat-avec-zenith-insurance\/\">La CUD rompt son contrat avec Zenith assurance<\/a><\/p>\n<p>D\u00e9j\u00e0 tr\u00e8s attendus, malgr\u00e9 les conjonctures \u00e9conomique et sanitaire, les r\u00e9sultats de l\u2019ex\u00e9cution du budget 2020 en fin de cycle. \u00c9galement, ceux de la r\u00e9alisation des programmes d\u2019action du Maire de Douala. Il s\u2019agit du programme 1 portant sur l\u2019am\u00e9lioration de l\u2019offre des services sociaux \u00a0de base (11.888.032.397 FCFA), le programme 2 sur la promotion du d\u00e9veloppement \u00e9conomique dans l\u2019aire m\u00e9tropolitaine (4.238.982.120 FCFA), 11.196.103.469 FCFA r\u00e9serv\u00e9s au programme 3 portant sur la protection de l\u2019environnement et la promotion du d\u00e9veloppement durable dans l\u2019aire m\u00e9tropolitaine. L\u2019enveloppe du programme 4 sur la gouvernance urbaine et l\u2019administration est chiffr\u00e9e \u00e0 19.173.352.567 FCFA.<\/p>\n<p>Auteur: Georges Semey<br \/>\n<a href=\"https:\/\/ecomatin.net\/budget-2021-lenveloppe-de-la-cud-en-hausse-de-228\/\">Cliquez ici pour lire l&rsquo;article depuis sa source.<\/a><\/p>\n","protected":false},"excerpt":{"rendered":"<p>\u00abNous n\u2019avons pas donn\u00e9 les chiffres. Nous allons tenir des conf\u00e9rences budg\u00e9taires dans les jours qui suivent. Nous aurons des arbitrages, des ajustements et des \u00e9valuations afin de fixer le montant r\u00e9el des besoins de Douala\u00bb, indiquait le Dr. Roger Mbassa Ndine, Maire de Douala le 5 novembre 2020 \u00e0 l\u2019occasion de la session du [&hellip;]<\/p>\n","protected":false},"author":1969,"featured_media":0,"comment_status":"closed","ping_status":"closed","sticky":false,"template":"","format":"standard","meta":{"fifu_image_url":"","fifu_image_alt":"","footnotes":""},"categories":[82,78],"tags":[],"class_list":["post-107419","post","type-post","status-publish","format-standard","hentry","category-cameroun","category-economie"],"_links":{"self":[{"href":"https:\/\/linitiative.ca\/International\/wp-json\/wp\/v2\/posts\/107419","targetHints":{"allow":["GET"]}}],"collection":[{"href":"https:\/\/linitiative.ca\/International\/wp-json\/wp\/v2\/posts"}],"about":[{"href":"https:\/\/linitiative.ca\/International\/wp-json\/wp\/v2\/types\/post"}],"author":[{"embeddable":true,"href":"https:\/\/linitiative.ca\/International\/wp-json\/wp\/v2\/users\/1969"}],"replies":[{"embeddable":true,"href":"https:\/\/linitiative.ca\/International\/wp-json\/wp\/v2\/comments?post=107419"}],"version-history":[{"count":0,"href":"https:\/\/linitiative.ca\/International\/wp-json\/wp\/v2\/posts\/107419\/revisions"}],"wp:attachment":[{"href":"https:\/\/linitiative.ca\/International\/wp-json\/wp\/v2\/media?parent=107419"}],"wp:term":[{"taxonomy":"category","embeddable":true,"href":"https:\/\/linitiative.ca\/International\/wp-json\/wp\/v2\/categories?post=107419"},{"taxonomy":"post_tag","embeddable":true,"href":"https:\/\/linitiative.ca\/International\/wp-json\/wp\/v2\/tags?post=107419"}],"curies":[{"name":"wp","href":"https:\/\/api.w.org\/{rel}","templated":true}]}}