{"id":107420,"date":"2020-12-17T10:44:36","date_gmt":"2020-12-17T15:44:36","guid":{"rendered":"https:\/\/linitiative.ca\/International\/le-premier-ministre-inaugure-officiellement-le-douala-grand-mall\/"},"modified":"2020-12-17T10:44:36","modified_gmt":"2020-12-17T15:44:36","slug":"le-premier-ministre-inaugure-officiellement-le-douala-grand-mall","status":"publish","type":"post","link":"https:\/\/linitiative.ca\/International\/le-premier-ministre-inaugure-officiellement-le-douala-grand-mall\/","title":{"rendered":"Le Premier Ministre inaugure officiellement le Douala Grand Mall"},"content":{"rendered":"<p>Pari tenu par Douala Retail and Convention Centre (Drcc). Le calendrier d\u2019inauguration du Douala Grand Mall, complexe commercial premium d\u2019Afrique centrale a scrupuleusement \u00e9t\u00e9 respect\u00e9 par la filiale du groupe Actis, principal financier du projet. \u00ab<em>Nos pr\u00e9visions actuelles, bas\u00e9es sur un retour quasi normal de l\u2019activit\u00e9 mondiale dans les trois prochains mois, tablent sur un soft opening aux alentours du mois de septembre 2020, suivi d\u2019une inauguration officielle en fin d\u00e9cembre 2020<\/em>\u00bb, d\u00e9clarait r\u00e9cemment Mathurin Kamdem, le CEO de Douala Retail and Convention Centre (Drcc) \u00e0 Ecomatin. Le bijou commercial a \u00e9t\u00e9 officiellement inaugur\u00e9 par le Premier Ministre, Chef du gouvernement, Joseph Dion Ngute, repr\u00e9sentant du Pr\u00e9sident de la R\u00e9publique. Accompagn\u00e9 de Luc Magloire Mbarga Atangana, le ministre du Commerce\u00a0; C\u00e9lestine Ketcha Court\u00e8s, la ministre de l\u2019Habitat et du D\u00e9veloppement urbain\u00a0; Anne Marthe Mindja, la Directrice g\u00e9n\u00e9rale de l\u2019Agence de promotion des investissements (API)\u00a0; du Maire de Douala, Roger Mbassa Ndine, entre autres convives. Qui dans son mot de bienvenue a relev\u00e9 la position id\u00e9ale du Douala Grand Mall, situ\u00e9 \u00abpr\u00e8s de l\u2019a\u00e9roport international de Douala, le centre administratif et les principaux quartiers r\u00e9sidentiels de Douala\u00bb.\u00a0<\/p>\n<p><strong>Lire aussi<\/strong> : <a href=\"https:\/\/ecomatin.net\/douala-grand-mall-la-phase-1-en-cours-de-finalisation\/\">Douala Grand\u00a0: la phase 1 en cours de finalisation<\/a><\/p>\n<p>Acteur majeur dans la concr\u00e9tisation de ce projet (facilitation de la mobilit\u00e9 urbaine, d\u00e9livrance des actes d\u2019urbanisme etc\u2026), la Mairie de Douala se r\u00e9jouit de ce \u00abcoup d\u2019acc\u00e9l\u00e9rateur \u00e0 la comp\u00e9titivit\u00e9 et \u00e0 l\u2019attractivit\u00e9 de la capitale \u00e9conomique du Cameroun\u00bb. Eric Mansuy, le Directeur g\u00e9n\u00e9ral de l\u2019entreprise Eneo d\u00e9tenue \u00e0 51% par le financier Actis, repr\u00e9sentait le fonds d\u2019investissement pour l\u2019occasion. Pour lui, les projets Douala Grand Mall et Business Park marquent \u00ab<em>l\u2019engagement du groupe Actis \u00e0 envisager d\u2019autres projets et \u00e0 p\u00e9renniser ses investissements au Cameroun<\/em>\u00bb. Le fonds britannique s\u2019est en effet engag\u00e9 \u00e0 hauteur de 92% dans le financement du Douala Grand Mall. En t\u00e9moigne la pr\u00e9sence \u00e0 cette c\u00e9r\u00e9monie, de Sam Noble, le Charg\u00e9 d\u2019affaires du Haut-commissariat de Grande Bretagne au Cameroun, repr\u00e9sentant du Haut-Commissaire.<\/p>\n<p>D\u2019apr\u00e8s Mathurin Kamdem, le plus grand p\u00f4le touristique, commerciale, et de loisirs du Cameroun et d\u2019Afrique centrale a n\u00e9cessit\u00e9 un investissement de 50 milliards de FCFA dans sa premi\u00e8re phase, \u00e9tendue sur 3 hectares, sur une superficie totale de 5 hectares. Pour un total d\u2019environ 80 milliards de FCFA d\u2019investissement. La premi\u00e8re phase a connu un financement participatif de 18 milliards de FCFA d\u00e9caiss\u00e9s par Proparco, une agence de l\u2019Agence fran\u00e7aise de d\u00e9veloppement (AFD), et la Soci\u00e9t\u00e9 g\u00e9n\u00e9rale du Cameroun: \u00ab300.000 visiteurs sont attendus par mois au Douala Grand Mall. Ce site associera de fa\u00e7on interactive les fonctions de loisirs et de commerce, et contribuera de fa\u00e7on significative \u00e0 l\u2019am\u00e9lioration et la modernisation du tissu urbain de la ville. Tout en apportant \u00e0 notre vibrante ville, une nouvelle offre r\u00e9cr\u00e9ative et de divertissement tant attendus par les populations de Douala\u00bb, a d\u00e9clar\u00e9 le CEO Douala Retail and Convention Centre (Drcc). A ces populations, le Maire Roger Mbassa Ndine \u00a0demande de \u00abfaire bon usage de la nouvelle infrastructure\u00bb.\u00a0<\/p>\n<p><strong>Lire aussi<\/strong> : \u00a0<a href=\"https:\/\/ecomatin.net\/les-travaux-de-construction-du-douala-grand-mall-seront-acheves-au-plus-tard-en-juin-2020\/\">les travaux de construction du Douala Grand Mall seront achev\u00e9s au plus tard en juin 2020<\/a><\/p>\n<p>Le premier ministre Joseph Dion Ngute a d\u2019ailleurs opportun\u00e9ment situ\u00e9 temporellement l\u2019av\u00e8nement du Douala Grand Mall, qui intervient \u00e0 la veille de l\u2019op\u00e9rationnalisation de la Zone de libre-\u00e9change continentale africaine (Zlecaf)\u00a0: \u00abNul ne peut contester \u00e0 Douala son statut de capitale \u00e9conomique. Douala devient davantage un carrefour international des \u00e9changes, faisant \u00e9galement du Cameroun une terre d\u2019attractivit\u00e9 et d\u2019opportunit\u00e9\u00bb. Le premier ministre s\u2019est par ailleurs r\u00e9jouit de l\u2019aboutissement d\u2019une \u00e9tape suppl\u00e9mentaire vers la marche du Cameroun vers son \u00e9mergence\u00bb. \u00a0<\/p>\n<p><strong>Chancelier \u00e0 titre exceptionnel<\/strong>\u00a0<\/p>\n<p>Douala Grand Mall est \u00a0\u00e9tal\u00e9, pour sa phase 1, \u00a0sur une superficie de 18.000 m2 de surface locative, sur un total de 38.000 m2 de surface globale. Le complexe comprend pour sa premi\u00e8re phase un multiplexe de 5 salles de cin\u00e9ma de 1000 places, un supermarch\u00e9 (Carrefour) d\u2019une superficie de 3000 m2, un spa et un spectra beaut\u00e9 \u00e9tendu sur 750 m2, un parking d\u2019une capacit\u00e9 de 640 voitures, 22 restaurants, un centre de loisirs, 160 magasins, des espaces commerciaux et boutiques etc\u2026\u2026\u00a0<\/p>\n<p><strong>Lire aussi<\/strong> : <a href=\"https:\/\/ecomatin.net\/douala-grand-mall-deja-plus-de-60-de-reservations-des-espaces\/\">Douala grand Mall\u00a0: d\u00e9j\u00e0 plus de 60% de r\u00e9servations des espaces<\/a><\/p>\n<p>Le projet Douala Grand Mall d\u00e9bute par la signature, en 2017, d\u2019une convention entre l\u2019Etat du Cameroun et\u00a0le groupe britannique Actis. Le chantier d\u00e9marre effectivement en d\u00e9cembre 2017 sous ex\u00e9cution de l\u2019entreprise sud-africaine Raubex Renovo. Suivra le 11 avril 2018 la c\u00e9r\u00e9monie de pose de la premi\u00e8re pierre de l\u2019ouvrage par Luc Magloire Mbarga Atangana, le Ministre du commerce repr\u00e9sentant le Pr\u00e9sident de la R\u00e9publique S.E Paul Biya. Un an plutard en avril 2019, le projet Douala Grand Mall obtient la certification Edge (Excellence in Design for\u00a0Greater Efficiencies)\u00a0de l\u2019IFC, filiale de la Banque mondiale. La m\u00eame ann\u00e9e, le projet obtiendra par la suite du R\u00e9seau des ing\u00e9nieurs paysagistes du Cameroun, \u00a0le prix \u00abl\u2019excellence design ans landscape award\u00bb.<\/p>\n<p>Le Douala Grand Mall est\u00a0\u00a0strat\u00e9giquement situ\u00e9, \u00e0 un jet de pierre de l\u2019a\u00e9roport international de Douala, boulevard de l\u2019aviation, quartier Bonadiwoto.\u00a0Dans un contexte de covid-19 particuli\u00e8rement rude, les travaux se sont achev\u00e9s d\u00e9finitivement en d\u00e9cembre 2020. Construit par l\u2019entreprise sud-africaine\u00a0Raubex-Renovo, le Douala Grand Mall a \u00e9t\u00e9 visit\u00e9 apr\u00e8s la coupure du ruban symbolique par le Premier Ministre. Mathurin Kamdem sera \u00e9lev\u00e9 par le Premier Ministre, au rang de Chancelier de l\u2019ordre de la valeur \u00e0 titre exceptionnel. Douala Retail and Convention Centre (Drcc) annonce le d\u00e9marrage effectif de la seconde phase du projet. Il pr\u00e9voit la construction sur une superficie totale de 52.000 m2, d\u2019un h\u00f4tel intercontinental de luxe, au sein d\u2019un vaste Business Park, qui comprendra \u00e9galement un parc de bureaux.\u00a0<\/p>\n<table>\n<tbody readability=\"16\">\n<tr readability=\"2\">\n<td><strong>N\u00b0<\/strong><\/td>\n<td><strong>Le Douala Grand Mall en chiffres<\/strong>\u00a0<\/td>\n<\/tr>\n<tr readability=\"2\">\n<td>1<\/td>\n<td>18.000 m2 de surface locative<\/td>\n<\/tr>\n<tr readability=\"2\">\n<td>2<\/td>\n<td>38.000 m2 de surface globale<\/td>\n<\/tr>\n<tr>\n<td>4<\/td>\n<td>\u00a0160 magasins<\/td>\n<\/tr>\n<tr>\n<td>5<\/td>\n<td>\u00a022 restaurants<\/td>\n<\/tr>\n<tr readability=\"2\">\n<td>6<\/td>\n<td>\u00a05 salles de cin\u00e9ma (1000 places)<\/td>\n<\/tr>\n<tr>\n<td>7<\/td>\n<td>\u00a0Un spa de 750 m2<\/td>\n<\/tr>\n<tr readability=\"2\">\n<td>8<\/td>\n<td>\u00a0Une aire de jeu et garderie pour enfants<\/td>\n<\/tr>\n<tr readability=\"4\">\n<td>9<\/td>\n<td>\u00a0Des espaces modes, high tech, cosm\u00e9tiques et services<\/td>\n<\/tr>\n<tr readability=\"2\">\n<td>10<\/td>\n<td>\u00a0Des espaces \u00e9quipements et d\u00e9co<\/td>\n<\/tr>\n<tr>\n<td>11<\/td>\n<td>-Parking de 640 places\u00a0<\/td>\n<\/tr>\n<tr readability=\"2\">\n<td>12<\/td>\n<td>Une station-service Total<\/td>\n<\/tr>\n<tr readability=\"2\">\n<td>13<\/td>\n<td>Une vingtaine d\u2019entreprises impliqu\u00e9es dans le chanmois<\/td>\n<\/tr>\n<tr readability=\"2\">\n<td>14<\/td>\n<td>4500 emplois cr\u00e9\u00e9s dans les phases 1 et 2<\/td>\n<\/tr>\n<tr readability=\"4\">\n<td>15<\/td>\n<td>2000 ouvriers, techniciens et ing\u00e9nieurs camerounais \u00e0 l\u2019ouvrage depuis le lancement du chantier<\/td>\n<\/tr>\n<tr readability=\"2\">\n<td>16<\/td>\n<td>80 milliards d\u2019investissement<\/td>\n<\/tr>\n<tr readability=\"2\">\n<td>17<\/td>\n<td>300.000 visiteurs attendus par mois<\/td>\n<\/tr>\n<tr readability=\"2\">\n<td>18<\/td>\n<td>Zone de chalandise: pr\u00e8s de 4 millions d\u2019habitants<\/td>\n<\/tr>\n<\/tbody>\n<\/table>\n<p><strong>Lire aussi<\/strong> : \u00a0<a href=\"https:\/\/ecomatin.net\/la-phase-i-du-douala-grand-mall-en-cours-de-finalisation\/\">La phase I du Douala grand Mall en cours de finalisation<\/a><\/p>\n<p>Auteur: Georges Semey<br \/>\n<a href=\"https:\/\/ecomatin.net\/le-premier-ministre-inaugure-officiellement-le-douala-grand-mall\/\">Cliquez ici pour lire l&rsquo;article depuis sa source.<\/a><\/p>\n","protected":false},"excerpt":{"rendered":"<p>Pari tenu par Douala Retail and Convention Centre (Drcc). Le calendrier d\u2019inauguration du Douala Grand Mall, complexe commercial premium d\u2019Afrique centrale a scrupuleusement \u00e9t\u00e9 respect\u00e9 par la filiale du groupe Actis, principal financier du projet. \u00abNos pr\u00e9visions actuelles, bas\u00e9es sur un retour quasi normal de l\u2019activit\u00e9 mondiale dans les trois prochains mois, tablent sur un [&hellip;]<\/p>\n","protected":false},"author":1969,"featured_media":0,"comment_status":"closed","ping_status":"closed","sticky":false,"template":"","format":"standard","meta":{"fifu_image_url":"","fifu_image_alt":"","footnotes":""},"categories":[82,78],"tags":[],"class_list":["post-107420","post","type-post","status-publish","format-standard","hentry","category-cameroun","category-economie"],"_links":{"self":[{"href":"https:\/\/linitiative.ca\/International\/wp-json\/wp\/v2\/posts\/107420","targetHints":{"allow":["GET"]}}],"collection":[{"href":"https:\/\/linitiative.ca\/International\/wp-json\/wp\/v2\/posts"}],"about":[{"href":"https:\/\/linitiative.ca\/International\/wp-json\/wp\/v2\/types\/post"}],"author":[{"embeddable":true,"href":"https:\/\/linitiative.ca\/International\/wp-json\/wp\/v2\/users\/1969"}],"replies":[{"embeddable":true,"href":"https:\/\/linitiative.ca\/International\/wp-json\/wp\/v2\/comments?post=107420"}],"version-history":[{"count":0,"href":"https:\/\/linitiative.ca\/International\/wp-json\/wp\/v2\/posts\/107420\/revisions"}],"wp:attachment":[{"href":"https:\/\/linitiative.ca\/International\/wp-json\/wp\/v2\/media?parent=107420"}],"wp:term":[{"taxonomy":"category","embeddable":true,"href":"https:\/\/linitiative.ca\/International\/wp-json\/wp\/v2\/categories?post=107420"},{"taxonomy":"post_tag","embeddable":true,"href":"https:\/\/linitiative.ca\/International\/wp-json\/wp\/v2\/tags?post=107420"}],"curies":[{"name":"wp","href":"https:\/\/api.w.org\/{rel}","templated":true}]}}