{"id":107421,"date":"2020-12-17T14:35:52","date_gmt":"2020-12-17T19:35:52","guid":{"rendered":"https:\/\/linitiative.ca\/International\/lentreprise-camerounaise-numelec-s-a-equipe-le-premier-centre-dimagerie-medicale-et-dhemodialyse-en-rca\/"},"modified":"2020-12-17T14:35:52","modified_gmt":"2020-12-17T19:35:52","slug":"lentreprise-camerounaise-numelec-s-a-equipe-le-premier-centre-dimagerie-medicale-et-dhemodialyse-en-rca","status":"publish","type":"post","link":"https:\/\/linitiative.ca\/International\/lentreprise-camerounaise-numelec-s-a-equipe-le-premier-centre-dimagerie-medicale-et-dhemodialyse-en-rca\/","title":{"rendered":"L\u2019entreprise Camerounaise Numelec S.A \u00e9quipe le premier Centre d\u2019imagerie m\u00e9dicale et d\u2019h\u00e9modialyse en RCA"},"content":{"rendered":"<p>Le pr\u00e9sident centrafricain Faustin Archange Touad\u00e9ra a pr\u00e9sid\u00e9 le vendredi 04 d\u00e9cembre dernier \u00e0 l\u2019h\u00f4pital G\u00e9n\u00e9ral de Bangui, la c\u00e9r\u00e9monie d\u2019inauguration du tout premier Centre d\u2019imagerie m\u00e9dicale et d\u2019h\u00e9modialyse de la R\u00e9publique Centrafricaine.Con\u00e7u et r\u00e9alis\u00e9 pour optimiser la prise en charge en soins de sant\u00e9 des populations centrafricaine et limiter ainsi les \u00e9vacuations sanitaires qui font perdre pr\u00e8s de 5 Milliards \u00e0 l\u2019Etat par an, le centre \u00e9tait une promesse ferme en d\u00e9but de mandat du pr\u00e9sident Touad\u00e9ra. Sa r\u00e9alisation a \u00e9t\u00e9 rendue possible gr\u00e2ce \u00e0 l\u2019expertise de l\u2019entreprise camerounaise Numelec S.A.\u00a0Selon la presse locale, le pr\u00e9sident centrafricain s\u2019est dit globalement satisfait des travaux r\u00e9alis\u00e9s\u00a0et a pris la d\u00e9cision s\u00e9ance tenante d\u2019aller encore un peu plus loin avec des scanners \u00e0 IRM encore plus pouss\u00e9s comme le Scanner R\u00e9volution GSI pour le service d\u2019imagerie m\u00e9dicale entre autres\u00a0\u00ab\u00a0D\u00e9sormais nos malades d\u2019insuffisance r\u00e9nale et autres maladies n\u00e9cessitant des Dialyses, scanners, mammographies, panoramique dentaire\u2026Etc, n\u2019auront plus \u00e0 mourir ou \u00e0 prendre la route ou l\u2019avion pour recevoir les soins ailleurs\u2026 c\u2019est un bon en avant vers l\u2019am\u00e9lioration continue de notre syst\u00e8me de sant\u00e9 et dans la protection de la vie de nos concitoyens, ceci est notre engagement et nous devons toujours l\u2019assumer quelqu\u2019un soit les difficult\u00e9s\u00a0\u00bb a-t-il relev\u00e9.<\/p>\n<p><strong>Lire aussi<\/strong> : <a href=\"https:\/\/ecomatin.net\/mobile-money-orange-prepare-en-secret-les-transferts-dargent-vers-le-tchad-et-la-rca\/\">Mobile Money: Orange pr\u00e9pare en secret les transferts d\u2019argent vers le Tchad et la RCA<\/a><\/p>\n<p>Le parterre d\u2019autorit\u00e9s pr\u00e9sente, compos\u00e9 d\u2019Ambassadeurs accr\u00e9dit\u00e9s en Centrafrique et des membres du Gouvernement entre autres, a v\u00e9cu de pr\u00e8s les d\u00e9monstrations d\u2019usage de ces nouveaux appareils de derni\u00e8re g\u00e9n\u00e9ration du tout nouveau centre national d\u2019imagerie m\u00e9dicale et d\u2019h\u00e9modialyse. En plus de l\u2019installation de ces \u00e9quipements m\u00e9dicaux, l\u2019entreprise Numelec S.A sera \u00e9galement charg\u00e9e d\u2019assurer la maintenance et le suivi, tout en formant le personnel centrafricain. Un v\u0153u pieux, formul\u00e9 par le directeur g\u00e9n\u00e9ral de l\u2019h\u00f4pital G\u00e9n\u00e9ral de Bangui, le Dr Abdel-Karim Zakaria. \u00ab Une chose est d\u2019avoir ces \u00e9quipements, une autre chose est d\u2019avoir des hommes comp\u00e9tents pour animer ces \u00e9quipements et les entretenir pour le bien de la population, insiste le directeur. Le grand probl\u00e8me que nous allons avoir c\u2019est le probl\u00e8me du personnel. Il faudra que nous mettions un accent particulier sur la formation du personnel et le renforcement de leur capacit\u00e9. C\u2019est vraiment urgent et nous sollicitons encore l\u2019expertise de Numelec S.A pour un accompagnement\u00bb souligne-t-il.<\/p>\n<p><strong>Lire aussi<\/strong> : \u00a0<a href=\"https:\/\/ecomatin.net\/tradex-renforce-son-reseau-de-stations-service-en-rca\/\">Tradex renforce son r\u00e9seau de stations-service en RCA<\/a><\/p>\n<p>En guise de r\u00e9ponse, Alain Nkana, patron de Numelec S.A s\u2019est voulu rassurant quant aux capacit\u00e9s de son entreprise \u00e0 mener \u00e0 bien cette mission. \u00ab\u00a0Nous avons l\u2019expertise pour r\u00e9aliser, mais aussi former \u00e0 l\u2019utilisation et la maintenance, nous accompagnerons l\u2019h\u00f4pital G\u00e9n\u00e9ral et le personnel dans ce sens-l\u00e0, afin de garantir une utilisation optimale et l\u2019am\u00e9lioration de la prise en charge des patients garantissant une certaine p\u00e9rennit\u00e9 dans l\u2019activit\u00e9\u00a0\u00bb a-t-il d\u00e9clar\u00e9.<\/p>\n<p>L\u2019entreprise Numelec S.A qui a r\u00e9alis\u00e9 ces travaux, est sp\u00e9cialis\u00e9e dans la construction et la fourniture des \u00e9quipements et consommables m\u00e9dicaux. Notamment sur des appareils ultramodernes permettant d\u2019am\u00e9liorer les diagnostics et limitant l\u2019impact sur les corps des patients.<br \/>Elle a \u00e0 son actif, plusieurs r\u00e9alisations dans une dizaine de pays sur le Continent et en Europe. On peut citer entre autres des r\u00e9alisations des 08 Centres d\u2019imagerie et d\u2019h\u00e9modialyse du Cameroun et plusieurs expertises de Consultation en conception, montage et r\u00e9alisation des projets en sant\u00e9 au Gabon, Djibouti, Canton de Gen\u00e8ve pour ne citer que ceux-l\u00e0.<\/p>\n<p><strong>Lire aussi<\/strong> : <a href=\"https:\/\/ecomatin.net\/lonu-ferme-les-frontieres-entre-le-cameroun-et-la-rca\/\">L\u2019ONU ferme les fronti\u00e8res entre le Cameroun et la RCA<\/a><\/p>\n<p>Auteur: Cedrick JIONGO<br \/>\n<a href=\"https:\/\/ecomatin.net\/lentreprise-camerounaise-numelec-s-a-equipe-le-premier-centre-dimagerie-medicale-et-dhemodialyse-en-rca\/\">Cliquez ici pour lire l&rsquo;article depuis sa source.<\/a><\/p>\n","protected":false},"excerpt":{"rendered":"<p>Le pr\u00e9sident centrafricain Faustin Archange Touad\u00e9ra a pr\u00e9sid\u00e9 le vendredi 04 d\u00e9cembre dernier \u00e0 l\u2019h\u00f4pital G\u00e9n\u00e9ral de Bangui, la c\u00e9r\u00e9monie d\u2019inauguration du tout premier Centre d\u2019imagerie m\u00e9dicale et d\u2019h\u00e9modialyse de la R\u00e9publique Centrafricaine.Con\u00e7u et r\u00e9alis\u00e9 pour optimiser la prise en charge en soins de sant\u00e9 des populations centrafricaine et limiter ainsi les \u00e9vacuations sanitaires qui [&hellip;]<\/p>\n","protected":false},"author":1969,"featured_media":0,"comment_status":"closed","ping_status":"closed","sticky":false,"template":"","format":"standard","meta":{"fifu_image_url":"","fifu_image_alt":"","footnotes":""},"categories":[82,78],"tags":[],"class_list":["post-107421","post","type-post","status-publish","format-standard","hentry","category-cameroun","category-economie"],"_links":{"self":[{"href":"https:\/\/linitiative.ca\/International\/wp-json\/wp\/v2\/posts\/107421","targetHints":{"allow":["GET"]}}],"collection":[{"href":"https:\/\/linitiative.ca\/International\/wp-json\/wp\/v2\/posts"}],"about":[{"href":"https:\/\/linitiative.ca\/International\/wp-json\/wp\/v2\/types\/post"}],"author":[{"embeddable":true,"href":"https:\/\/linitiative.ca\/International\/wp-json\/wp\/v2\/users\/1969"}],"replies":[{"embeddable":true,"href":"https:\/\/linitiative.ca\/International\/wp-json\/wp\/v2\/comments?post=107421"}],"version-history":[{"count":0,"href":"https:\/\/linitiative.ca\/International\/wp-json\/wp\/v2\/posts\/107421\/revisions"}],"wp:attachment":[{"href":"https:\/\/linitiative.ca\/International\/wp-json\/wp\/v2\/media?parent=107421"}],"wp:term":[{"taxonomy":"category","embeddable":true,"href":"https:\/\/linitiative.ca\/International\/wp-json\/wp\/v2\/categories?post=107421"},{"taxonomy":"post_tag","embeddable":true,"href":"https:\/\/linitiative.ca\/International\/wp-json\/wp\/v2\/tags?post=107421"}],"curies":[{"name":"wp","href":"https:\/\/api.w.org\/{rel}","templated":true}]}}