{"id":107422,"date":"2020-12-17T14:52:00","date_gmt":"2020-12-17T19:52:00","guid":{"rendered":"https:\/\/linitiative.ca\/International\/lallemagne-debloque-33-milliards-de-f-pour-financer-ses-projets-de-cooperation-avec-le-cameroun\/"},"modified":"2020-12-17T14:52:00","modified_gmt":"2020-12-17T19:52:00","slug":"lallemagne-debloque-33-milliards-de-f-pour-financer-ses-projets-de-cooperation-avec-le-cameroun","status":"publish","type":"post","link":"https:\/\/linitiative.ca\/International\/lallemagne-debloque-33-milliards-de-f-pour-financer-ses-projets-de-cooperation-avec-le-cameroun\/","title":{"rendered":"L\u2019Allemagne d\u00e9bloque 33 milliards de F pour financer ses projets de coop\u00e9ration avec le Cameroun"},"content":{"rendered":"<p>Le ministre de l\u2019Economie, de la Planification et de l\u2019Am\u00e9nagement du territoire (Minepat) Alamine Ousmane Mey et l\u2019ambassadrice d\u2019Allemagne au Cameroun Corinna Fricke ont proc\u00e9d\u00e9 ce 17 d\u00e9cembre 2020 \u00e0 la signature de trois accords de coop\u00e9rations technique et financi\u00e8re, d\u2019un montant de 50 millions d\u2019Euros, pr\u00e8s 32,8 milliards de Fcfa.<\/p>\n<p>Il s\u2019agit premi\u00e8rement d\u2019un accord de coop\u00e9ration technique d\u2019un montant de 32 millions d\u2019euros (20,9 milliards de Fcfa) et de deux coop\u00e9rations financi\u00e8res d\u2019une valeur de 9 millions d\u2019euros chacun soit 5,9 milliards pour chaque accord. De fa\u00e7on globale, ils ont pour objectif d\u2019\u00abapporter un appui important au Cameroun dans l\u2019impl\u00e9mentation de la deuxi\u00e8me phase de sa vision 2035 d\u00e9clin\u00e9 dans la Strat\u00e9gie nationale de d\u00e9veloppement pour la p\u00e9riode 2020-2030 autour de la SND30\u00a0\u00bb, indique Alamine Ousmane Mey. De fa\u00e7on sp\u00e9cifique \u00ab\u00a0l\u2019accord de coop\u00e9ration sign\u00e9 contribuera \u00e0 l\u2019accompagnement technique de nos partenaires dans les domaines du d\u00e9veloppement local\u00a0; de l\u2019Etat civil\u00a0; de la modernisation des finances publiques, de la sant\u00e9 et de l\u2019am\u00e9nagement du territoire \u00bb poursuit-il. Quant aux deux accords de coop\u00e9ration financi\u00e8re, ils visent \u00e0 \u00ab\u00a0appuyer notre pays respectivement dans les domaines de la sant\u00e9 de la reproduction en contribuant \u00e0 la r\u00e9duction de la mortalit\u00e9 maternelle et du d\u00e9veloppement des infrastructures\u00a0\u00a0rurales\u00a0\u00bb rench\u00e9rit le Minepat.<\/p>\n<p><strong>Lire aussi<\/strong> : <a href=\"https:\/\/ecomatin.net\/lallemagne-debloque-127-milliards-pour-doper-le-secteur-agricole-dans-le-grand-nord\/\">L\u2019Allemagne et l\u2019UE d\u00e9bloquent 12 milliards pour 60.000 producteurs agropastoraux du Grand-Nord<\/a><\/p>\n<p>Les accords sign\u00e9s concernent neuf secteurs que sont notamment le d\u00e9veloppement local, les finances publiques, la sant\u00e9, l\u2019agriculture, le d\u00e9veloppement rural, la protection de l\u2019environnement, la d\u00e9centralisation, la gestion efficiente des ressources naturelles. L\u2019intervention de l\u2019Allemagne dans ces secteurs n\u2019est pas anodin, celle-ci dans le cadre de sa coop\u00e9ration avec Cameroun intervient dans quatre secteurs que sont la protection de l\u2019environnement\u00a0et la gestion durable des ressources naturelles\u00a0; la bonne gouvernance et la d\u00e9centralisation\u00a0; l\u2019agriculture et le d\u00e9veloppement rural et la sant\u00e9 reproductive et sexuelle.<\/p>\n<p><strong>Lire aussi<\/strong> : <a href=\"https:\/\/ecomatin.net\/partenariat-economique-lallemagne-pose-ses-conditions-au-gicam\/\">Partenariat \u00e9conomique\u00a0: l\u2019Allemagne pose ses conditions au Gicam<\/a><\/p>\n<p><strong>Bilan 2019<\/strong><\/p>\n<p>Il est important de noter que les projets en question d\u2019une valeur de 50 millions d\u2019euros, sont compt\u00e9s dans l\u2019enveloppe des projets financ\u00e9s pour le compte de l\u2019ann\u00e9e 2019. Ils viennent ainsi rejoindre le projet de r\u00e9silience socio-\u00e9conomique des jeunes vuln\u00e9rables, toujours fianc\u00e9s par la R\u00e9publique f\u00e9d\u00e9rale d\u2019Allemagne \u00e0 hauteur de 5 millions d\u2019euros soit 3,2 milliards de Fcfa. Ce qui porte \u00e0 55 millions d\u2019Euros l\u2019enveloppe globale de l\u2019Allemagne pour le compte de 2019. Comme le confirme l\u2019Ambassadrice d\u2019Allemagne au Cameroun Corinna Fricke\u00a0: \u00ab\u00a0nous avons sign\u00e9 des contrats pour 9 projets de notre coop\u00e9ration bilat\u00e9rale. Au total nous avons conclu en 2019 un volume de 55 millions d\u2019euros pour la coop\u00e9ration bilat\u00e9rale. Dans les secteurs diff\u00e9rents ce sont les secteurs comme la sant\u00e9, l\u2019agriculture, la d\u00e9centralisation et aussi la protection des ressources naturelles qui sont la base de notre coop\u00e9ration\u00a0\u00bb.<\/p>\n<p><strong>Lire aussi<\/strong> : <a href=\"https:\/\/ecomatin.net\/bassin-du-lac-tchad-lallemagne-offre-98-milliards-pour-la-lutte-contre-boko-haram\/\">Bassin du Lac Tchad\u00a0: l\u2019Allemagne offre 9,8 milliards pour la lutte contre Boko Haram<\/a><\/p>\n<p>Notons aussi que dans le cadre des \u00e9changes bilat\u00e9raux, l\u2019Allemagne figure dans le top trois des pays de l\u2019Union europ\u00e9enne. Face \u00e0 l\u2019apparition de la crise du Covid-19, elle a apport\u00e9 un appui de l\u2019ordre de 2 milliards de Fcfa au gouvernement pour lutter contre le virus. Pour le compte de l\u2019ann\u00e9e 2021, dans le cadre de cette coop\u00e9ration, il est envisag\u00e9 des discussions dans le cadre des n\u00e9gociations et consultations bilat\u00e9rales entre les deux partenaires.<\/p>\n<p>Auteur: Cindy MBALA<br \/>\n<a href=\"https:\/\/ecomatin.net\/lallemagne-debloque-33-milliards-de-f-pour-financer-ses-projets-de-cooperation-avec-le-cameroun\/\">Cliquez ici pour lire l&rsquo;article depuis sa source.<\/a><\/p>\n","protected":false},"excerpt":{"rendered":"<p>Le ministre de l\u2019Economie, de la Planification et de l\u2019Am\u00e9nagement du territoire (Minepat) Alamine Ousmane Mey et l\u2019ambassadrice d\u2019Allemagne au Cameroun Corinna Fricke ont proc\u00e9d\u00e9 ce 17 d\u00e9cembre 2020 \u00e0 la signature de trois accords de coop\u00e9rations technique et financi\u00e8re, d\u2019un montant de 50 millions d\u2019Euros, pr\u00e8s 32,8 milliards de Fcfa. Il s\u2019agit premi\u00e8rement d\u2019un [&hellip;]<\/p>\n","protected":false},"author":1969,"featured_media":0,"comment_status":"closed","ping_status":"closed","sticky":false,"template":"","format":"standard","meta":{"fifu_image_url":"","fifu_image_alt":"","footnotes":""},"categories":[82,78],"tags":[],"class_list":["post-107422","post","type-post","status-publish","format-standard","hentry","category-cameroun","category-economie"],"_links":{"self":[{"href":"https:\/\/linitiative.ca\/International\/wp-json\/wp\/v2\/posts\/107422","targetHints":{"allow":["GET"]}}],"collection":[{"href":"https:\/\/linitiative.ca\/International\/wp-json\/wp\/v2\/posts"}],"about":[{"href":"https:\/\/linitiative.ca\/International\/wp-json\/wp\/v2\/types\/post"}],"author":[{"embeddable":true,"href":"https:\/\/linitiative.ca\/International\/wp-json\/wp\/v2\/users\/1969"}],"replies":[{"embeddable":true,"href":"https:\/\/linitiative.ca\/International\/wp-json\/wp\/v2\/comments?post=107422"}],"version-history":[{"count":0,"href":"https:\/\/linitiative.ca\/International\/wp-json\/wp\/v2\/posts\/107422\/revisions"}],"wp:attachment":[{"href":"https:\/\/linitiative.ca\/International\/wp-json\/wp\/v2\/media?parent=107422"}],"wp:term":[{"taxonomy":"category","embeddable":true,"href":"https:\/\/linitiative.ca\/International\/wp-json\/wp\/v2\/categories?post=107422"},{"taxonomy":"post_tag","embeddable":true,"href":"https:\/\/linitiative.ca\/International\/wp-json\/wp\/v2\/tags?post=107422"}],"curies":[{"name":"wp","href":"https:\/\/api.w.org\/{rel}","templated":true}]}}