{"id":107432,"date":"2020-12-18T05:49:23","date_gmt":"2020-12-18T10:49:23","guid":{"rendered":"https:\/\/linitiative.ca\/International\/la-bct-et-le-ministere-de-la-communication-signent-deux-memorandums-dentente\/"},"modified":"2020-12-18T05:49:23","modified_gmt":"2020-12-18T10:49:23","slug":"la-bct-et-le-ministere-de-la-communication-signent-deux-memorandums-dentente","status":"publish","type":"post","link":"https:\/\/linitiative.ca\/International\/la-bct-et-le-ministere-de-la-communication-signent-deux-memorandums-dentente\/","title":{"rendered":"La BCT et le Minist\u00e8re de la Communication signent deux m\u00e9morandums d\u2019entente"},"content":{"rendered":"<div class=\"td-post-content\">\n<h2>La Banque\u00a0<a href=\"https:\/\/www.bct.gov.tn\/bct\/siteprod\/index.jsp\">centrale<\/a>\u00a0de Tunisie \u2013 BCT et le Minist\u00e8re des Technologies de la Communication<\/h2>\n<h2>signaient, jeudi, \u00e0 Tunis, deux m\u00e9morandums d\u2019entente.<\/h2>\n<p>En effet, le premier s\u2019att\u00e8le \u00e0 renforcer la coop\u00e9ration et l\u2019\u00e9change d\u2019exp\u00e9riences dans le domaine de la technologie financi\u00e8re. Alors que le second vise \u00e0 mettre en place des rapports de coop\u00e9ration et de collaboration; et ce, en mati\u00e8re de contr\u00f4le et de surveillance. Pour une meilleure optimisation des efforts et efficacit\u00e9 dans l\u2019exercice de leurs missions respectives.<\/p>\n<p class=\"news_item_view_plain_text\">Par la m\u00eame occasion, la BCT a lanc\u00e9 la phase des tests de la premi\u00e8re cohorte de la sandbox r\u00e9glementaire. Avec quatre Fintechs s\u00e9lectionn\u00e9es, proposant des solutions li\u00e9es \u00e0: l\u2019identification des clients \u00e0 distance; la compensation transfrontali\u00e8re; la cryptomonnaie; et la monnaie centrale digitale. En s\u2019appuyant sur des technologies de pointe, telles que l\u2019intelligence artificielle et la blockchain.<\/p>\n<p class=\"news_item_view_plain_text\">Car, \u00ab\u00a0cette Sandbox r\u00e9glementaire vise \u00e0 favoriser l\u2019\u00e9mergence de Fintechs, en tant que nouveaux acteurs sur le march\u00e9. De m\u00eame que la diversification de l\u2019offre des services financiers digitaux et l\u2019am\u00e9lioration du niveau de l\u2019inclusion financi\u00e8re\u00a0\u00bb. C\u2019est ce qu\u2019indique le gouverneur de la BCT,\u00a0<a href=\"http:\/\/www.leconomistemaghrebin.com\/2020\/11\/05\/marouane-el-abassi-il-ne-faut-pas-ouvrir-une-vanne-et-fermer-une-autre\/\">Marouane El Abassi<\/a>. Ajoutant que la Sandbox permettra \u00e0 ce titre aux Fintechs de se conformer plus rapidement aux exigences r\u00e9glementaires en vigueur. D\u2019apr\u00e8s lui, cette initiative aidera, par ailleurs, le r\u00e9gulateur \u00e0 mieux appr\u00e9hender la complexit\u00e9 des innovations technologiques. En vue d\u2019apporter, le cas \u00e9ch\u00e9ant, des ajustements aux dispositions r\u00e9glementaires. Et ce, dans le but de promouvoir l\u2019innovation dans le secteur bancaire et financier et favoriser l\u2019inclusion financi\u00e8re. Tout en veillant \u00e0 la stabilit\u00e9 financi\u00e8re et la protection des usagers des services financiers.<\/p>\n<p class=\"news_item_view_plain_text\">Enfin, M. Abassi a donn\u00e9 le coup d\u2019envoi des travaux du BCT-Lab, par la m\u00eame occasion. Il se veut un espace d\u2019exp\u00e9rimentation de nouvelles solutions, visant \u00e0 faciliter et \u00e0 acc\u00e9l\u00e9rer la transformation digitale des processus internes de la Banque; en faisant appel \u00e0 des acteurs innovants.<\/p>\n<p>Avec TAP<\/p>\n<\/div>\n<footer>\n<\/footer>\n<div class=\"wp-post-author-wrap wp-post-author-shortcode left\">\n<h3 class=\"awpa-title\"\/>\n<div class=\"wp-post-author\">\n<div class=\"awpa-img awpa-author-block square\"><a href=\"http:\/\/lexpertjournal.net\/fr\/?author=5\"><img loading=\"lazy\" decoding=\"async\" alt=\"\" src=\"http:\/\/0.gravatar.com\/avatar\/97f8e10a1c1125ba104a76514ee07b16?s=150&amp;d=mm&amp;r=g\" srcset=\"http:\/\/0.gravatar.com\/avatar\/97f8e10a1c1125ba104a76514ee07b16?s=300&amp;d=mm&amp;r=g 2x\" class=\"avatar avatar-150 photo\" height=\"150\" width=\"150\"\/><\/a><\/div>\n<\/div>\n<\/div>\n<aside class=\"mashsb-container mashsb-main mashsb-stretched\">\n<\/aside>\n<p>Auteur: L&rsquo;expert<br \/>\n<a href=\"http:\/\/lexpertjournal.net\/fr\/?p=17729\">Cliquez ici pour lire l&rsquo;article depuis sa source.<\/a><\/p>\n","protected":false},"excerpt":{"rendered":"<p>La Banque\u00a0centrale\u00a0de Tunisie \u2013 BCT et le Minist\u00e8re des Technologies de la Communication signaient, jeudi, \u00e0 Tunis, deux m\u00e9morandums d\u2019entente. En effet, le premier s\u2019att\u00e8le \u00e0 renforcer la coop\u00e9ration et l\u2019\u00e9change d\u2019exp\u00e9riences dans le domaine de la technologie financi\u00e8re. Alors que le second vise \u00e0 mettre en place des rapports de coop\u00e9ration et de collaboration; [&hellip;]<\/p>\n","protected":false},"author":1775,"featured_media":0,"comment_status":"closed","ping_status":"closed","sticky":false,"template":"","format":"standard","meta":{"fifu_image_url":"http:\/\/0.gravatar.com\/avatar\/97f8e10a1c1125ba104a76514ee07b16?s=150&d=mm&r=g","fifu_image_alt":"La BCT et le Minist\u00e8re de la Communication signent deux m\u00e9morandums d\u2019entente","footnotes":""},"categories":[78,55],"tags":[],"class_list":["post-107432","post","type-post","status-publish","format-standard","hentry","category-economie","category-tunisie"],"_links":{"self":[{"href":"https:\/\/linitiative.ca\/International\/wp-json\/wp\/v2\/posts\/107432","targetHints":{"allow":["GET"]}}],"collection":[{"href":"https:\/\/linitiative.ca\/International\/wp-json\/wp\/v2\/posts"}],"about":[{"href":"https:\/\/linitiative.ca\/International\/wp-json\/wp\/v2\/types\/post"}],"author":[{"embeddable":true,"href":"https:\/\/linitiative.ca\/International\/wp-json\/wp\/v2\/users\/1775"}],"replies":[{"embeddable":true,"href":"https:\/\/linitiative.ca\/International\/wp-json\/wp\/v2\/comments?post=107432"}],"version-history":[{"count":0,"href":"https:\/\/linitiative.ca\/International\/wp-json\/wp\/v2\/posts\/107432\/revisions"}],"wp:attachment":[{"href":"https:\/\/linitiative.ca\/International\/wp-json\/wp\/v2\/media?parent=107432"}],"wp:term":[{"taxonomy":"category","embeddable":true,"href":"https:\/\/linitiative.ca\/International\/wp-json\/wp\/v2\/categories?post=107432"},{"taxonomy":"post_tag","embeddable":true,"href":"https:\/\/linitiative.ca\/International\/wp-json\/wp\/v2\/tags?post=107432"}],"curies":[{"name":"wp","href":"https:\/\/api.w.org\/{rel}","templated":true}]}}