{"id":107440,"date":"2020-12-18T05:35:26","date_gmt":"2020-12-18T10:35:26","guid":{"rendered":"https:\/\/linitiative.ca\/International\/le-conseil-communal-de-marrakech-tient-sa-session-extraordinaire\/"},"modified":"2020-12-18T05:35:26","modified_gmt":"2020-12-18T10:35:26","slug":"le-conseil-communal-de-marrakech-tient-sa-session-extraordinaire","status":"publish","type":"post","link":"https:\/\/linitiative.ca\/International\/le-conseil-communal-de-marrakech-tient-sa-session-extraordinaire\/","title":{"rendered":"Le Conseil communal de Marrakech tient sa session extraordinaire"},"content":{"rendered":"<div class=\"single-featured\"><img alt=\"\" data-src=\"http:\/\/www.mapmarrakech.ma\/map\/uploads\/2020\/12\/conseil-communal-copier.jpg\"\/><\/div>\n<div class=\"single-post-excerpt post-excerpt-bc\" readability=\"35\">\n<p>Marrakech \u2013 Le Conseil communal de Marrakech a tenu, jeudi, une session extraordinaire consacr\u00e9e \u00e0 l\u2019examen et l\u2019approbation de plusieurs points inscrits \u00e0 l\u2019ordre du jour.<\/p>\n<\/div>\n<div class=\"entry-content clearfix single-post-content\" readability=\"48\">\n<p>Les membres du conseil ont ainsi proc\u00e9d\u00e9 \u00e0 l\u2019examen et l\u2019approbation d\u2019une convention de partenariat relative \u00e0 la r\u00e9utilisation des eaux us\u00e9es trait\u00e9es pour l\u2019irrigation des espaces verts de la cit\u00e9 ocre, ainsi que l\u2019approbation de l\u2019occupation du domaine forestier par la R\u00e9gie autonome de distribution de l\u2019eau et d\u2019\u00e9lectricit\u00e9 de Marrakech (RADEEMA) pour la r\u00e9alisation du projet de canal Charaf et le canal de l\u2019Office national de chemin de fer (ONCF) inscrits dans le cadre du programme de la protection de la cit\u00e9 ocre contre les inondations.<\/p>\n<p>Les membres du conseil ont aussi examin\u00e9 le cahier de charges relatif \u00e0 l\u2019organisation de l\u2019exploitation des stands du march\u00e9 communal Bouakaz, l\u2019examen de la location des stands de ce march\u00e9 au profit des marchands ambulants dans le cadre de l\u2019Initiative nationale pour le d\u00e9veloppement humain (INDH) et l\u2019examen du cahier de charge relatif \u00e0 l\u2019organisation de l\u2019exploitation des stands du march\u00e9 communal Mhamid 9.<\/p>\n<p>A l\u2019ordre du jour de cette session extraordinaire figurent l\u2019approbation de la cr\u00e9ation et la r\u00e9alisation du march\u00e9 pilote \u00e0 la zone Hay Hassani Massira 2, ainsi que l\u2019examen et l\u2019approbation de l\u2019annexe du cahier de charge relatif \u00e0 la location et l\u2019exploitation des parkings de voitures et de motos dans le territoire de la commune de Marrakech (dans le contexte de l\u2019\u00e9tat d\u2019urgence sanitaire).<\/p>\n<\/div>\n<p>Auteur: Meriem IGASS<br \/>\n<a href=\"http:\/\/www.mapmarrakech.ma\/fr\/le-conseil-communal-de-marrakech-tient-sa-session-extraordinaire\/\">Cliquez ici pour lire l&rsquo;article depuis sa source.<\/a><\/p>\n","protected":false},"excerpt":{"rendered":"<p>Marrakech \u2013 Le Conseil communal de Marrakech a tenu, jeudi, une session extraordinaire consacr\u00e9e \u00e0 l\u2019examen et l\u2019approbation de plusieurs points inscrits \u00e0 l\u2019ordre du jour. Les membres du conseil ont ainsi proc\u00e9d\u00e9 \u00e0 l\u2019examen et l\u2019approbation d\u2019une convention de partenariat relative \u00e0 la r\u00e9utilisation des eaux us\u00e9es trait\u00e9es pour l\u2019irrigation des espaces verts de [&hellip;]<\/p>\n","protected":false},"author":1788,"featured_media":0,"comment_status":"closed","ping_status":"closed","sticky":false,"template":"","format":"standard","meta":{"fifu_image_url":"http:\/\/www.mapmarrakech.ma\/map\/uploads\/2020\/12\/conseil-communal-copier.jpg","fifu_image_alt":"Le Conseil communal de Marrakech tient sa session extraordinaire","footnotes":""},"categories":[54,76],"tags":[],"class_list":["post-107440","post","type-post","status-publish","format-standard","hentry","category-maroc","category-regions"],"_links":{"self":[{"href":"https:\/\/linitiative.ca\/International\/wp-json\/wp\/v2\/posts\/107440","targetHints":{"allow":["GET"]}}],"collection":[{"href":"https:\/\/linitiative.ca\/International\/wp-json\/wp\/v2\/posts"}],"about":[{"href":"https:\/\/linitiative.ca\/International\/wp-json\/wp\/v2\/types\/post"}],"author":[{"embeddable":true,"href":"https:\/\/linitiative.ca\/International\/wp-json\/wp\/v2\/users\/1788"}],"replies":[{"embeddable":true,"href":"https:\/\/linitiative.ca\/International\/wp-json\/wp\/v2\/comments?post=107440"}],"version-history":[{"count":0,"href":"https:\/\/linitiative.ca\/International\/wp-json\/wp\/v2\/posts\/107440\/revisions"}],"wp:attachment":[{"href":"https:\/\/linitiative.ca\/International\/wp-json\/wp\/v2\/media?parent=107440"}],"wp:term":[{"taxonomy":"category","embeddable":true,"href":"https:\/\/linitiative.ca\/International\/wp-json\/wp\/v2\/categories?post=107440"},{"taxonomy":"post_tag","embeddable":true,"href":"https:\/\/linitiative.ca\/International\/wp-json\/wp\/v2\/tags?post=107440"}],"curies":[{"name":"wp","href":"https:\/\/api.w.org\/{rel}","templated":true}]}}