{"id":107441,"date":"2020-12-18T06:04:08","date_gmt":"2020-12-18T11:04:08","guid":{"rendered":"https:\/\/linitiative.ca\/International\/cgem-entretien-youssef-mouhyi-ambassadeur-daustralie-au-maroc\/"},"modified":"2020-12-18T06:04:08","modified_gmt":"2020-12-18T11:04:08","slug":"cgem-entretien-youssef-mouhyi-ambassadeur-daustralie-au-maroc","status":"publish","type":"post","link":"https:\/\/linitiative.ca\/International\/cgem-entretien-youssef-mouhyi-ambassadeur-daustralie-au-maroc\/","title":{"rendered":"CGEM: Entretien Youssef Mouhyi\/ambassadeur d\u2019Australie au Maroc"},"content":{"rendered":"<div class=\"single-featured\"><img alt=\"\" data-src=\"http:\/\/www.mapmarrakech.ma\/map\/uploads\/2020\/12\/Youssef-Mouhyi-copier.jpg\"\/><\/div>\n<div class=\"single-post-excerpt post-excerpt-bc\" readability=\"39\">\n<p>Marrakech \u2013 Le pr\u00e9sident de la Conf\u00e9d\u00e9ration g\u00e9n\u00e9rale des entreprises du Maroc-CGEM-Marrakech-Safi, Youssef Mouhyi, a re\u00e7u r\u00e9cemment l\u2019ambassadeur d\u2019Australie au Maroc, M. Michael Cutts, qui \u00e9tait accompagn\u00e9 de M. Oussama Alaoui, de l\u2019Australien Trade and Investment Commission.<\/p>\n<\/div>\n<div class=\"entry-content clearfix single-post-content\" readability=\"40\">\n<p>Lors de cette entrevue, M. Mouhyi a pr\u00e9sent\u00e9 la CGEM, la r\u00e9gion de Marrakech-Safi, les secteurs d\u2019activit\u00e9s et les projets phares.<\/p>\n<p>Les discussions ont \u00e9t\u00e9 ax\u00e9es sur la coop\u00e9ration, l\u2019investissement et les perspectives d\u2019\u00e9change d\u2019exp\u00e9riences et d\u2019expertises entre les deux pays.<\/p>\n<\/div>\n<p>Auteur: Meriem IGASS<br \/>\n<a href=\"http:\/\/www.mapmarrakech.ma\/fr\/cgem-entretien-youssef-mouhyi-ambassadeur-daustralie-au-maroc\/\">Cliquez ici pour lire l&rsquo;article depuis sa source.<\/a><\/p>\n","protected":false},"excerpt":{"rendered":"<p>Marrakech \u2013 Le pr\u00e9sident de la Conf\u00e9d\u00e9ration g\u00e9n\u00e9rale des entreprises du Maroc-CGEM-Marrakech-Safi, Youssef Mouhyi, a re\u00e7u r\u00e9cemment l\u2019ambassadeur d\u2019Australie au Maroc, M. Michael Cutts, qui \u00e9tait accompagn\u00e9 de M. Oussama Alaoui, de l\u2019Australien Trade and Investment Commission. Lors de cette entrevue, M. Mouhyi a pr\u00e9sent\u00e9 la CGEM, la r\u00e9gion de Marrakech-Safi, les secteurs d\u2019activit\u00e9s et [&hellip;]<\/p>\n","protected":false},"author":1788,"featured_media":0,"comment_status":"closed","ping_status":"closed","sticky":false,"template":"","format":"standard","meta":{"fifu_image_url":"http:\/\/www.mapmarrakech.ma\/map\/uploads\/2020\/12\/Youssef-Mouhyi-copier.jpg","fifu_image_alt":"CGEM: Entretien Youssef Mouhyi\/ambassadeur d\u2019Australie au Maroc","footnotes":""},"categories":[54,76],"tags":[],"class_list":["post-107441","post","type-post","status-publish","format-standard","hentry","category-maroc","category-regions"],"_links":{"self":[{"href":"https:\/\/linitiative.ca\/International\/wp-json\/wp\/v2\/posts\/107441","targetHints":{"allow":["GET"]}}],"collection":[{"href":"https:\/\/linitiative.ca\/International\/wp-json\/wp\/v2\/posts"}],"about":[{"href":"https:\/\/linitiative.ca\/International\/wp-json\/wp\/v2\/types\/post"}],"author":[{"embeddable":true,"href":"https:\/\/linitiative.ca\/International\/wp-json\/wp\/v2\/users\/1788"}],"replies":[{"embeddable":true,"href":"https:\/\/linitiative.ca\/International\/wp-json\/wp\/v2\/comments?post=107441"}],"version-history":[{"count":0,"href":"https:\/\/linitiative.ca\/International\/wp-json\/wp\/v2\/posts\/107441\/revisions"}],"wp:attachment":[{"href":"https:\/\/linitiative.ca\/International\/wp-json\/wp\/v2\/media?parent=107441"}],"wp:term":[{"taxonomy":"category","embeddable":true,"href":"https:\/\/linitiative.ca\/International\/wp-json\/wp\/v2\/categories?post=107441"},{"taxonomy":"post_tag","embeddable":true,"href":"https:\/\/linitiative.ca\/International\/wp-json\/wp\/v2\/tags?post=107441"}],"curies":[{"name":"wp","href":"https:\/\/api.w.org\/{rel}","templated":true}]}}