{"id":107444,"date":"2020-12-18T03:01:03","date_gmt":"2020-12-18T08:01:03","guid":{"rendered":"https:\/\/linitiative.ca\/International\/setif-cloture-du-programme-de-soutien-presente-par-les-nations-unies-dans-son-volet-relatif-a-la-lutte-contre-le-covid-19\/"},"modified":"2020-12-18T03:01:03","modified_gmt":"2020-12-18T08:01:03","slug":"setif-cloture-du-programme-de-soutien-presente-par-les-nations-unies-dans-son-volet-relatif-a-la-lutte-contre-le-covid-19","status":"publish","type":"post","link":"https:\/\/linitiative.ca\/International\/setif-cloture-du-programme-de-soutien-presente-par-les-nations-unies-dans-son-volet-relatif-a-la-lutte-contre-le-covid-19\/","title":{"rendered":"S\u00e9tif : cl\u00f4ture du programme de soutien pr\u00e9sent\u00e9 par les Nations-Unies dans son volet relatif \u00e0 la lutte contre le Covid-19"},"content":{"rendered":"<div readability=\"35\">\n<p><strong>SETIF- Les activit\u00e9s du programme des Nations unies pour le d\u00e9veloppement (PNUD) en Alg\u00e9rie dans son volet relatif \u00e0 la lutte contre le Covdi-19, lanc\u00e9 en juillet pass\u00e9 ont \u00e9t\u00e9 cl\u00f4tur\u00e9es jeudi \u00e0 l\u2019\u00e9tablissement de pr\u00e9vention d\u2019Ain Azel (Sud de S\u00e9tif).<\/strong><\/p>\n<\/div>\n<div readability=\"71\">\n<p>La rencontre a \u00e9t\u00e9 tenue sous l\u2019\u00e9gide du minist\u00e8re de la Justice \u00e0 l\u2019\u00e9tablissement de pr\u00e9vention d\u2019Ain Azel dans le cadre du projet de coop\u00e9ration avec le PNUD intitul\u00e9 \u00ab\u00a0r\u00e9ponse Covid-19\u00a0\u00bb financ\u00e9 par l\u2019ambassade suisse en Alg\u00e9rie.<\/p>\n<p>Ses travaux ont \u00e9t\u00e9 pr\u00e9sid\u00e9s par Slimane Tiabi, directeur de recherche et insertion sociale des d\u00e9tenus qui a repr\u00e9sent\u00e9 le directeur g\u00e9n\u00e9ral de l\u2019administration p\u00e9nitentiaire et r\u00e9insertion.<\/p>\n<p>Le sous-directeur du programme de r\u00e9insertion \u00e0 la direction g\u00e9n\u00e9rale de l\u2019administration p\u00e9nitentiaire, Mohamed Berkoune, a pr\u00e9sent\u00e9 un bilan de la coop\u00e9ration entre les parties face \u00e0 l\u2019\u00e9pid\u00e9mie du nouveau coronavirus dont la remise de 71 machines \u00e0 coudre \u00e0 des familles de d\u00e9tenus durant novembre pass\u00e9 et la consolidation des efforts de solidarit\u00e9 de l\u2019Etat avec les enfants de d\u00e9tenus \u00e0 l\u2019instar de la remise de trousseaux scolaires.<\/p>\n<blockquote readability=\"11\">\n<p><strong><em>De son c\u00f4t\u00e9, l\u2019ambassadeur de la f\u00e9d\u00e9ration suisse en Alg\u00e9rie, Lukas Rozenkranz a exprim\u00e9 son appr\u00e9ciation pour les produits artisanaux confectionn\u00e9s par des d\u00e9tenus et expos\u00e9s \u00e0 l\u2019occasion, estimant que ces produits peuvent \u00eatre commercialis\u00e9s et montrent que l\u2019insertion sociale de cette cat\u00e9gorie est ainsi \u00ab\u00a0exemplaire dans le continent africain\u00a0\u00bb.<\/em><\/strong><\/p>\n<\/blockquote>\n<p>La repr\u00e9sentante r\u00e9sidente du PNUD en Alg\u00e9rie, Blerta Aliko a met l\u2019accent sur la coordination actuelle avec la direction g\u00e9n\u00e9rale de l\u2019administration p\u00e9nitentiaire et de r\u00e9insertion et le gouvernement suisse dans le domaine de la lutte contre le nouveau coronavirus au profit des familles des d\u00e9tenus.<\/p>\n<p>Le projet de coop\u00e9ration avec le PNUD en Alg\u00e9rie a d\u00e9but\u00e9 en 2014 et prendra fin en 2021. Son volet relatif \u00e0 la lutte contre le Covid-19 , financ\u00e9 par l\u2019ambassade suisse en Alg\u00e9rie \u00e0 hauteur de 150.000 francs suisses a \u00e9t\u00e9 lanc\u00e9 en juillet pass\u00e9 et cl\u00f4tur\u00e9 officiellement ce jeudi.<\/p>\n<p>La c\u00e9r\u00e9monie de cl\u00f4ture s\u2019est d\u00e9roul\u00e9e en pr\u00e9sence du wali de S\u00e9tif, Kamel Abla, le procureur g\u00e9n\u00e9ral pr\u00e8s la Cour de S\u00e9tif Abdelmadjid Belhadj, du repr\u00e9sentant du directeur g\u00e9n\u00e9ral de l\u2019administration p\u00e9nitentiaire et r\u00e9insertion, le pr\u00e9sident de l\u2019APC d\u2019Ain Azel, de cadres de la direction g\u00e9n\u00e9rale de l\u2019administration p\u00e9nitentiaire et de repr\u00e9sentants de la soci\u00e9t\u00e9 civile.<\/p>\n<\/div>\n<p>Auteur:<br \/>\n<a href=\"http:\/\/www.aps.dz\/regions\/114464-setif-cloture-du-programme-de-soutien-presente-par-les-nations-unies-dans-son-volet-relatif-a-la-lutte-contre-le-covid-19\">Cliquez ici pour lire l&rsquo;article depuis sa source.<\/a><\/p>\n","protected":false},"excerpt":{"rendered":"<p>SETIF- Les activit\u00e9s du programme des Nations unies pour le d\u00e9veloppement (PNUD) en Alg\u00e9rie dans son volet relatif \u00e0 la lutte contre le Covdi-19, lanc\u00e9 en juillet pass\u00e9 ont \u00e9t\u00e9 cl\u00f4tur\u00e9es jeudi \u00e0 l\u2019\u00e9tablissement de pr\u00e9vention d\u2019Ain Azel (Sud de S\u00e9tif). La rencontre a \u00e9t\u00e9 tenue sous l\u2019\u00e9gide du minist\u00e8re de la Justice \u00e0 l\u2019\u00e9tablissement [&hellip;]<\/p>\n","protected":false},"author":1790,"featured_media":0,"comment_status":"closed","ping_status":"closed","sticky":false,"template":"","format":"standard","meta":{"fifu_image_url":"","fifu_image_alt":"","footnotes":""},"categories":[53,76],"tags":[],"class_list":["post-107444","post","type-post","status-publish","format-standard","hentry","category-algerie","category-regions"],"_links":{"self":[{"href":"https:\/\/linitiative.ca\/International\/wp-json\/wp\/v2\/posts\/107444","targetHints":{"allow":["GET"]}}],"collection":[{"href":"https:\/\/linitiative.ca\/International\/wp-json\/wp\/v2\/posts"}],"about":[{"href":"https:\/\/linitiative.ca\/International\/wp-json\/wp\/v2\/types\/post"}],"author":[{"embeddable":true,"href":"https:\/\/linitiative.ca\/International\/wp-json\/wp\/v2\/users\/1790"}],"replies":[{"embeddable":true,"href":"https:\/\/linitiative.ca\/International\/wp-json\/wp\/v2\/comments?post=107444"}],"version-history":[{"count":0,"href":"https:\/\/linitiative.ca\/International\/wp-json\/wp\/v2\/posts\/107444\/revisions"}],"wp:attachment":[{"href":"https:\/\/linitiative.ca\/International\/wp-json\/wp\/v2\/media?parent=107444"}],"wp:term":[{"taxonomy":"category","embeddable":true,"href":"https:\/\/linitiative.ca\/International\/wp-json\/wp\/v2\/categories?post=107444"},{"taxonomy":"post_tag","embeddable":true,"href":"https:\/\/linitiative.ca\/International\/wp-json\/wp\/v2\/tags?post=107444"}],"curies":[{"name":"wp","href":"https:\/\/api.w.org\/{rel}","templated":true}]}}