{"id":107449,"date":"2020-12-18T14:55:02","date_gmt":"2020-12-18T19:55:02","guid":{"rendered":"https:\/\/linitiative.ca\/International\/traiteur-evenementiel-lindemnite-covid-19-activee\/"},"modified":"2020-12-18T14:55:02","modified_gmt":"2020-12-18T19:55:02","slug":"traiteur-evenementiel-lindemnite-covid-19-activee","status":"publish","type":"post","link":"https:\/\/linitiative.ca\/International\/traiteur-evenementiel-lindemnite-covid-19-activee\/","title":{"rendered":"Traiteur, \u00e9v\u00e9nementiel\u2026: L\u2019indemnit\u00e9 covid-19 activ\u00e9e!"},"content":{"rendered":"<p class=\"rtejustify\">Les op\u00e9rateurs exer\u00e7ant des activit\u00e9s de traiteurs, d\u2019\u00e9v\u00e9nementiel ou de distraction peuvent d\u00e9sormais effectuer leur demande pour b\u00e9n\u00e9ficier de l\u2019indemnit\u00e9 forfaitaire de 2.000 DH, destin\u00e9e aux salari\u00e9s des entreprises impact\u00e9es par la crise sanitaire. La mesure couvre la p\u00e9riode de septembre \u00e0 d\u00e9cembre 2020. Les demandes pour les mois d\u2019octobre et novembre peuvent \u00eatre d\u00e9pos\u00e9es via le site covid19.cnss.ma jusqu\u2019au 20 d\u00e9cembre. Les demandes relatives au mois de d\u00e9cembre devront \u00eatre renseign\u00e9es entre le 16 d\u00e9cembre et le 3 janvier 2021. Un guide pratique a \u00e9t\u00e9 mis en ligne par la CNSS pour faciliter les d\u00e9marches aux employeurs.<br \/><em>H.E.<\/em><\/p>\n<p>Auteur: hlafriqi<br \/>\n<a href=\"https:\/\/www.leconomiste.com\/article\/1070953-traiteur-evenementiel-l-indemnite-covid-19-activee\">Cliquez ici pour lire l&rsquo;article depuis sa source.<\/a><\/p>\n","protected":false},"excerpt":{"rendered":"<p>Les op\u00e9rateurs exer\u00e7ant des activit\u00e9s de traiteurs, d\u2019\u00e9v\u00e9nementiel ou de distraction peuvent d\u00e9sormais effectuer leur demande pour b\u00e9n\u00e9ficier de l\u2019indemnit\u00e9 forfaitaire de 2.000 DH, destin\u00e9e aux salari\u00e9s des entreprises impact\u00e9es par la crise sanitaire. La mesure couvre la p\u00e9riode de septembre \u00e0 d\u00e9cembre 2020. Les demandes pour les mois d\u2019octobre et novembre peuvent \u00eatre d\u00e9pos\u00e9es [&hellip;]<\/p>\n","protected":false},"author":1763,"featured_media":0,"comment_status":"closed","ping_status":"closed","sticky":false,"template":"","format":"standard","meta":{"fifu_image_url":"","fifu_image_alt":"","footnotes":""},"categories":[78,54],"tags":[],"class_list":["post-107449","post","type-post","status-publish","format-standard","hentry","category-economie","category-maroc"],"_links":{"self":[{"href":"https:\/\/linitiative.ca\/International\/wp-json\/wp\/v2\/posts\/107449","targetHints":{"allow":["GET"]}}],"collection":[{"href":"https:\/\/linitiative.ca\/International\/wp-json\/wp\/v2\/posts"}],"about":[{"href":"https:\/\/linitiative.ca\/International\/wp-json\/wp\/v2\/types\/post"}],"author":[{"embeddable":true,"href":"https:\/\/linitiative.ca\/International\/wp-json\/wp\/v2\/users\/1763"}],"replies":[{"embeddable":true,"href":"https:\/\/linitiative.ca\/International\/wp-json\/wp\/v2\/comments?post=107449"}],"version-history":[{"count":0,"href":"https:\/\/linitiative.ca\/International\/wp-json\/wp\/v2\/posts\/107449\/revisions"}],"wp:attachment":[{"href":"https:\/\/linitiative.ca\/International\/wp-json\/wp\/v2\/media?parent=107449"}],"wp:term":[{"taxonomy":"category","embeddable":true,"href":"https:\/\/linitiative.ca\/International\/wp-json\/wp\/v2\/categories?post=107449"},{"taxonomy":"post_tag","embeddable":true,"href":"https:\/\/linitiative.ca\/International\/wp-json\/wp\/v2\/tags?post=107449"}],"curies":[{"name":"wp","href":"https:\/\/api.w.org\/{rel}","templated":true}]}}