{"id":107452,"date":"2020-12-18T10:35:00","date_gmt":"2020-12-18T15:35:00","guid":{"rendered":"https:\/\/linitiative.ca\/International\/les-exportateurs-britanniques-se-preparent-au-pire\/"},"modified":"2020-12-18T10:35:00","modified_gmt":"2020-12-18T15:35:00","slug":"les-exportateurs-britanniques-se-preparent-au-pire","status":"publish","type":"post","link":"https:\/\/linitiative.ca\/International\/les-exportateurs-britanniques-se-preparent-au-pire\/","title":{"rendered":"Les exportateurs britanniques  se pr\u00e9parent au pire"},"content":{"rendered":"<p class=\"p1 c5\"><span class=\"c4\"><span class=\"c3\"><strong><span class=\"s1 c2\">Le Temps-Agences-<\/span> Les n\u00e9gociations se poursuivent \u00e0 Bruxelles entre le Royaume Uni et l\u2019UE pour trouver un accord commercial post-Brexit. Et malgr\u00e9 les rumeurs optimistes, \u00e0 deux semaines de la fin de la p\u00e9riode de transition, le 31 d\u00e9cembre, de nombreux secteurs britanniques sont toujours plong\u00e9s dans l\u2019incertitude, notamment les exportateurs. La soci\u00e9t\u00e9 The Great British Porridge vend son porridge partout en Europe et ses responsables s\u2019inqui\u00e8tent de ne toujours pas savoir exactement ce qui les attend. Reportage \u00e0 Worthing.<\/strong><\/span><\/span><\/p>\n<p class=\"p1 c6\"><span class=\"c4\"><span class=\"c3\">\u00ab L\u2019heure tourne, tenez-vous pr\u00eats \u00bb, ce message gouvernemental, Bethan Evans le connait par c\u0153ur. Et il provoque chez elle la m\u00eame r\u00e9action agac\u00e9e que beaucoup d\u2019entreprises : \u00ab \u00eatre pr\u00eats \u00e0 quoi ? On ne peut pas se pr\u00e9parer avant de savoir ce qui nous attend\u2026 Nous avons fait attention \u00e0 ce que nos formulaires, notamment nos factures soient \u00e0 jour avec les bons codes etc. Mais tant qu\u2019on ne conna\u00eetra les termes de l\u2019accord, on ne peut pas savoir quel type de documents il faudra fournir pour chaque pays et le temps pass\u00e9 \u00e0 remplir ces documents a aussi un co\u00fbt\u2026 \u00bb<\/span><\/span><\/p>\n<p class=\"p1 c6\"><span class=\"c4\"><span class=\"c3\">La jeune femme est responsable des ventes internationales au sein de cette petite soci\u00e9t\u00e9 install\u00e9e dans la ville c\u00f4ti\u00e8re de Worthing, pr\u00e8s de Brighton. Cr\u00e9\u00e9e il y a deux ans, The Great British Porridge s\u2019est associ\u00e9e \u00e0 The Protein Ball Cie pour produire une gamme de porridge et de snacks 100% naturels \u00e0 base de c\u00e9r\u00e9ales et de fruits. Les deux soci\u00e9t\u00e9s s\u2019efforcent de se faire une petite place au milieu d\u2019un march\u00e9 europ\u00e9en tr\u00e8s comp\u00e9titif. Leurs exportations dans 15 pays de l\u2019Union Europ\u00e9enne repr\u00e9sentent 50% de leur chiffre d\u2019affaire. Pour elles, le sc\u00e9nario catastrophe serait celui d\u2019un no deal, et pour parer au pire, Matt Hunt, l\u2019un des patrons du groupe nous explique au t\u00e9l\u00e9phone son Plan B : \u00ab Je me trouve dans la banlieue de Valence en Espagne. En cas de Brexit dur ou si \u00e7a devient difficile d\u2019acheminer nos produits en Europe, je cherche un entrep\u00f4t et peut-\u00eatre m\u00eame \u00e0 ouvrir une succursale ici pour maintenir notre pr\u00e9sence en Europe. \u00bb<\/span><\/span><\/p>\n<p class=\"p1 c6\"><span class=\"c4\"><span class=\"c3\">D\u00e9j\u00e0 fragilis\u00e9s par les effets du Covid, les exportateurs savent que m\u00eame en cas d\u2019accord, exp\u00e9dier des produits sera plus cher et plus compliqu\u00e9 et ils craignent que ces frictions futures les obligent \u00e0 augmenter leurs prix, les rendent moins comp\u00e9titifs et leur fassent perdre des clients. Ils enragent d\u2019\u00eatre impuissants et loin des tractations \u00e0 huis clos entre Londres et Bruxelles mais ne se r\u00e9signent pas. \u00ab Nos ingr\u00e9dients sont import\u00e9s d\u2019Europe et nous avons d\u00e9j\u00e0 subi des retards, nous avons en pr\u00e9vision fait des stocks et t\u00e2ch\u00e9 de commander bien \u00e0 l\u2019avance pour ne pas \u00eatre d\u00e9munis, explique Bethan Evans. Nous aimons le march\u00e9 europ\u00e9en, il est id\u00e9al pour nous, plein de potentiel et nous voulons continuer \u00e0 nous d\u00e9velopper au sein de l\u2019UE\u2026 \u00bb<\/span><\/span><\/p>\n<p class=\"p1 c5\">\u00a0<\/p>\n<p class=\"p1 c6\"><span class=\"c4\"><span class=\"c3\">Leur seul v\u0153u pour la nouvelle ann\u00e9e : que le gouvernement de Boris Johnson les \u00e9coute plut\u00f4t que les brexiters, mette son orgueil dans sa poche et trouve un compromis pour permettre aux entreprises britanniques de g\u00e9rer au mieux leur devenir en solitaire\u2026<\/span><\/span><\/p>\n<p>Auteur: letemps1<br \/>\n<a href=\"http:\/\/www.letemps.com.tn\/article\/118529\/les-exportateurs-britanniques-se-pr%C3%A9parent-au-pire\">Cliquez ici pour lire l&rsquo;article depuis sa source.<\/a><\/p>\n","protected":false},"excerpt":{"rendered":"<p>Le Temps-Agences- Les n\u00e9gociations se poursuivent \u00e0 Bruxelles entre le Royaume Uni et l\u2019UE pour trouver un accord commercial post-Brexit. Et malgr\u00e9 les rumeurs optimistes, \u00e0 deux semaines de la fin de la p\u00e9riode de transition, le 31 d\u00e9cembre, de nombreux secteurs britanniques sont toujours plong\u00e9s dans l\u2019incertitude, notamment les exportateurs. La soci\u00e9t\u00e9 The Great [&hellip;]<\/p>\n","protected":false},"author":1773,"featured_media":0,"comment_status":"closed","ping_status":"closed","sticky":false,"template":"","format":"standard","meta":{"fifu_image_url":"","fifu_image_alt":"","footnotes":""},"categories":[73,55],"tags":[],"class_list":["post-107452","post","type-post","status-publish","format-standard","hentry","category-actualite","category-tunisie"],"_links":{"self":[{"href":"https:\/\/linitiative.ca\/International\/wp-json\/wp\/v2\/posts\/107452","targetHints":{"allow":["GET"]}}],"collection":[{"href":"https:\/\/linitiative.ca\/International\/wp-json\/wp\/v2\/posts"}],"about":[{"href":"https:\/\/linitiative.ca\/International\/wp-json\/wp\/v2\/types\/post"}],"author":[{"embeddable":true,"href":"https:\/\/linitiative.ca\/International\/wp-json\/wp\/v2\/users\/1773"}],"replies":[{"embeddable":true,"href":"https:\/\/linitiative.ca\/International\/wp-json\/wp\/v2\/comments?post=107452"}],"version-history":[{"count":0,"href":"https:\/\/linitiative.ca\/International\/wp-json\/wp\/v2\/posts\/107452\/revisions"}],"wp:attachment":[{"href":"https:\/\/linitiative.ca\/International\/wp-json\/wp\/v2\/media?parent=107452"}],"wp:term":[{"taxonomy":"category","embeddable":true,"href":"https:\/\/linitiative.ca\/International\/wp-json\/wp\/v2\/categories?post=107452"},{"taxonomy":"post_tag","embeddable":true,"href":"https:\/\/linitiative.ca\/International\/wp-json\/wp\/v2\/tags?post=107452"}],"curies":[{"name":"wp","href":"https:\/\/api.w.org\/{rel}","templated":true}]}}