{"id":107467,"date":"2020-12-18T09:42:00","date_gmt":"2020-12-18T14:42:00","guid":{"rendered":"https:\/\/linitiative.ca\/International\/protection-civile-18-deces-et-2300-cas-dinfection-au-covid-19\/"},"modified":"2020-12-18T09:42:00","modified_gmt":"2020-12-18T14:42:00","slug":"protection-civile-18-deces-et-2300-cas-dinfection-au-covid-19","status":"publish","type":"post","link":"https:\/\/linitiative.ca\/International\/protection-civile-18-deces-et-2300-cas-dinfection-au-covid-19\/","title":{"rendered":"PROTECTION CIVILE : 18 d\u00e9c\u00e8s et 2300 cas d&rsquo;infection au Covid-19"},"content":{"rendered":"<p><br id=\"sep_para_1\" class=\"sep_para access\"\/><\/p>\n<div id=\"para_1\" class=\"para_39985290 resize\">\n<div class=\"texte access firstletter\">Le Directeur g\u00e9n\u00e9ral de la Protection civile, le colonel Boughlef Boualem a fait \u00e9tat, depuis Chlef, de 18 d\u00e9c\u00e8s et de 2.300 cas d&rsquo;infection au Covid-19 dans les rangs des fonctionnaires de ce corps, depuis le d\u00e9but de la pand\u00e9mie. Dans une d\u00e9claration \u00e0 la presse, en marge de sa supervision d&rsquo;un regroupement r\u00e9gional des \u00e9quipes de soutien et de premi\u00e8re intervention en cas de catastrophe, lequel ex\u00e9cutait un exercice de simulation d\u2019un tremblement de terre violent dans la wilaya de Chlef, le Colonel Boughlef a indiqu\u00e9 que \u00a0\u00bb le corps de la Protection civile a perdu, depuis le d\u00e9but de la pand\u00e9mie de Coronavirus, 18 agents de diff\u00e9rents grades, tandis que plus de 2.300 autres ont \u00e9t\u00e9 atteints de ce virus\u00a0\u00bb. Supervisant en compagnie du wali de la wilaya, Lakhdar Seddas, les diff\u00e9rents exercices et des op\u00e9rations d&rsquo;intervention et de secours, le premier responsable du corps de la Protection civile, a salu\u00e9 ces man\u0153uvres qui \u00a0\u00bb r\u00e9v\u00e8lent la disponibilit\u00e9 et la pr\u00e9paration des diff\u00e9rents \u00e9quipes et leur op\u00e9rationnalit\u00e9 \u00e0 intervenir en cas de survenue de d\u00e9sastres naturels\u00a0\u00bb.<\/div>\n<\/div>\n<p>Auteur: Nadine<br \/>\n<a href=\"https:\/\/www.reflexiondz.net\/PROTECTION-CIVILE-18-deces-et-2300-cas-d-infection-au-Covid-19_a66768.html\">Cliquez ici pour lire l&rsquo;article depuis sa source.<\/a><\/p>\n","protected":false},"excerpt":{"rendered":"<p>Le Directeur g\u00e9n\u00e9ral de la Protection civile, le colonel Boughlef Boualem a fait \u00e9tat, depuis Chlef, de 18 d\u00e9c\u00e8s et de 2.300 cas d&rsquo;infection au Covid-19 dans les rangs des fonctionnaires de ce corps, depuis le d\u00e9but de la pand\u00e9mie. Dans une d\u00e9claration \u00e0 la presse, en marge de sa supervision d&rsquo;un regroupement r\u00e9gional des [&hellip;]<\/p>\n","protected":false},"author":1740,"featured_media":0,"comment_status":"closed","ping_status":"closed","sticky":false,"template":"","format":"standard","meta":{"fifu_image_url":"","fifu_image_alt":"","footnotes":""},"categories":[53,76],"tags":[],"class_list":["post-107467","post","type-post","status-publish","format-standard","hentry","category-algerie","category-regions"],"_links":{"self":[{"href":"https:\/\/linitiative.ca\/International\/wp-json\/wp\/v2\/posts\/107467","targetHints":{"allow":["GET"]}}],"collection":[{"href":"https:\/\/linitiative.ca\/International\/wp-json\/wp\/v2\/posts"}],"about":[{"href":"https:\/\/linitiative.ca\/International\/wp-json\/wp\/v2\/types\/post"}],"author":[{"embeddable":true,"href":"https:\/\/linitiative.ca\/International\/wp-json\/wp\/v2\/users\/1740"}],"replies":[{"embeddable":true,"href":"https:\/\/linitiative.ca\/International\/wp-json\/wp\/v2\/comments?post=107467"}],"version-history":[{"count":0,"href":"https:\/\/linitiative.ca\/International\/wp-json\/wp\/v2\/posts\/107467\/revisions"}],"wp:attachment":[{"href":"https:\/\/linitiative.ca\/International\/wp-json\/wp\/v2\/media?parent=107467"}],"wp:term":[{"taxonomy":"category","embeddable":true,"href":"https:\/\/linitiative.ca\/International\/wp-json\/wp\/v2\/categories?post=107467"},{"taxonomy":"post_tag","embeddable":true,"href":"https:\/\/linitiative.ca\/International\/wp-json\/wp\/v2\/tags?post=107467"}],"curies":[{"name":"wp","href":"https:\/\/api.w.org\/{rel}","templated":true}]}}