{"id":107468,"date":"2020-12-18T09:42:00","date_gmt":"2020-12-18T14:42:00","guid":{"rendered":"https:\/\/linitiative.ca\/International\/hopitaux-publics-benbouzid-opere-un-mouvement-dans-le-corps-des-gestionnaires\/"},"modified":"2020-12-18T09:42:00","modified_gmt":"2020-12-18T14:42:00","slug":"hopitaux-publics-benbouzid-opere-un-mouvement-dans-le-corps-des-gestionnaires","status":"publish","type":"post","link":"https:\/\/linitiative.ca\/International\/hopitaux-publics-benbouzid-opere-un-mouvement-dans-le-corps-des-gestionnaires\/","title":{"rendered":"HOPITAUX PUBLICS : Benbouzid op\u00e8re un mouvement dans  le corps des gestionnaires"},"content":{"rendered":"<p><br id=\"sep_para_1\" class=\"sep_para access\"\/><\/p>\n<div id=\"para_1\" class=\"para_39985270 resize\">\n<div class=\"texte access firstletter\">Un mouvement dans le corps des cadres gestionnaires des \u00e9tablissements publics de sant\u00e9 a \u00e9t\u00e9 op\u00e9r\u00e9 par le ministre de la Sant\u00e9, de la Population et de la R\u00e9forme hospitali\u00e8re, Abderahmane Benbouzid, a annonc\u00e9 jeudi son minist\u00e8re dans un communiqu\u00e9. Selon la m\u00eame source, ce mouvement \u00ab\u00a0intervient apr\u00e8s l\u2019\u00e9valuation des activit\u00e9s et actions de ces gestionnaires et leurs mani\u00e8res de servir, notamment en mati\u00e8re de r\u00e9alisation des objectifs pour l\u2019ann\u00e9e 2020&Prime;. \u00a0\u00bb Les int\u00e9r\u00eats de leur implication et leur mobilisation dans la lutte contre la pand\u00e9mie de Covid-19 ont constitu\u00e9 des \u00e9l\u00e9ments cl\u00e9s dans ce mouvement\u00a0\u00bb, a-t-on pr\u00e9cis\u00e9.\u00a0 Le minist\u00e8re note, \u00e0 ce propos, que \u00ab\u00a0l&rsquo;op\u00e9ration d\u2019\u00e9valuation et d\u2019audit des activit\u00e9s et des actions des gestionnaires de structures de sant\u00e9 sera men\u00e9e chaque ann\u00e9e et sera d\u00e9terminante pour la promotion dans leur carri\u00e8re\u00a0\u00bb.<\/div>\n<\/div>\n<p>Auteur: Nadine<br \/>\n<a href=\"https:\/\/www.reflexiondz.net\/HOPITAUX-PUBLICS-Benbouzid-opere-un-mouvement-dans-le-corps-des-gestionnaires_a66764.html\">Cliquez ici pour lire l&rsquo;article depuis sa source.<\/a><\/p>\n","protected":false},"excerpt":{"rendered":"<p>Un mouvement dans le corps des cadres gestionnaires des \u00e9tablissements publics de sant\u00e9 a \u00e9t\u00e9 op\u00e9r\u00e9 par le ministre de la Sant\u00e9, de la Population et de la R\u00e9forme hospitali\u00e8re, Abderahmane Benbouzid, a annonc\u00e9 jeudi son minist\u00e8re dans un communiqu\u00e9. Selon la m\u00eame source, ce mouvement \u00ab\u00a0intervient apr\u00e8s l\u2019\u00e9valuation des activit\u00e9s et actions de ces [&hellip;]<\/p>\n","protected":false},"author":1740,"featured_media":0,"comment_status":"closed","ping_status":"closed","sticky":false,"template":"","format":"standard","meta":{"fifu_image_url":"","fifu_image_alt":"","footnotes":""},"categories":[53,76],"tags":[],"class_list":["post-107468","post","type-post","status-publish","format-standard","hentry","category-algerie","category-regions"],"_links":{"self":[{"href":"https:\/\/linitiative.ca\/International\/wp-json\/wp\/v2\/posts\/107468","targetHints":{"allow":["GET"]}}],"collection":[{"href":"https:\/\/linitiative.ca\/International\/wp-json\/wp\/v2\/posts"}],"about":[{"href":"https:\/\/linitiative.ca\/International\/wp-json\/wp\/v2\/types\/post"}],"author":[{"embeddable":true,"href":"https:\/\/linitiative.ca\/International\/wp-json\/wp\/v2\/users\/1740"}],"replies":[{"embeddable":true,"href":"https:\/\/linitiative.ca\/International\/wp-json\/wp\/v2\/comments?post=107468"}],"version-history":[{"count":0,"href":"https:\/\/linitiative.ca\/International\/wp-json\/wp\/v2\/posts\/107468\/revisions"}],"wp:attachment":[{"href":"https:\/\/linitiative.ca\/International\/wp-json\/wp\/v2\/media?parent=107468"}],"wp:term":[{"taxonomy":"category","embeddable":true,"href":"https:\/\/linitiative.ca\/International\/wp-json\/wp\/v2\/categories?post=107468"},{"taxonomy":"post_tag","embeddable":true,"href":"https:\/\/linitiative.ca\/International\/wp-json\/wp\/v2\/tags?post=107468"}],"curies":[{"name":"wp","href":"https:\/\/api.w.org\/{rel}","templated":true}]}}