{"id":107469,"date":"2020-12-18T09:42:00","date_gmt":"2020-12-18T14:42:00","guid":{"rendered":"https:\/\/linitiative.ca\/International\/naufrage-dun-sardinier-un-3eme-corps-sans-vie-repeche-a-bordj-el-kiffan\/"},"modified":"2020-12-18T09:42:00","modified_gmt":"2020-12-18T14:42:00","slug":"naufrage-dun-sardinier-un-3eme-corps-sans-vie-repeche-a-bordj-el-kiffan","status":"publish","type":"post","link":"https:\/\/linitiative.ca\/International\/naufrage-dun-sardinier-un-3eme-corps-sans-vie-repeche-a-bordj-el-kiffan\/","title":{"rendered":"NAUFRAGE D\u2019UN SARDINIER : Un  3\u00e8me  corps sans vie rep\u00each\u00e9 \u00e0 Bordj El-Kiffan"},"content":{"rendered":"<p><br id=\"sep_para_1\" class=\"sep_para access\"\/><\/p>\n<div id=\"para_1\" class=\"para_39985259 resize\">\n<div class=\"texte access firstletter\">Le 3\u00e8me\u00a0 corps sans vie d&rsquo;un des trois marins port\u00e9s disparus, suite au naufrage d&rsquo;un sardinier survenu dimanche au niveau de la plage des Sablettes (Baie d&rsquo;Alger), \u00e9t\u00e9 rep\u00each\u00e9, jeudi, une heure seulement apr\u00e8s que le 2e corps sans vie eut \u00e9t\u00e9 rep\u00each\u00e9 au niveau du m\u00eame site, au large de la plage Sir\u00e8ne II relevant de la commune de Bordj El Kiffan, a indiqu\u00e9 \u00e0 l&rsquo;APS, le charg\u00e9 de la communication \u00e0 la Direction g\u00e9n\u00e9rale de la Protection civile (PC) de la wilaya d&rsquo;Alger, le lieutenant Khaled Benkhalfallah. L&rsquo;op\u00e9ration de \u00ab\u00a0rep\u00eachage du 3e corps sans vie du marin port\u00e9 disparu s&rsquo;est d\u00e9roul\u00e9e jeudi aux alentours de 17h05, au niveau de la plage Sir\u00e8ne II dans la commune de Bordj El Kiffan, \u00e0 l&rsquo;est d&rsquo;Alger, une heure seulement apr\u00e8s que le 2e corps sans vie d&rsquo;un marin port\u00e9 disparu eut \u00e9t\u00e9 retrouv\u00e9\u00a0\u00bb, a pr\u00e9cis\u00e9 le m\u00eame responsable qui ajoute que la d\u00e9pouille a \u00e9t\u00e9 transf\u00e9r\u00e9e vers la morgue du cimeti\u00e8re d&rsquo;El-Alia.\u00a0\u00a0<\/div>\n<\/div>\n<p>Auteur: Nadine<br \/>\n<a href=\"https:\/\/www.reflexiondz.net\/NAUFRAGE-D-UN-SARDINIER-Un-3eme-corps-sans-vie-repeche-a-Bordj-El-Kiffan_a66763.html\">Cliquez ici pour lire l&rsquo;article depuis sa source.<\/a><\/p>\n","protected":false},"excerpt":{"rendered":"<p>Le 3\u00e8me\u00a0 corps sans vie d&rsquo;un des trois marins port\u00e9s disparus, suite au naufrage d&rsquo;un sardinier survenu dimanche au niveau de la plage des Sablettes (Baie d&rsquo;Alger), \u00e9t\u00e9 rep\u00each\u00e9, jeudi, une heure seulement apr\u00e8s que le 2e corps sans vie eut \u00e9t\u00e9 rep\u00each\u00e9 au niveau du m\u00eame site, au large de la plage Sir\u00e8ne II [&hellip;]<\/p>\n","protected":false},"author":1740,"featured_media":0,"comment_status":"closed","ping_status":"closed","sticky":false,"template":"","format":"standard","meta":{"fifu_image_url":"","fifu_image_alt":"","footnotes":""},"categories":[53,76],"tags":[],"class_list":["post-107469","post","type-post","status-publish","format-standard","hentry","category-algerie","category-regions"],"_links":{"self":[{"href":"https:\/\/linitiative.ca\/International\/wp-json\/wp\/v2\/posts\/107469","targetHints":{"allow":["GET"]}}],"collection":[{"href":"https:\/\/linitiative.ca\/International\/wp-json\/wp\/v2\/posts"}],"about":[{"href":"https:\/\/linitiative.ca\/International\/wp-json\/wp\/v2\/types\/post"}],"author":[{"embeddable":true,"href":"https:\/\/linitiative.ca\/International\/wp-json\/wp\/v2\/users\/1740"}],"replies":[{"embeddable":true,"href":"https:\/\/linitiative.ca\/International\/wp-json\/wp\/v2\/comments?post=107469"}],"version-history":[{"count":0,"href":"https:\/\/linitiative.ca\/International\/wp-json\/wp\/v2\/posts\/107469\/revisions"}],"wp:attachment":[{"href":"https:\/\/linitiative.ca\/International\/wp-json\/wp\/v2\/media?parent=107469"}],"wp:term":[{"taxonomy":"category","embeddable":true,"href":"https:\/\/linitiative.ca\/International\/wp-json\/wp\/v2\/categories?post=107469"},{"taxonomy":"post_tag","embeddable":true,"href":"https:\/\/linitiative.ca\/International\/wp-json\/wp\/v2\/tags?post=107469"}],"curies":[{"name":"wp","href":"https:\/\/api.w.org\/{rel}","templated":true}]}}