{"id":107496,"date":"2020-12-18T09:18:02","date_gmt":"2020-12-18T14:18:02","guid":{"rendered":"https:\/\/linitiative.ca\/International\/maroc-inauguration-a-rabat-de-lobservatoire-africain-des-migrations\/"},"modified":"2020-12-18T09:18:02","modified_gmt":"2020-12-18T14:18:02","slug":"maroc-inauguration-a-rabat-de-lobservatoire-africain-des-migrations","status":"publish","type":"post","link":"https:\/\/linitiative.ca\/International\/maroc-inauguration-a-rabat-de-lobservatoire-africain-des-migrations\/","title":{"rendered":"Maroc : Inauguration \u00e0 Rabat de l\u2019Observatoire Africain des Migrations"},"content":{"rendered":"<p>Par Hicham Alaoui \u2014 L\u2019Observatoire Africain des Migrations (OAM) a \u00e9t\u00e9 inaugur\u00e9, vendredi \u00e0 Rabat par le ministre marocain des Affaires \u00e9trang\u00e8res, Nasser Bourita et la Commissaire aux affaires sociales de l\u2019Union Africaine (UA), Mme Amira El-Fadel.Cette structure africaine d\u00e9di\u00e9e aux migrations est de nature \u00e0 doter le continent d\u2019un outil efficace lui permettant de r\u00e9pondre \u00e0 son besoin r\u00e9el et pressant de g\u00e9n\u00e9rer une meilleure connaissance, compr\u00e9hension et maitrise du ph\u00e9nom\u00e8ne migratoire, de d\u00e9velopper la collecte, l\u2019analyse et l\u2019\u00e9change de donn\u00e9es entre les pays africains, et de favoriser une gouvernance \u00e9clair\u00e9e des migrations africaines.<\/p>\n<p>L\u2019Observatoire devra aider les pays africains \u00e0 renforcer leurs comp\u00e9tences en vue d\u2019\u00e9laborer des politiques migratoires nationales leur permettant une meilleure gestion des flux migratoires. Il constitue une r\u00e9ponse pratique pour pallier au manque des donn\u00e9es sur les migrations en Afrique et pour rem\u00e9dier \u00e0 la probl\u00e9matique des politiques migratoires souvent inefficaces en raison du manque de ces donn\u00e9es.<\/p>\n<p>Dans une allocution prononc\u00e9e \u00e0 cette occasion, le ministre marocain des Affaires \u00e9trang\u00e8res, Nasser Bourita, a fait savoir que la mise en place de l\u2019Observatoire Africain des Migrations est \u00ab le fruit de deux ans de travail laborieux et de collaboration fructueuse de notre pays avec la Commission de l\u2019Union Africaine \u00bb.<\/p>\n<p>Selon lui, cette inauguration ne pouvait mieux tomber. Elle co\u00efncide avec la c\u00e9l\u00e9bration de la Journ\u00e9e internationale des migrants (18 d\u00e9cembre), une co\u00efncidence heureuse, qui n\u2019est pas que symbolique, a-t-il dit. L\u2019inauguration de cette structure migratoire \u00ab envoie un message fort \u00e0 la communaut\u00e9 internationale, sur la d\u00e9termination du Maroc et de l\u2019Afrique \u00e0 assoir une meilleure gouvernance migratoire \u00e0 l\u2019\u00e9chelle du continent \u00bb, a relev\u00e9 le ministre.<\/p>\n<p>Pour lui, cette inauguration \u00ab\u00a0intervient, aussi, \u00e0 quelques jours du 2\u00e8me anniversaire du Pacte Mondial pour des Migrations S\u00fbres, Ordonn\u00e9es et R\u00e9guli\u00e8res que nous avions adopt\u00e9 \u00e0 Marrakech, il y a 2 ans\u00a0\u00bb. \u00a0\u00ab Le Pacte de Marrakech et l\u2019Observatoire de Rabat ont cela de compl\u00e9mentaire qu\u2019ils servent la m\u00eame cause, \u00e0 des \u00e9chelles diff\u00e9rentes \u00bb, a estim\u00e9 M. Bourita.<\/p>\n<p>L\u2019inauguration de l\u2019Observatoire est la d\u00e9monstration du leadership volontariste du Roi Mohammed VI en tant que Leader de l\u2019Union Africaine sur la question migratoire, a-t-il soulign\u00e9, ajoutant que cette instance panafricaine est \u00ab\u00a0la proposition phare de l\u2019Agenda Africain sur la Migration, pr\u00e9sent\u00e9 par Sa Majest\u00e9 le Roi, en janvier 2018, \u00e0 l\u2019occasion du 30\u00e8me Sommet de l\u2019Union Africaine \u00bb.<\/p>\n<p>L\u2019Observatoire est une instance pionni\u00e8re en Afrique. Il est la premi\u00e8re instance de l\u2019Union Africaine que le Maroc abrite. Mais plus que pionnier, il doit \u00eatre novateur aussi, dans son approche et dans son fonctionnement, a expliqu\u00e9 le ministre.<\/p>\n<p>Par un travail efficace de d\u00e9mystification : les st\u00e9r\u00e9otypes sur la migration africaine sont erron\u00e9s. L\u2019Observatoire est l\u00e0 pour le d\u00e9montrer ! Par une approche positive : L\u2019Observatoire doit \u00e9clairer, par des donn\u00e9es objectives, tout le potentiel de la migration au regard du nexus migration-d\u00e9veloppement, a-t-il encore enchain\u00e9.<\/p>\n<p>Pour ce qui est de la mission d\u00e9volue \u00e0 l\u2019Observatoire, le ministre a fait savoir que cette structure doit, ainsi, assurer une \u00ab triple fonction \u00bb : de compr\u00e9hension, d\u2019anticipation et de proposition et doit se d\u00e9ployer comme un outil de plaidoyer et d\u2019aide \u00e0 la prise de d\u00e9cision, une plateforme de dialogue entre experts et parties prenantes africaines et un instrument de renforcement des capacit\u00e9s africaines.<\/p>\n<p>Pour sa part, la Commissaire de l\u2019UA aux affaires sociales, Mme Amira El-Fadel a indiqu\u00e9 que cet Observatoire est la premi\u00e8re institution continentale de ce type en Afrique et marque \u00ab le d\u00e9but de nos efforts pour fournir des donn\u00e9es \u00e9quilibr\u00e9es et adapt\u00e9es aux besoins de l\u2019Afrique dans le domaine des migrations.<\/p>\n<p>Selon elle, la majeure partie de la migration en Afrique est intra-continentale. Une migration bien g\u00e9r\u00e9e peut \u00eatre b\u00e9n\u00e9fique au d\u00e9veloppement socio-\u00e9conomique \u00e0 la fois pour les pays d\u2019origine et d\u2019accueil des migrants. \u00ab Une migration bien g\u00e9r\u00e9e n\u2019est possible que lorsque les pays disposent de donn\u00e9es \u00e0 jour sur le ph\u00e9nom\u00e8ne migratoire, lesquelles sont fond\u00e9es sur des preuves. Et l\u2019Observatoire va fournir ces preuves au continent \u00bb, a-t-elle estim\u00e9.<\/p>\n<p>Pour elle, une migration g\u00e9r\u00e9e de mani\u00e8re coh\u00e9rente permet aux pays du continent de r\u00e9colter les fruits des liens entre migration et d\u00e9veloppement, assurant que la Commission de l\u2019Union africaine ne m\u00e9nagera aucun effort pour garantir que l\u2019Observatoire africain des migrations soit un centre d\u2019excellence de classe mondiale.<\/p>\n<p>Et d\u2019annoncer que l\u2019Observatoire sera dirig\u00e9 par la Tunisienne Laila Ben Ali. Diplomate de carri\u00e8re, Mme Ben Ali a roul\u00e9 sa bosse dans la sph\u00e8re diplomatique en occupant de nombreux postes de responsabilit\u00e9s au sein de l\u2019UA. Elle avait \u00e9t\u00e9 nomm\u00e9e Ambassadeur Repr\u00e9sentant de l\u2019UA en Libye et \u00e9tait d\u00e9sign\u00e9e directeur g\u00e9n\u00e9ral de l\u2019Institut Africain des statistiques bas\u00e9 \u00e0 Tunis.<\/p>\n<p>Sa carri\u00e8re a \u00e9t\u00e9 \u00e9galement aur\u00e9ol\u00e9e par ses fonctions au sein de la Division Genre et D\u00e9veloppement \u00e0 la direction de la Femme, au sein de l\u2019Union africaine, install\u00e9e ans dans la capitale \u00e9thiopienne, depuis 2007, o\u00f9 elle chapeaut\u00e9e cette structure.<\/p>\n<p>Premi\u00e8re femme tunisienne ing\u00e9nieure en statistiques (dipl\u00f4m\u00e9e du Maroc), Mme Ben Ali s\u2019\u00e9tait sp\u00e9cialis\u00e9e dans les \u00e9tudes d\u00e9mographiques et sociales (en tant que sous-directeur au minist\u00e8re de la Femme) avant d\u2019embrasser une carri\u00e8re d\u2019enseignante universitaire \u00e0 la facult\u00e9 des Lettres de Sfax.<\/p>\n<p>Sa nouvelle fonction \u00e0 la t\u00eate de l\u2019Observatoire africain des migrations serait de faire \u00e9riger cette instance en un m\u00e9canisme, qui de par sa nature technique et op\u00e9rationnelle, permet de g\u00e9n\u00e9rer une meilleure connaissance du ph\u00e9nom\u00e8ne migratoire, de cr\u00e9er un narratif africain sur la migration, de renseigner et de favoriser l\u2019harmonisation de politiques migratoires efficientes.<\/p>\n<p>Par ses activit\u00e9s, cette structure de la migration oeuvrera \u00e9galement \u00e0 partager les donn\u00e9es collect\u00e9es via un syst\u00e8me interconnect\u00e9 associant diff\u00e9rentes politiques et d\u2019am\u00e9liorer les capacit\u00e9s des pays de l\u2019UA dans une optique d\u2019am\u00e9lioration de la situation des migrants et la mise en valeur du nexus migration-d\u00e9veloppement.<\/p>\n<p>En somme, elle devra jouer un r\u00f4le important pour f\u00e9d\u00e9rer et soutenir des initiatives continentales existantes sur la migration dans le continent.<\/p>\n<p>Auteur: APA News<br \/>\n<a href=\"https:\/\/www.journalducameroun.com\/maroc-inauguration-a-rabat-de-lobservatoire-africain-des-migrations\/\">Cliquez ici pour lire l&rsquo;article depuis sa source.<\/a><\/p>\n","protected":false},"excerpt":{"rendered":"<p>Par Hicham Alaoui \u2014 L\u2019Observatoire Africain des Migrations (OAM) a \u00e9t\u00e9 inaugur\u00e9, vendredi \u00e0 Rabat par le ministre marocain des Affaires \u00e9trang\u00e8res, Nasser Bourita et la Commissaire aux affaires sociales de l\u2019Union Africaine (UA), Mme Amira El-Fadel.Cette structure africaine d\u00e9di\u00e9e aux migrations est de nature \u00e0 doter le continent d\u2019un outil efficace lui permettant de [&hellip;]<\/p>\n","protected":false},"author":1965,"featured_media":0,"comment_status":"closed","ping_status":"closed","sticky":false,"template":"","format":"standard","meta":{"fifu_image_url":"","fifu_image_alt":"","footnotes":""},"categories":[73,82],"tags":[],"class_list":["post-107496","post","type-post","status-publish","format-standard","hentry","category-actualite","category-cameroun"],"_links":{"self":[{"href":"https:\/\/linitiative.ca\/International\/wp-json\/wp\/v2\/posts\/107496","targetHints":{"allow":["GET"]}}],"collection":[{"href":"https:\/\/linitiative.ca\/International\/wp-json\/wp\/v2\/posts"}],"about":[{"href":"https:\/\/linitiative.ca\/International\/wp-json\/wp\/v2\/types\/post"}],"author":[{"embeddable":true,"href":"https:\/\/linitiative.ca\/International\/wp-json\/wp\/v2\/users\/1965"}],"replies":[{"embeddable":true,"href":"https:\/\/linitiative.ca\/International\/wp-json\/wp\/v2\/comments?post=107496"}],"version-history":[{"count":0,"href":"https:\/\/linitiative.ca\/International\/wp-json\/wp\/v2\/posts\/107496\/revisions"}],"wp:attachment":[{"href":"https:\/\/linitiative.ca\/International\/wp-json\/wp\/v2\/media?parent=107496"}],"wp:term":[{"taxonomy":"category","embeddable":true,"href":"https:\/\/linitiative.ca\/International\/wp-json\/wp\/v2\/categories?post=107496"},{"taxonomy":"post_tag","embeddable":true,"href":"https:\/\/linitiative.ca\/International\/wp-json\/wp\/v2\/tags?post=107496"}],"curies":[{"name":"wp","href":"https:\/\/api.w.org\/{rel}","templated":true}]}}