{"id":107502,"date":"2020-12-19T03:21:50","date_gmt":"2020-12-19T08:21:50","guid":{"rendered":"https:\/\/linitiative.ca\/International\/par-haythem-frioui-un-crime-fait-a-la-culture-et-au-cinema\/"},"modified":"2020-12-19T03:21:50","modified_gmt":"2020-12-19T08:21:50","slug":"par-haythem-frioui-un-crime-fait-a-la-culture-et-au-cinema","status":"publish","type":"post","link":"https:\/\/linitiative.ca\/International\/par-haythem-frioui-un-crime-fait-a-la-culture-et-au-cinema\/","title":{"rendered":"Par Haythem Frioui : Un crime fait \u00e0 la culture et au cin\u00e9ma !"},"content":{"rendered":"<div class=\"post-cont-in left relative\">\n<div id=\"post-info-wrap\" class=\"left relative post-info-out\">\n<div class=\"post-info-img left relative\"><img loading=\"lazy\" decoding=\"async\" alt=\"\" src=\"https:\/\/secure.gravatar.com\/avatar\/681b972f602e42207cdd1b6ee405702a?s=50&amp;d=mm&amp;r=g\" srcset=\"https:\/\/secure.gravatar.com\/avatar\/681b972f602e42207cdd1b6ee405702a?s=100&amp;d=mm&amp;r=g 2x\" class=\"avatar avatar-50 photo\" height=\"50\" width=\"50\"\/><\/div>\n<div class=\"post-info-in\">\n<div class=\"post-info-right left relative post-info-name left relative\"><span><span class=\"post-info-text\">Par<\/span> <span class=\"author-name vcard fn author\"><a href=\"https:\/\/www.tunisienumerique.com\/author\/tunisienumerique\/\" title=\"Articles par Tunisie Num&#xE9;rique\" rel=\"author\">Tunisie Num\u00e9rique<\/a><\/span><\/span> <span class=\"post-date updated\"><time class=\"post-date updated\" datetime=\"2020-12-19\">\u00a0| Il y a 2 minutes<\/time><\/span><\/div>\n<div class=\"left relative\"><button id=\"listenButton1\" class=\"responsivevoice-button\" type=\"button\" value=\"Play\" title=\"&#xC9;coutez l'article\"><span>\ud83d\udd0a \u00c9coutez l&rsquo;article<\/span><\/button> <\/div>\n<\/div>\n<\/div>\n<div dir=\"auto\">\n<p>Mon ami Ridha Behi va m\u2019en vouloir certainement, mais la d\u00e9cision de maintenir les JCC en pleine pand\u00e9mie, au moment m\u00eame o\u00f9 le pays est assujetti \u00e0 un couvre feu est un non sens, que dis-je, un crime, qui d\u00e9note surtout de l\u2019irresponsabilit\u00e9 des gouvernants et de l\u2019absence d\u2019un r\u00e9el protocole sanitaire !<\/p>\n<div class=\"code-block code-block-1 c4\"><ins class=\"adsbygoogle c3\" data-ad-layout=\"in-article\" data-ad-format=\"fluid\" data-ad-client=\"ca-pub-2102118777505746\" data-ad-slot=\"7301775417\"\/> <\/div>\n<p>Le monde entier, culture comprise, souffre et subit avec douleur la situation pand\u00e9mique, suscitant l\u2019annulation de toutes les manifestations internationales.<\/p>\n<p>Il aura fallut les illumin\u00e9s des JCC pour faire abstraction, braver Cannes, Hollywood\u2026, pour faire\u00a0 affront au 7\u00e8me art et imposer une pi\u00e8tre image de mauvais go\u00fbt \u00e0 un peuple fatigu\u00e9, inquiet et malade.<\/p>\n<p>Un spectacle venu d\u2019ailleurs rien \u00e0 voir avec Carthage festival connu et reconnu pour \u00eatre l\u2019\u00e9v\u00e9nement africain de l\u2019ecran noire. Une ouverture affligeante, d\u2019un genre douteux, fr\u00f4lant l\u2019ind\u00e9cence et l\u2019ostentatoire, o\u00f9 l\u2019on retiendra surtout une irresponsabilit\u00e9 des organisateurs, un minist\u00e8re de la Culture inexistant, un \u00c9tat agonisant !<\/p>\n<p>Cette \u00e9dition des JCC sous la houlette du non moins talentueux Ridha Behi, ne sera pas \u00e0 son image,\u00a0 comme une f\u00eate du Cin\u00e9ma. Il avait promis de faire un hommage au festival en cette ann\u00e9e exceptionnelle, mais la baronnie de la profession aura tranch\u00e9, pour imposer la doctrine fourre tout, propre \u00e0 son acolyte Brahim Letaief*.<\/p>\n<p>Des millions des deniers publics gaspill\u00e9s pour un petit bal masqu\u00e9, \u00e0 l\u2019heure o\u00f9 le moindre millimes compte pour un secteur o\u00f9 les artistes souffrent les mesures de confinement.Honteux, Piteux, Scandaleux.<\/p>\n<p>On l\u2019aura compris n\u2019est pas Cannes qui veut et l\u2019on ne devient pas Marrakech par accident. Ainsi 2020 apporte le dernier clou au cercueil des JCC, sur fond de cupidit\u00e9 et de complexes personnels, il aurait si simple de passer cette ann\u00e9e et de d\u00e9livrer le t\u00e9moin aux cin\u00e9astes de la nouvelle vague qui brillent\u00a0 et s\u2019imposent malgr\u00e9 les rideaux abaiss\u00e9s face \u00e0 leurs cr\u00e9ativit\u00e9s. La r\u00e9volution dans ce secteur doit avoir lieu !<\/p>\n<p>Je ne suis pas cin\u00e9aste, ni le Tiscan du Plantier tunisien, mais un simple cin\u00e9phile patriote qui cro\u00eet que nous pouvons y arriver car notre jeunesse regorge de talents.<\/p>\n<p>*R\u00e9f\u00e9rence \u00e0 Porto Fina son dernier film<\/p>\n<p><img loading=\"lazy\" decoding=\"async\" class=\"alignnone wp-image-601042\" src=\"https:\/\/www.tunisienumerique.com\/wp-content\/uploads\/2020\/12\/hatem-600x456.png\" alt=\"\" width=\"239\" height=\"181\"\/><\/p>\n<\/div>\n<div dir=\"auto\">Haythem A. Frioui<\/div>\n<div dir=\"auto\">\n<p>Expert en Communication<\/p>\n<\/div>\n<div class=\"swp_social_panel swp_horizontal_panel swp_flat_fresh swp_default_full_color swp_individual_full_color swp_other_full_color scale-100 scale-\" data-min-width=\"1100\" data-float-color=\"#ffffff\" data-float=\"bottom\" data-float-mobile=\"bottom\" data-transition=\"slide\">\n<div class=\"nc_tweetContainer swp_share_button total_shares total_sharesalt\"><span class=\"swp_count\">0 <span class=\"swp_label\">Partages<\/span><\/span><\/div>\n<\/div>\n<p><strong>Que se passe-t-il en Tunisie?<\/strong><br \/>Nous expliquons sur notre <a href=\"https:\/\/www.youtube.com\/channel\/UCRzypVq0B_yBad5eGrwBx0Q?sub_confirmation=1\" target=\"_blank\" rel=\"noopener\">cha\u00eene YouTube<\/a> . <a href=\"https:\/\/www.youtube.com\/channel\/UCRzypVq0B_yBad5eGrwBx0Q?sub_confirmation=1\" target=\"_blank\" rel=\"noopener\">Abonnez-vous!<\/a><\/p>\n<div class=\"mvp-org-wrap mvp-org-logo\" itemprop=\"publisher\"><img decoding=\"async\" src=\"https:\/\/www.tunisienumerique.com\/wp-content\/uploads\/2017\/02\/logo_tunisie_numerique.png\"\/><\/div>\n<div class=\"mvp-related-posts left relative\">\n<h4 class=\"post-header\"><span class=\"post-header\">Lire aussi<\/span><\/h4>\n<\/div>\n<div id=\"article-ad\"><ins class=\"adsbygoogle c5\" data-ad-client=\"ca-pub-2102118777505746\" data-ad-slot=\"6513972734\" data-ad-format=\"auto\" data-full-width-responsive=\"true\"\/> <\/div>\n<\/div>\n<div id=\"post-sidebar-wrap\"><ins class=\"adsbygoogle c5\" data-ad-client=\"ca-pub-2102118777505746\" data-ad-slot=\"6168283410\" data-ad-format=\"auto\" data-full-width-responsive=\"true\"\/> <\/div>\n<p>Auteur: Tunisie Num\u00e9rique<br \/>\n<a href=\"https:\/\/www.tunisienumerique.com\/par-haythem-frioui-un-crime-fait-a-la-culture-et-au-cinema\/\">Cliquez ici pour lire l&rsquo;article depuis sa source.<\/a><\/p>\n","protected":false},"excerpt":{"rendered":"<p>Par Tunisie Num\u00e9rique \u00a0| Il y a 2 minutes \ud83d\udd0a \u00c9coutez l&rsquo;article Mon ami Ridha Behi va m\u2019en vouloir certainement, mais la d\u00e9cision de maintenir les JCC en pleine pand\u00e9mie, au moment m\u00eame o\u00f9 le pays est assujetti \u00e0 un couvre feu est un non sens, que dis-je, un crime, qui d\u00e9note surtout de l\u2019irresponsabilit\u00e9 [&hellip;]<\/p>\n","protected":false},"author":1789,"featured_media":0,"comment_status":"closed","ping_status":"closed","sticky":false,"template":"","format":"standard","meta":{"fifu_image_url":"https:\/\/secure.gravatar.com\/avatar\/681b972f602e42207cdd1b6ee405702a?s=50&d=mm&r=g","fifu_image_alt":"Par Haythem Frioui : Un crime fait \u00e0 la culture et au cin\u00e9ma !","footnotes":""},"categories":[73,55],"tags":[],"class_list":["post-107502","post","type-post","status-publish","format-standard","hentry","category-actualite","category-tunisie"],"_links":{"self":[{"href":"https:\/\/linitiative.ca\/International\/wp-json\/wp\/v2\/posts\/107502","targetHints":{"allow":["GET"]}}],"collection":[{"href":"https:\/\/linitiative.ca\/International\/wp-json\/wp\/v2\/posts"}],"about":[{"href":"https:\/\/linitiative.ca\/International\/wp-json\/wp\/v2\/types\/post"}],"author":[{"embeddable":true,"href":"https:\/\/linitiative.ca\/International\/wp-json\/wp\/v2\/users\/1789"}],"replies":[{"embeddable":true,"href":"https:\/\/linitiative.ca\/International\/wp-json\/wp\/v2\/comments?post=107502"}],"version-history":[{"count":0,"href":"https:\/\/linitiative.ca\/International\/wp-json\/wp\/v2\/posts\/107502\/revisions"}],"wp:attachment":[{"href":"https:\/\/linitiative.ca\/International\/wp-json\/wp\/v2\/media?parent=107502"}],"wp:term":[{"taxonomy":"category","embeddable":true,"href":"https:\/\/linitiative.ca\/International\/wp-json\/wp\/v2\/categories?post=107502"},{"taxonomy":"post_tag","embeddable":true,"href":"https:\/\/linitiative.ca\/International\/wp-json\/wp\/v2\/tags?post=107502"}],"curies":[{"name":"wp","href":"https:\/\/api.w.org\/{rel}","templated":true}]}}