{"id":107507,"date":"2020-12-19T04:10:42","date_gmt":"2020-12-19T09:10:42","guid":{"rendered":"https:\/\/linitiative.ca\/International\/coronavirus-deux-nouveaux-deces-a-beja\/"},"modified":"2020-12-19T04:10:42","modified_gmt":"2020-12-19T09:10:42","slug":"coronavirus-deux-nouveaux-deces-a-beja","status":"publish","type":"post","link":"https:\/\/linitiative.ca\/International\/coronavirus-deux-nouveaux-deces-a-beja\/","title":{"rendered":"Coronavirus: Deux nouveaux d\u00e9c\u00e8s \u00e0 B\u00e9ja"},"content":{"rendered":"<div class=\"post-cont-in left relative\">\n<div id=\"post-info-wrap\" class=\"left relative post-info-out\">\n<div class=\"post-info-img left relative\"><img loading=\"lazy\" decoding=\"async\" alt=\"\" src=\"https:\/\/secure.gravatar.com\/avatar\/4e507094cc8003289b58af26e43363e6?s=50&amp;d=mm&amp;r=g\" srcset=\"https:\/\/secure.gravatar.com\/avatar\/4e507094cc8003289b58af26e43363e6?s=100&amp;d=mm&amp;r=g 2x\" class=\"avatar avatar-50 photo\" height=\"50\" width=\"50\"\/><\/div>\n<div class=\"post-info-in\">\n<div class=\"post-info-right left relative post-info-name left relative\"><span><span class=\"post-info-text\">Par<\/span> <span class=\"author-name vcard fn author\"><a href=\"https:\/\/www.tunisienumerique.com\/author\/sabrine-hamouda\/\" title=\"Articles par sabrine hamouda\" rel=\"author\">sabrine hamouda<\/a><\/span><\/span> <span class=\"post-date updated\"><time class=\"post-date updated\" datetime=\"2020-12-19\">\u00a0| Il y a 12 secondes<\/time><\/span><\/div>\n<div class=\"left relative\"><button id=\"listenButton1\" class=\"responsivevoice-button\" type=\"button\" value=\"Play\" title=\"&#xC9;coutez l'article\"><span>\ud83d\udd0a \u00c9coutez l&rsquo;article<\/span><\/button> <\/div>\n<\/div>\n<\/div>\n<p>Dans une d\u00e9claration accord\u00e9e au correspondant de Tunisienum\u00e9rique, ce samedi 19 d\u00e9cembre 2020, le directeur r\u00e9gional de la sant\u00e9 \u00e0 B\u00e9ja, N\u00e8ji Otwani, a affirm\u00e9 que 28 nouvelles contaminations ont \u00e9t\u00e9 enregistr\u00e9es dans la r\u00e9gion.<\/p>\n<div class=\"code-block code-block-1 c4\"><ins class=\"adsbygoogle c3\" data-ad-layout=\"in-article\" data-ad-format=\"fluid\" data-ad-client=\"ca-pub-2102118777505746\" data-ad-slot=\"7301775417\"\/> <\/div>\n<p>Ainsi, le nombre total des atteintes s\u2019\u00e9l\u00e8ve \u00e0 2645, depuis le d\u00e9but de la propagation de la pand\u00e9mie, a-t-il indiqu\u00e9. Il a cependant r\u00e9v\u00e9l\u00e9 que 2308 personnes ont r\u00e9ussi \u00e0 vaincre la maladie, ce qui porte le taux de r\u00e9mission dans la r\u00e9gion \u00e0 87%.<\/p>\n<p>Le responsable a \u00e9galement fait savoir que deux nouveaux d\u00e9c\u00e8s caus\u00e9s par le virus ont \u00e9t\u00e9 enregistr\u00e9s dans la r\u00e9gion. Le nombre total des morts s\u2019\u00e9l\u00e8ve donc \u00e0 75, a rapport\u00e9 notre correspondant.<\/p>\n<div class=\"swp_social_panel swp_horizontal_panel swp_flat_fresh swp_default_full_color swp_individual_full_color swp_other_full_color scale-100 scale-\" data-min-width=\"1100\" data-float-color=\"#ffffff\" data-float=\"bottom\" data-float-mobile=\"bottom\" data-transition=\"slide\">\n<div class=\"nc_tweetContainer swp_share_button total_shares total_sharesalt\"><span class=\"swp_count\">0 <span class=\"swp_label\">Partages<\/span><\/span><\/div>\n<\/div>\n<p><strong>Que se passe-t-il en Tunisie?<\/strong><br \/>Nous expliquons sur notre <a href=\"https:\/\/www.youtube.com\/channel\/UCRzypVq0B_yBad5eGrwBx0Q?sub_confirmation=1\" target=\"_blank\" rel=\"noopener\">cha\u00eene YouTube<\/a> . <a href=\"https:\/\/www.youtube.com\/channel\/UCRzypVq0B_yBad5eGrwBx0Q?sub_confirmation=1\" target=\"_blank\" rel=\"noopener\">Abonnez-vous!<\/a><\/p>\n<div class=\"mvp-org-wrap mvp-org-logo\" itemprop=\"publisher\"><img decoding=\"async\" src=\"https:\/\/www.tunisienumerique.com\/wp-content\/uploads\/2017\/02\/logo_tunisie_numerique.png\"\/><\/div>\n<div class=\"mvp-related-posts left relative\">\n<h4 class=\"post-header\"><span class=\"post-header\">Lire aussi<\/span><\/h4>\n<\/div>\n<div id=\"article-ad\"><ins class=\"adsbygoogle c5\" data-ad-client=\"ca-pub-2102118777505746\" data-ad-slot=\"6513972734\" data-ad-format=\"auto\" data-full-width-responsive=\"true\"\/> <\/div>\n<\/div>\n<div id=\"post-sidebar-wrap\"><ins class=\"adsbygoogle c5\" data-ad-client=\"ca-pub-2102118777505746\" data-ad-slot=\"6168283410\" data-ad-format=\"auto\" data-full-width-responsive=\"true\"\/> <\/div>\n<p>Auteur: sabrine hamouda<br \/>\n<a href=\"https:\/\/www.tunisienumerique.com\/coronavirus-deux-nouveaux-deces-a-beja\/\">Cliquez ici pour lire l&rsquo;article depuis sa source.<\/a><\/p>\n","protected":false},"excerpt":{"rendered":"<p>Par sabrine hamouda \u00a0| Il y a 12 secondes \ud83d\udd0a \u00c9coutez l&rsquo;article Dans une d\u00e9claration accord\u00e9e au correspondant de Tunisienum\u00e9rique, ce samedi 19 d\u00e9cembre 2020, le directeur r\u00e9gional de la sant\u00e9 \u00e0 B\u00e9ja, N\u00e8ji Otwani, a affirm\u00e9 que 28 nouvelles contaminations ont \u00e9t\u00e9 enregistr\u00e9es dans la r\u00e9gion. Ainsi, le nombre total des atteintes s\u2019\u00e9l\u00e8ve \u00e0 [&hellip;]<\/p>\n","protected":false},"author":1789,"featured_media":0,"comment_status":"closed","ping_status":"closed","sticky":false,"template":"","format":"standard","meta":{"fifu_image_url":"https:\/\/secure.gravatar.com\/avatar\/4e507094cc8003289b58af26e43363e6?s=50&d=mm&r=g","fifu_image_alt":"Coronavirus: Deux nouveaux d\u00e9c\u00e8s \u00e0 B\u00e9ja","footnotes":""},"categories":[73,55],"tags":[],"class_list":["post-107507","post","type-post","status-publish","format-standard","hentry","category-actualite","category-tunisie"],"_links":{"self":[{"href":"https:\/\/linitiative.ca\/International\/wp-json\/wp\/v2\/posts\/107507","targetHints":{"allow":["GET"]}}],"collection":[{"href":"https:\/\/linitiative.ca\/International\/wp-json\/wp\/v2\/posts"}],"about":[{"href":"https:\/\/linitiative.ca\/International\/wp-json\/wp\/v2\/types\/post"}],"author":[{"embeddable":true,"href":"https:\/\/linitiative.ca\/International\/wp-json\/wp\/v2\/users\/1789"}],"replies":[{"embeddable":true,"href":"https:\/\/linitiative.ca\/International\/wp-json\/wp\/v2\/comments?post=107507"}],"version-history":[{"count":0,"href":"https:\/\/linitiative.ca\/International\/wp-json\/wp\/v2\/posts\/107507\/revisions"}],"wp:attachment":[{"href":"https:\/\/linitiative.ca\/International\/wp-json\/wp\/v2\/media?parent=107507"}],"wp:term":[{"taxonomy":"category","embeddable":true,"href":"https:\/\/linitiative.ca\/International\/wp-json\/wp\/v2\/categories?post=107507"},{"taxonomy":"post_tag","embeddable":true,"href":"https:\/\/linitiative.ca\/International\/wp-json\/wp\/v2\/tags?post=107507"}],"curies":[{"name":"wp","href":"https:\/\/api.w.org\/{rel}","templated":true}]}}