{"id":107519,"date":"2020-12-19T04:11:21","date_gmt":"2020-12-19T09:11:21","guid":{"rendered":"https:\/\/linitiative.ca\/International\/la-france-ne-doit-plus-etre-la-terre-daccueil-des-apparatchiks-du-regime-algerien\/"},"modified":"2020-12-19T04:11:21","modified_gmt":"2020-12-19T09:11:21","slug":"la-france-ne-doit-plus-etre-la-terre-daccueil-des-apparatchiks-du-regime-algerien","status":"publish","type":"post","link":"https:\/\/linitiative.ca\/International\/la-france-ne-doit-plus-etre-la-terre-daccueil-des-apparatchiks-du-regime-algerien\/","title":{"rendered":"La France ne doit plus \u00eatre la terre d\u2019accueil des apparatchiks du r\u00e9gime alg\u00e9rien"},"content":{"rendered":"<h4 class=\"title-14\"\/>\n<div class=\"featured_image\"><img loading=\"lazy\" decoding=\"async\" width=\"600\" height=\"738\" src=\"https:\/\/www.elwatan.com\/wp-content\/uploads\/2020\/12\/image001-e1608344212496.png\" class=\"attachment-post-thumbnail size-post-thumbnail wp-post-image\" alt=\"\"\/><\/div>\n<p>Monsieur le Pr\u00e9sident de la r\u00e9publique fran\u00e7aise,<\/p>\n<p>Suite \u00e0 ma lettre ouverte du 4 d\u00e9cembre 2017 vous alertant sur le poison fran\u00e7ais qui gangr\u00e8ne la France, vous avez eu, en date du 22 janvier 2018, la courtoisie de me r\u00e9pondre. Vous me pr\u00e9cisiez votre position sur la question m\u00e9morielle. En revanche, sur la question du poison racisme \u00e0 l\u2019encontre des musulmans de France, vous n\u2019y faites pas allusion. Je tiens \u00e0 vous r\u00e9pondre sur ces deux questions, enjeux majeurs pour la France et l\u2019Alg\u00e9rie.<br \/>Je produis la copie de votre r\u00e9ponse par souci de transparence.<\/p>\n<p><strong>Sur la question m\u00e9morielle<\/strong><\/p>\n<p>La France, via son Conseil constitutionnel, a \u00e9volu\u00e9 dans sa d\u00e9cision n\u00b0 2017-690 QPC du 8 f\u00e9vrier 2018, en reconnaissant une \u00e9galit\u00e9 de traitement des victimes de la guerre d\u2019Alg\u00e9rie permettant le droit \u00e0 la pension aux victimes civiles alg\u00e9riennes. Je m\u2019en f\u00e9licite. En agissant de la sorte, la France prouve aux yeux du monde sa grandeur d\u2019Etat de droit y compris vis-\u00e0-vis de son ex-colonie, l\u2019Alg\u00e9rie.<\/p>\n<p>A cette d\u00e9cision historique, l\u2019Alg\u00e9rie est rest\u00e9e \u00e9trangement silencieuse me poussant \u00e0 r\u00e9affirmer que ses maux ne peuvent plus \u00eatre justifi\u00e9s par le slogan r\u00e9current \u00abc\u2019est la faute \u00e0 la France\u00bb. Je suis convaincu que les probl\u00e9matiques alg\u00e9riennes sont principalement de la responsabilit\u00e9 des gouvernants alg\u00e9riens qui ont, trop souvent, surf\u00e9 sur cette fibre m\u00e9morielle pour occulter leurs inefficiences \u00e0 g\u00e9rer d\u2019une mani\u00e8re performante le pays.<\/p>\n<p>Encore aujourd\u2019hui, la question m\u00e9morielle n\u2019est toujours pas r\u00e9gl\u00e9e et apais\u00e9e.<\/p>\n<p>Dans votre lettre r\u00e9ponse, vous reconnaissez : \u00abLes crimes de la colonisation sont incontestables et qu\u2019ils font partie du pass\u00e9 dont la France est d\u00e9positaire.\u00bb<\/p>\n<p>En 2017, candidat \u00e0 la Pr\u00e9sidence de la R\u00e9publique fran\u00e7aise, vous avez qualifi\u00e9 et c\u2019est toute \u00e0 votre honneur, la colonisation \u00abde crimes contre l\u2019humanit\u00e9\u00bb et de \u00abvraie barbarie\u00bb.<\/p>\n<p>Cette affirmation vous honore, car c\u2019est une avanc\u00e9e incontestable qui met en lumi\u00e8re l\u2019imprescriptibilit\u00e9 de ces crimes ignobles commis par la France en Alg\u00e9rie.<\/p>\n<p>Dans le m\u00eame temps, je ne vous comprends plus lorsque vous me r\u00e9pondez : \u00abIl importe que cette reconnaissance soit mutuelle et enti\u00e8re, sans d\u00e9ni ni repentance afin d\u2019\u00e9viter une histoire en quelque sorte officielle qui nie les parts sombres de ce qui a \u00e9t\u00e9 fait.\u00bb Cette r\u00e9ponse sous-entend que durant la longue p\u00e9riode de colonisation subie par la population alg\u00e9rienne, colons et colonis\u00e9s \u00e9taient sur un pied d\u2019\u00e9galit\u00e9. Alors que vous ne pouvez nier qu\u2019il y avait une puissance coloniale et des colonis\u00e9s avec des victimes principalement du c\u00f4t\u00e9 des colonis\u00e9s alg\u00e9riens. Cette population indig\u00e8ne a \u00e9t\u00e9 d\u00e9cim\u00e9e de 1830 \u00e0 1962 faisant des centaines de milliers de victimes, morts, tortur\u00e9es, viol\u00e9es, d\u00e9plac\u00e9es, spoli\u00e9es et clochardis\u00e9es, devenant des \u00e9trangers sur leurs propres terres.<\/p>\n<p>Il semblerait que vous tentez de d\u00e9montrer que les victimes, principalement alg\u00e9riennes et leurs bourreaux (colons) doivent \u00eatre ins\u00e9r\u00e9es dans une approche sym\u00e9trique occultant le fond de la colonisation : l\u2019exploitation par les massacres et la domination de toute une population. Une population \u00e0 qui on ne voulait pas accorder une \u00e9galit\u00e9 des droits parce que musulmane, religion qui d\u00e9j\u00e0 \u00e0 l\u2019\u00e9poque \u00e9tait source d\u2019un poison racisme puissant. Poison qui perdure et s\u2019aggrave encore aujourd\u2019hui sur le sol fran\u00e7ais souvent port\u00e9 par les partisans, anciens et nouveaux, nostalgiques d\u2019une Alg\u00e9rie fran\u00e7aise. Des acteurs occupant en France des postes publics \u00e0 hautes responsabilit\u00e9s relay\u00e9s par quelques relais alg\u00e9riens rest\u00e9s au pays.<\/p>\n<p>Dans votre conclusion, vous affirmez : \u00abNotre responsabilit\u00e9 est d\u00e9sormais, dans le respect de cette m\u00e9moire partag\u00e9e, de nous tourner ensemble vers l\u2019avenir pour construire une esp\u00e9rance commune.\u00bb Par ce v\u0153u d\u2019esp\u00e9rance commune, vous semblez occulter que cette m\u00e9moire ne peut \u00eatre partag\u00e9e que si la France reconna\u00eet ses pleines responsabilit\u00e9s dans ses crimes contre l\u2019humanit\u00e9 commis contre la population alg\u00e9rienne. L\u2019amn\u00e9sie n\u2019\u00e9tant plus possible ainsi que l\u2019impossibilit\u00e9 de les absoudre par les quelques r\u00e9alisations d\u2019infrastructures laiss\u00e9es en Alg\u00e9rie, r\u00e9alis\u00e9es avec la sueur et le sang des Alg\u00e9riens. La France doit d\u00e9sormais affronter courageusement les d\u00e9mons de son pass\u00e9 colonial. La restitution en grande pompe de quelques cr\u00e2nes, d\u2019archives \u00e9parses ou encore \u00e9ventuellement d\u2019objets symboliques comme le mythique canon alg\u00e9rois Baba Merzoug, que la France ne daigne toujours pas restituer \u00e0 l\u2019Alg\u00e9rie, ne peuvent apaiser les m\u00e9moires qui continuent de saigner.<\/p>\n<p>Cette esp\u00e9rance commune que vous souhaitez ne pourra se faire par un solde de tout compte ou par quelques concessions symboliques. Elle ne peut \u00eatre effective que par une r\u00e9paration politique et financi\u00e8re des crimes et dommages coloniaux fran\u00e7ais en Alg\u00e9rie.<\/p>\n<p>Les conclusions de mon cher confr\u00e8re Benjamin Stora ne pourront \u00eatre cr\u00e9dibles si la question de la r\u00e9paration politique et financi\u00e8re est occult\u00e9e. Il ne peut y avoir une reconnaissance des crimes contre l\u2019humanit\u00e9 commis en Alg\u00e9rie par la France et dans le m\u00eame temps tourner le dos aux r\u00e9parations des pr\u00e9judices subis. C\u2019est une question de droit et de justice universelle car tout dommage ouvre droit \u00e0 r\u00e9paration lorsqu\u2019il est certain, ce qui est le cas en Alg\u00e9rie. Sauf si on consid\u00e8re la colonisation fran\u00e7aise en Alg\u00e9rie comme une \u0153uvre positive comme la France tente de le faire croire depuis la promulgation de la loi du 23 f\u00e9vrier 2005 qui est un outrage suppl\u00e9mentaire \u00e0 la dignit\u00e9 des Alg\u00e9riens et peut-\u00eatre plus.<br \/>Cette loi, toujours en vigueur, tente de neutraliser les d\u00e9g\u00e2ts occasionn\u00e9s durant cette colonisation abjecte par un bonneteau intellectuel d\u2019une rare violence, une falsification de l\u2019histoire avec une amn\u00e9sie impos\u00e9e par des subterfuges l\u00e9gislatifs, une escroquerie \u00e0 grande \u00e9chelle au risque de continuer \u00e0 perdre du temps par peur d\u2019affronter la r\u00e9alit\u00e9 historique, rendant impossible une r\u00e9conciliation v\u00e9ritable.<\/p>\n<p><strong>SUR LE MONTANT DE LA R\u00c9PARATION<\/strong><\/p>\n<p>J\u2019en suis convaincu, la France ne pourra \u00e9chapper \u00e0 son obligation de r\u00e9parer financi\u00e8rement les crimes et les dommages coloniaux qu\u2019elle a commis en Alg\u00e9rie durant plus de 130 ann\u00e9es. Le montant de la r\u00e9paration ?, je l\u2019\u00e9value \u00e0 100 milliards d\u2019euros et qui devra \u00eatre pr\u00e9cis\u00e9 par les futures commissions de sp\u00e9cialistes en y int\u00e9grant notamment, car la liste est longue, le vol du tr\u00e9sor du Dey d\u2019Alger (pr\u00e8s de 4 milliards d\u2019euros), les crimes de 1830 \u00e0 1962 de plusieurs centaines de milliers de personnes, la spoliation de millions d\u2019hectares de terres, l\u2019analphab\u00e9tisation de la quasi totalit\u00e9 de la population, les cons\u00e9quences dramatiques sur les vies humaines et sur la nature suite aux effets des essais nucl\u00e9aires et chimiques pratiqu\u00e9s par la France jusqu\u2019en 1978 en Alg\u00e9rie.<\/p>\n<p>La France ne peut \u00e9chapper \u00e0 cette r\u00e9paration int\u00e9grale car sa responsabilit\u00e9 est pleinement engag\u00e9e. D\u2019une part, c\u2019est une question de dignit\u00e9 et d\u2019identit\u00e9 des Alg\u00e9riens qui ne s\u2019effacera jamais de la m\u00e9moire collective de cette nation. C\u2019est pourquoi, les jeunes g\u00e9n\u00e9rations, et vous en avez \u00e9t\u00e9 le t\u00e9moin \u00e0 votre grand \u00e9tonnement lors de votre passage \u00e0 Alger en 2017, ne cesseront d\u2019interpeller la France et l\u2019Alg\u00e9rie sur cette question m\u00e9morielle. Le pr\u00e9sident Tebboune a raison lorsqu\u2019il instaure le 8 Mai comme Journ\u00e9e nationale de la m\u00e9moire et lorsque son conseiller Abdelmajid Chikhi affirme : \u00abL\u2019Alg\u00e9rie attend toujours de la partie fran\u00e7aise de reconna\u00eetre sa part de responsabilit\u00e9 pour les crimes commis durant la guerre d\u2019ind\u00e9pendance en Alg\u00e9rie ; ainsi que durant les 132 ans de colonisation.\u00bb A contrario, je ne comprends pas quand il maintient en d\u00e9tention les nombreux activistes du hirak qui sont la m\u00e9moire et l\u2019avenir de l\u2019Alg\u00e9rie alors qu\u2019il aurait pu ais\u00e9ment dans un souci d\u2019apaisement les gracier et entamer un v\u00e9ritable dialogue.<\/p>\n<p>Sur la nature de cette r\u00e9paration, la France devra suivre le chemin parcouru par les grandes nations d\u00e9mocratiques, comme l\u2019Italie qui, en 2008, a indemnis\u00e9 la Libye \u00e0 hauteur de 3,4 milliards d\u2019euros pour l\u2019avoir colonis\u00e9e de 1911 \u00e0 1942, mais aussi : l\u2019Angleterre avec le Kenya, les Etats-Unis et le Canada avec les Am\u00e9rindiens, ou encore l\u2019Australie avec les aborig\u00e8nes. L\u2019Allemagne a accept\u00e9, depuis 2015, le principe de responsabilit\u00e9 et de r\u00e9paration de ses crimes coloniaux avec les Namibiens, mais bute sur le montant de l\u2019indemnisation. Avec le risque pour l\u2019Allemagne d\u2019une action en justice devant la Cour p\u00e9nale internationale (CPI) du gouvernement namibien, avec l\u2019assistance d\u2019un groupe d\u2019avocats britanniques et la demande de 30 milliards de dollars de r\u00e9parations pour le g\u00e9nocide des Ovah\u00e9r\u00e9ro et des Nama.<\/p>\n<p>La France elle-m\u00eame s\u2019est fait indemnis\u00e9e de l\u2019occupation allemande durant la Premi\u00e8re et Seconde Guerres mondiales \u00e0 hauteur de plusieurs milliards d\u2019euros. Au m\u00eame titre, l\u2019Alg\u00e9rie ind\u00e9pendante doit pouvoir \u00eatre r\u00e9par\u00e9e des crimes contre l\u2019humanit\u00e9 et dommages qu\u2019elle a subis de 1830 \u00e0 1962. Le temps presse, cette question m\u00e9morielle doit s\u2019apaiser car les m\u00e9moires souffrent, alimentant une grande part du poison fran\u00e7ais et de relations souvent ombrageuses avec les Alg\u00e9riens.<\/p>\n<p><strong>Du poison fran\u00e7ais au poison alg\u00e9rien<\/strong><\/p>\n<p>Le poison fran\u00e7ais, c\u2019est le racisme anti-musulman dont les Alg\u00e9riens sont la principale composante. Ce poison du racisme est aussi reli\u00e9 au poison alg\u00e9rien de la corruption o\u00f9 la France est trop souvent la terre d\u2019accueil d\u2019oligarques ou de certains caciques du syst\u00e8me alg\u00e9rien qui ont vol\u00e9 outrageusement le pays. La r\u00e9currence de scandales de corruption impliquant des acteurs fran\u00e7ais y compris d\u2019illustres institutions dont l\u2019Etat fran\u00e7ais est le principal actionnaire en association avec les apparatchiks et leurs enfants du r\u00e9gime alg\u00e9rien ne peut que nous faire r\u00e9fl\u00e9chir \u00e0 l\u2019urgence de r\u00e9nover en profondeur les relations alg\u00e9ro-fran\u00e7aises.<\/p>\n<p>L\u2019exemple de la soci\u00e9t\u00e9 fran\u00e7aise d\u2019ing\u00e9nierie Egis Avia, condamn\u00e9e pour des faits de \u00abcorruption d\u2019agent public \u00e9tranger\u00bb en Alg\u00e9rie devrait tous nous choquer. Le tribunal de Paris l\u2019a condamn\u00e9 en d\u00e9cembre 2019 \u00e0 verser 2,6 millions d\u2019euros pour corruption en Alg\u00e9rie. Egis est la filiale principale de la Caisse des d\u00e9p\u00f4ts et consignations, institution publique qui assure, pour le compte de l\u2019Etat fran\u00e7ais, des missions d\u2019int\u00e9r\u00eat g\u00e9n\u00e9ral.<\/p>\n<p>Cette condamnation prouve l\u2019importance du poison entre la France et l\u2019Alg\u00e9rie.<br \/>La France ne doit plus s\u2019immiscer dans les affaires politiques alg\u00e9riennes comme elle l\u2019a fait dans le pass\u00e9 pour maintenir des r\u00e9gimes autoritaires et pr\u00e9server un syst\u00e8me de rente o\u00f9 le poison de la corruption est trop souvent pr\u00e9sent et dont elle tire grandement avantage.<br \/>La France ne doit plus \u00eatre la terre d\u2019accueil des oligarques et des apparatchiks du r\u00e9gime alg\u00e9rien ; en agissant de la sorte, elle favorise le poison de la corruption en Alg\u00e9rie.<\/p>\n<p><strong>Sur le Hirak et la deuxi\u00e8me r\u00e9volution alg\u00e9rienne<\/strong><\/p>\n<p>La position officielle fran\u00e7aise peut \u00eatre r\u00e9sum\u00e9e de la sorte : ni ing\u00e9rence ni indiff\u00e9rence. En r\u00e9alit\u00e9, un langage diplomatique pour ne pas s\u2019impliquer et tenter de pr\u00e9server les int\u00e9r\u00eats fran\u00e7ais en Alg\u00e9rie en particulier un statu quo historique qui permet \u00e0 la France d\u2019avoir une position dominante et de rente dans ce pays depuis plus de 60 ann\u00e9es.<\/p>\n<p>Vous avez affirm\u00e9 en novembre 2020 que vous ferez tout pour soutenir le pr\u00e9sident Tebboune durant cette p\u00e9riode de transition. Je m\u2019en f\u00e9licite si cette affirmation semble sous-tendre que vous accepterez de r\u00e9nover vos rapports avec l\u2019Alg\u00e9rie. Rapports qui ne seront plus cantonn\u00e9s \u00e0 une dimension commerciale \u00e0 l\u2019avantage principal de la France, mais plut\u00f4t vers un v\u00e9ritable partenariat strat\u00e9gique comprenant enfin un transfert effectif des savoir-faire et des investissements productifs fran\u00e7ais en Alg\u00e9rie avec des taux d\u2019int\u00e9gration substantiels. Ce qui n\u2019a jamais \u00e9t\u00e9 le cas depuis que l\u2019Alg\u00e9rie est ind\u00e9pendante.<\/p>\n<p>Vous semblez \u00e9galement accorder une dimension particuli\u00e8re au facteur temps, comme si l\u2019Alg\u00e9rie pouvait et devait continuer \u00e0 fonctionner comme par le pass\u00e9 avec certaines de ses m\u00e9thodes archa\u00efques, son inertie l\u00e9gendaire et ses partenaires traditionnels comme la France. Non, l\u2019Alg\u00e9rie a besoin de se r\u00e9former en profondeur et vite au risque d\u2019imploser. Les indicateurs se d\u00e9gradent \u00e0 grande vitesse et le peuple gronde y compris dans l\u2019Alg\u00e9rie la plus profonde, souvent rurale, qui exprime certes une volont\u00e9 de stabilit\u00e9 du pays, mais surtout une nouvelle impulsion politique avec un grand projet pour la nation. Soutenir le pr\u00e9sident Tebboune, c\u2019est l\u2019aider \u00e0 rompre avec la nature autoritaire du r\u00e9gime et des anciennes relations alg\u00e9ro-fran\u00e7aises o\u00f9 le poison corruption est toujours omnipr\u00e9sent. La complicit\u00e9 d\u2019acteurs fran\u00e7ais dans le poison alg\u00e9rien n\u2019est plus \u00e0 d\u00e9montrer, le scandale de l\u2019autoroute Est-Ouest o\u00f9 des centaines de millions de dollars ont \u00e9t\u00e9 d\u00e9tourn\u00e9s par une association de malfaiteurs en cols blancs devrait l\u00e0 encore nous interpeller pour ne plus maintenir une rente de march\u00e9s tronqu\u00e9s de la France sur l\u2019Alg\u00e9rie.<\/p>\n<p><strong>Sur Le poison de l\u2019antis\u00e9mitisme<\/strong><\/p>\n<p>Enfin, dans votre courrier r\u00e9ponse, la question du poison racisme en France est \u00e9trangement occult\u00e9e se limitant \u00e0 la question m\u00e9morielle. Il me fallait vous alerter \u00e0 nouveau sur cette question du poison fran\u00e7ais. Le poison racisme \u00e0 l\u2019\u00e9gard des musulmans est omnipr\u00e9sent en France. La population de confession musulmane, en majorit\u00e9 d\u2019origine alg\u00e9rienne, est aujourd\u2019hui trop souvent stigmatis\u00e9e comme la nouvelle population porteuse de l\u2019antis\u00e9mitisme fran\u00e7ais. Vous ne m\u2019avez pas r\u00e9pondu sur cette probl\u00e9matique pourtant cruciale. Les \u00e9v\u00e9nements qui se succ\u00e8dent depuis la sortie de mon ouvrage en 2017 et les multiples d\u00e9cisions prises sous votre gouvernance ont vu malheureusement mes craintes se r\u00e9aliser. Vous avez, mardi 3 d\u00e9cembre 2019, l\u00e9gif\u00e9r\u00e9 avec votre majorit\u00e9 parlementaire avec l\u2019adoption par l\u2019Assembl\u00e9e nationale une proposition de r\u00e9solution contre l\u2019antis\u00e9mitisme. Dans ce texte controvers\u00e9, l\u2019anti-sionisme est devenu une forme d\u2019expression de l\u2019antis\u00e9mitisme dans la droite ligne des pr\u00e9conisations du Congr\u00e8s sioniste mondial de 2002, relat\u00e9 dans mon dernier ouvrage (p138) qui pr\u00e9conise \u00abde cr\u00e9er dans tous les pays, o\u00f9 ce sera n\u00e9cessaire, des groupes de travail qui travailleront avec des l\u00e9gislateurs pour faire adopter une l\u00e9gislation qui mettra hors la loi l\u2019antis\u00e9mitisme, l\u2019antisionisme et le d\u00e9ni de l\u2019holocauste\u00bb.<\/p>\n<p>Cette orientation est tragique car vous avez \u00e9t\u00e9 sourd \u00e0 nos alertes, y compris de cet Appel de 127 intellectuels juifs aux d\u00e9put\u00e9s fran\u00e7ais : \u00abNe soutenez pas la proposition de r\u00e9solution assimilant l\u2019antisionisme \u00e0 l\u2019antis\u00e9mitisme.\u00bb<\/p>\n<p>La r\u00e9alit\u00e9 c\u2019est que cette r\u00e9solution stigmatise toujours un peu plus les enfants de l\u2019immigration maghr\u00e9bine et en particulier alg\u00e9rienne en France. Cette immigration de la pauvret\u00e9 contrainte \u00e0 l\u2019exode parce qu\u2019ils \u00e9taient colonis\u00e9s et consid\u00e9r\u00e9s comme des sous-hommes sur leurs propres terres, comme les Palestiniens aujourd\u2019hui. Ce lien indicible entre les Alg\u00e9riens et les Palestiniens s\u2019explique par le point commun d\u2019avoir \u00e9t\u00e9 ou d\u2019\u00eatre encore des colonis\u00e9s.<\/p>\n<p>C\u2019est pourquoi, la grande majorit\u00e9 des Alg\u00e9riens seront toujours de fervents soutiens de la cause palestinienne, anti-sioniste et non antis\u00e9mite. Dans cette continuit\u00e9, vous devez \u00e9galement savoir que les figures embl\u00e9matiques du hirak sont les illustres chouhada de la r\u00e9volution d\u2019ind\u00e9pendance et le drapeau de la Palestine dans une forme de m\u00e9moire commune ne pouvant transiger sur une amn\u00e9sie impos\u00e9e.<\/p>\n<p>Les Palestiniens sont un des derniers peuples colonis\u00e9s de la plan\u00e8te, comme si Isra\u00ebl disposait d\u2019une impunit\u00e9 presque totale o\u00f9 le martyr juif est souvent instrumentalis\u00e9 \u00e0 des fins politiques en particulier de soutien \u00e0 Isra\u00ebl. Les responsabilit\u00e9s des grandes puissances, y compris de pays comme la France, sont d\u00e9cisives parce qu\u2019elles n\u2019ont pas eu le courage d\u2019arr\u00eater cette course \u00e0 la colonisation sioniste qui progresse au fil des ans. La Palestine est tragiquement le miroir d\u00e9formant de l\u2019Occident et l\u2019aveu d\u2019\u00e9chec de nos pr\u00e9tendues d\u00e9mocraties.<\/p>\n<p>Mon alerte ainsi que d\u2019autres y compris d\u2019intellectuels isra\u00e9liens, comme par exemple Schlomo Sand dans sa lettre ouverte qui vous \u00e9tait adress\u00e9e sont rest\u00e9es vaines. Le tribunal de l\u2019histoire nous jugera tous. Cette loi sur l\u2019antis\u00e9mitisme, apr\u00e8s la loi Gayssot dont de nombreux intellectuels avaient d\u00e9j\u00e0 demand\u00e9 l\u2019abrogation, est un autre coup dur pour la libert\u00e9 d\u2019expression qui est ch\u00e8re \u00e0 notre pays et qui s\u2019effrite \u00e0 grande vitesse.<br \/>Sur la libert\u00e9 d\u2019expression<\/p>\n<p>Les \u00e9v\u00e9nements tragiques de Nice, du Bataclan, l\u2019assassinat de Samuel Paty sont \u00e0 condamner sans r\u00e9serve, et toutes les forces vives de la nation doivent \u00e0 leurs mesures condamner sans restriction et \u0153uvrer pour que cela ne se reproduise plus.<\/p>\n<p>La libert\u00e9 d\u2019expression est un droit, mais aussi un devoir : celui de ne pas cibler volontairement, souvent pour des raisons inavouables, une seule religion. Cette libert\u00e9 d\u2019expression devient suspecte et se fragilise lorsqu\u2019elle se focalise syst\u00e9matiquement sur un type de population pour en fin de compte ne plus pouvoir se justifier. Cette libert\u00e9 d\u2019expression ne peut \u00eatre comprise et avoir l\u2019adh\u00e9sion de tous qu\u2019\u00e0 la condition qu\u2019il n\u2019y ait pas de traitement diff\u00e9renci\u00e9. Peut-on comprendre sans s\u2019interroger qu\u2019il n\u2019est pratiquement plus possible de critiquer la religion juive ou Isra\u00ebl sans \u00eatre poursuivi pour antis\u00e9mitisme. A contrario d\u2019\u00eatre couvert par le droit de la libert\u00e9 d\u2019expression lorsqu\u2019il s\u2019agit de critiquer \u00e0 outrance et de la mani\u00e8re la plus violente la religion musulmane et son proph\u00e8te<\/p>\n<p>. Cette contradiction de fond interroge et exprime le rejet trop fr\u00e9quent de la population de confession musulmane. Cette population qui pourtant condamne sans r\u00e9serve les actes odieux du radicalisme islamiste mais aussi cette libert\u00e9 d\u2019expression \u00e0 double vitesse qui n\u2019est plus une libert\u00e9 mais souvent une instrumentalisation \u00e0 des fins obscures.<\/p>\n<p>Un des enjeux est de r\u00e9pondre, dans un souci d\u2019apaisement et d\u2019union nationale, \u00e0 cette \u00e9quation asym\u00e9trique. Sans r\u00e9ponse pertinente, la soci\u00e9t\u00e9 fran\u00e7aise continuera \u00e0 se fragiliser et l\u2019incompr\u00e9hension de ce double discours accentuera la fracture faisant le lit d\u2019un poison racisme tentaculaire touchant toutes les composantes de la nation fran\u00e7aise.<\/p>\n<p><strong>En conclusion<\/strong><\/p>\n<p>L\u2019heure est \u00e0 la r\u00e9conciliation v\u00e9ritable. Vous avez eu le courage d\u2019affirmer que des crimes contre l\u2019humanit\u00e9 ont \u00e9t\u00e9 perp\u00e9tr\u00e9s en Alg\u00e9rie.<br \/>Tous les sp\u00e9cialistes fran\u00e7ais et alg\u00e9riens reconnaissent que, de 1830 \u00e0 1962, plus de 10% de la population totale a \u00e9t\u00e9 sauvagement d\u00e9cim\u00e9e avec des crimes qui furent ceux du nazisme, comme le soulignait la c\u00e9l\u00e8bre ethnologue Germaine Tillon. La colonisation a g\u00e9n\u00e9r\u00e9 de nombreux d\u00e9sastres humains mais aussi \u00e9cologiques avec des essais nucl\u00e9aires et chimiques qu\u2019il faudra n\u00e9cessairement r\u00e9parer un jour ou l\u2019autre.<\/p>\n<p>Les Alg\u00e9riens n\u2019ont pas besoin de repentance et ne qu\u00e9mandent rien, si ce n\u2019est une dignit\u00e9 retrouv\u00e9e face \u00e0 la barbarie coloniale fran\u00e7aise en Alg\u00e9rie. Chaque famille alg\u00e9rienne a ses victimes et reste digne en silence. Les intellectuels de tous bords ont une lourde responsabilit\u00e9 car ils peuvent \u00e9clairer les m\u00e9moires pour franchir un cap, celui d\u2019atteindre une r\u00e9conciliation v\u00e9ritable et clore d\u00e9finitivement ce pan tragique d\u2019une histoire commune.<br \/>L\u2019honneur de la France est en jeu. Elle semble s\u2019orienter dans la bonne direction avec la d\u00e9cision du Conseil constitutionnel, mais elle doit conclure ce volet m\u00e9moriel en reconnaissant et en r\u00e9parant d\u2019une mani\u00e8re int\u00e9grale pour r\u00e9concilier d\u00e9finitivement.<\/p>\n<p>Monsieur le Pr\u00e9sident de la R\u00e9publique fran\u00e7aise, vous pouvez \u00eatre l\u2019artisan de cette v\u00e9ritable r\u00e9conciliation au risque de laisser perdurer cette m\u00e9moire fractur\u00e9e qui gangr\u00e8ne la soci\u00e9t\u00e9 fran\u00e7aise en particulier en \u00e9tant le terreau du poison racisme.<\/p>\n<p>Sur la transition en Alg\u00e9rie o\u00f9 le hirak est la pierre angulaire face \u00e0 certains caciques du r\u00e9gime peu enclins \u00e0 une \u00e9volution v\u00e9ritable, condition essentielle du d\u00e9collage du pays, la France peut \u00eatre d\u2019un apport pr\u00e9cieux en laissant s\u2019exprimer le g\u00e9nie alg\u00e9rien. A condition qu\u2019elle renonce \u00e0 son ing\u00e9rence dans la sph\u00e8re politique alg\u00e9rienne, sa position de rente et cesse la protection, l\u2019encouragement et l\u2019accueil en toute impunit\u00e9 des acteurs alg\u00e9riens porteurs du poison corruption associ\u00e9s avec certains de leurs homologues fran\u00e7ais.<\/p>\n<p>Enfin, sur la libert\u00e9 d\u2019expression, elle n\u2019est valide que si elle s\u2019applique \u00e0 tous et malheureusement les victimes du terrorisme islamiste dans le monde sont d\u2019abord les musulmans. En France, \u00e0 chaque victime au nom d\u2019un fanatisme islamique abject et inacceptable, les musulmans sont souvent les victimes collat\u00e9rales. A chaque attentat, le poison du racisme \u00e0 leur \u00e9gard est d\u00e9multipli\u00e9 et le poison de l\u2019islamophobie grandissant.<\/p>\n<p>Cette islamophobie n\u2019est pas une construction intellectuelle mais une r\u00e9alit\u00e9 quotidienne v\u00e9cue douloureusement par une population de plus en plus nombreuse que nous ne pouvons plus n\u00e9gliger. Pour combattre efficacement le poison de l\u2019islamisme radical, il faut s\u2019appuyer fermement sur le soutien des musulmans de France et le combattre avec eux et non contre eux. Cette majorit\u00e9 silencieuse qui condamne sans r\u00e9serve et qui de l\u2019autre c\u00f4t\u00e9 subit quotidiennement le poison fran\u00e7ais du racisme.<\/p>\n<p>S\u2019appuyer sur quelques musulmans isol\u00e9s, experts en tous genres qui ne repr\u00e9sentent qu\u2019eux-m\u00eames, toujours de fervents d\u00e9fenseurs du mod\u00e8le assimilationniste est une erreur grossi\u00e8re. D\u2019abord parce que ce mod\u00e8le assimilationniste a prouv\u00e9 ses effets n\u00e9fastes dans le vivre-ensemble par le non-respect dans le cadre de la R\u00e9publique des sp\u00e9cificit\u00e9s des uns et des autres. Ensuite, ces quelques musulmans n\u2019apportent rien de s\u00e9rieux \u00e0 la probl\u00e9matique de l\u2019islamisme radical sinon d\u2019alimenter leurs paroisses et leurs objectifs carri\u00e9ristes en masquant la r\u00e9alit\u00e9 de la situation de la majorit\u00e9 des musulmans de France. Enfin, cette majorit\u00e9 silencieuse attend d\u2019apporter une v\u00e9ritable contribution \u00e0 condition qu\u2019on la respecte dans son histoire mais aussi dans un traitement non diff\u00e9renci\u00e9 y compris sur cette question de la libert\u00e9 d\u2019expression.<\/p>\n<p><strong>Quelques mesures urgentes<\/strong><\/p>\n<p>Sur la question m\u00e9morielle, reconna\u00eetre la responsabilit\u00e9 de la France sur les crimes et les dommages coloniaux y compris \u00e9cologiques et les r\u00e9parer financi\u00e8rement au m\u00eame titre que les principales grandes puissances mondiales. Abroger la loi de 2005 sur les bienfaits de la colonisation, la loi Gayssot et la loi sur l\u2019antis\u00e9mitisme pour d\u00e9boucher sur une seule loi g\u00e9n\u00e9rique contre tous les racismes permettant de rassembler au lieu de diviser. Signer un trait\u00e9 d\u2019amiti\u00e9 avec l\u2019Alg\u00e9rie.<\/p>\n<p>Sur le hirak et la deuxi\u00e8me r\u00e9volution alg\u00e9rienne, r\u00e9nover en profondeur la nature des relations politiques et \u00e9conomiques entre la France et l\u2019Alg\u00e9rie. Une des premi\u00e8res mesures sera de refuser l\u2019accueil des oligarques et apparatchiks du r\u00e9gime alg\u00e9rien qui utilisent la France comme base arri\u00e8re dans leurs malversations, tout en permettant \u00e0 l\u2019Alg\u00e9rie de recouvrer les sommes mal acquises sur le sol alg\u00e9rien.<\/p>\n<p>Dans l\u2019attente de vous lire pour poursuivre si vous le voulez bien cette correspondance critique mais constructive des peuples alg\u00e9rien et fran\u00e7ais, veuillez croire, Monsieur le Pr\u00e9sident de la R\u00e9publique, en l\u2019assurance de ma plus haute consid\u00e9ration.<\/p>\n<p>Par le Pr <strong>Seddik Larkeche\u00a0 ,<\/strong> Universitaire\u00a0<strong><br \/><\/strong><\/p>\n<p>De formation interdisciplinaire,\u00a0 Seddik Larkeche est titulaire d\u2019un Doctorat en Sciences de gestion, d\u2019un Doctorat en Sciences politiques, et du dipl\u00f4me d\u2019avocat (Capa). Expert international en gestion strat\u00e9gique des risques, il fut rapporteur \u00e0 la Commission Risque \u00e0 la Conf\u00e9rence mondiale sur le commerce (Cnuced 1998).<br \/>Il est l\u2019auteur de plusieurs ouvrages dont Risque Alg\u00e9rie et strat\u00e9gies de d\u00e9veloppement 1830-2030 (2012, Editions L\u2019Harmattan) et Le Poison fran\u00e7ais, Lettre au Pr\u00e9sident de la R\u00e9publique, Pr\u00e9face de Roland Dumas, (2017, Editions Ena).<br \/>Il est professeur des Universit\u00e9s et enseigne l\u2019\u00e9pist\u00e9mologie du risque et la gestion strat\u00e9gique des risques. Ses recherches portent sur le risque pays et en particulier sur le risque Alg\u00e9rie. Il est le pr\u00e9curseur de la demande de r\u00e9paration financi\u00e8re des crimes coloniaux fran\u00e7ais en Alg\u00e9rie que le Conseil constitutionnel fran\u00e7ais a reconnus le 9 f\u00e9vrier 2018.<br \/>Il vient d\u2019achever l\u2019ouvrage Du poison alg\u00e9rien au g\u00e9nie d\u2019une nation (sortie 1er trimestre 2021).<\/p>\n<p><span class=\"post-views-label\">Post Views:<\/span> <span class=\"post-views-count\">0<\/span><\/p>\n<div class=\"ichhar-moneytagnative c4\" id=\"ichhar-519211298\">\n<p>Advertisements<\/p>\n<\/div>\n<p><br class=\"c2\"\/><br class=\"c5\"\/><br \/>\nAuteur: Hicham Chouadria<br \/>\n<a href=\"https:\/\/www.elwatan.com\/edition\/contributions\/la-france-ne-doit-plus-etre-la-terre-daccueil-des-apparatchiks-du-regime-algerien-19-12-2020\">Cliquez ici pour lire l&rsquo;article depuis sa source.<\/a><\/p>\n","protected":false},"excerpt":{"rendered":"<p>Monsieur le Pr\u00e9sident de la r\u00e9publique fran\u00e7aise, Suite \u00e0 ma lettre ouverte du 4 d\u00e9cembre 2017 vous alertant sur le poison fran\u00e7ais qui gangr\u00e8ne la France, vous avez eu, en date du 22 janvier 2018, la courtoisie de me r\u00e9pondre. Vous me pr\u00e9cisiez votre position sur la question m\u00e9morielle. En revanche, sur la question du [&hellip;]<\/p>\n","protected":false},"author":1743,"featured_media":0,"comment_status":"closed","ping_status":"closed","sticky":false,"template":"","format":"standard","meta":{"fifu_image_url":"https:\/\/www.elwatan.com\/wp-content\/uploads\/2020\/12\/image001-e1608344212496.png","fifu_image_alt":"La France ne doit plus \u00eatre la terre d\u2019accueil des apparatchiks du r\u00e9gime alg\u00e9rien","footnotes":""},"categories":[73,53],"tags":[],"class_list":["post-107519","post","type-post","status-publish","format-standard","hentry","category-actualite","category-algerie"],"_links":{"self":[{"href":"https:\/\/linitiative.ca\/International\/wp-json\/wp\/v2\/posts\/107519","targetHints":{"allow":["GET"]}}],"collection":[{"href":"https:\/\/linitiative.ca\/International\/wp-json\/wp\/v2\/posts"}],"about":[{"href":"https:\/\/linitiative.ca\/International\/wp-json\/wp\/v2\/types\/post"}],"author":[{"embeddable":true,"href":"https:\/\/linitiative.ca\/International\/wp-json\/wp\/v2\/users\/1743"}],"replies":[{"embeddable":true,"href":"https:\/\/linitiative.ca\/International\/wp-json\/wp\/v2\/comments?post=107519"}],"version-history":[{"count":0,"href":"https:\/\/linitiative.ca\/International\/wp-json\/wp\/v2\/posts\/107519\/revisions"}],"wp:attachment":[{"href":"https:\/\/linitiative.ca\/International\/wp-json\/wp\/v2\/media?parent=107519"}],"wp:term":[{"taxonomy":"category","embeddable":true,"href":"https:\/\/linitiative.ca\/International\/wp-json\/wp\/v2\/categories?post=107519"},{"taxonomy":"post_tag","embeddable":true,"href":"https:\/\/linitiative.ca\/International\/wp-json\/wp\/v2\/tags?post=107519"}],"curies":[{"name":"wp","href":"https:\/\/api.w.org\/{rel}","templated":true}]}}