{"id":107520,"date":"2020-12-19T04:21:15","date_gmt":"2020-12-19T09:21:15","guid":{"rendered":"https:\/\/linitiative.ca\/International\/pandemie-de-covid-19-le-monde-mise-sur-la-vaccination\/"},"modified":"2020-12-19T04:21:15","modified_gmt":"2020-12-19T09:21:15","slug":"pandemie-de-covid-19-le-monde-mise-sur-la-vaccination","status":"publish","type":"post","link":"https:\/\/linitiative.ca\/International\/pandemie-de-covid-19-le-monde-mise-sur-la-vaccination\/","title":{"rendered":"Pand\u00e9mie de COVID-19 : Le monde mise sur la vaccination"},"content":{"rendered":"<h4 class=\"title-14\"\/>\n<div class=\"featured_image\"><img loading=\"lazy\" decoding=\"async\" width=\"800\" height=\"612\" src=\"https:\/\/www.elwatan.com\/wp-content\/uploads\/2020\/12\/Mike-Pence-e1608319371624.jpg\" class=\"attachment-post-thumbnail size-post-thumbnail wp-post-image\" alt=\"\"\/><span class=\"featured-image-caption\">Le vice-president Mike Pence se faisant vacciner hier \u00e0 la Maison-Blanche<\/span><\/div>\n<p>Le vice-pr\u00e9sident am\u00e9ricain, Mike Pence, s\u2019est fait vacciner hier contre la Covid-19, au moment o\u00f9 les Etats-Unis s\u2019appr\u00eatent \u00e0 autoriser un nouveau vaccin et o\u00f9 l\u2019Europe voit plusieurs dirigeants plac\u00e9s en quarantaine avant No\u00ebl, dont certains test\u00e9s positifs \u00e0 la Covid-19, comme Emmanuel Macron.<\/p>\n<p>La pand\u00e9mie a fait au moins 1,66 million de morts dans le monde, selon un comptage r\u00e9alis\u00e9 par l\u2019AFP. Les Etats-Unis, actuellement confront\u00e9s \u00e0 un rebond spectaculaire de l\u2019\u00e9pid\u00e9mie, ont enregistr\u00e9 jeudi 3249 d\u00e9c\u00e8s et 247\u00a0544 nouvelles infections. L\u2019injection du vaccin de Pfizer\/BioNTech \u00e0 Mike Pence a \u00e9t\u00e9 retransmise en direct \u00e0 la t\u00e9l\u00e9vision et il s\u2019est d\u00e9clar\u00e9 \u00abheureux d\u2019avoir re\u00e7u ce vaccin s\u00fbr et efficace\u00bb. Les Etats-Unis s\u2019appr\u00eatent \u00e0 autoriser un deuxi\u00e8me vaccin contre la maladie. Un comit\u00e9 d\u2019experts s\u2019est prononc\u00e9 jeudi en faveur de l\u2019autorisation en urgence de celui de Moderna, ce qui augure d\u2019une d\u00e9cision positive de l\u2019Agence am\u00e9ricaine des m\u00e9dicaments (FDA) attendue hier. Mais le pr\u00e9sident sortant, Donald Trump, n\u2019a pas attendu le feu vert de la FDA pour assurer hier matin sur Twitter que le vaccin de Moderna avait \u00e9t\u00e9 \u00abapprouv\u00e9 de mani\u00e8re \u00e9crasante\u00bb.<\/p>\n<p>En Europe, la vaccination devrait d\u00e9buter les 27, 28 et 29 d\u00e9cembre, a annonc\u00e9 jeudi la pr\u00e9sidente de la Commission europ\u00e9enne, Ursula von der Leyen. L\u2019Agence europ\u00e9enne des m\u00e9dicaments (AEM) se penchera lundi sur le sort du vaccin Pfizer\/BioNTech qui devrait \u00eatre autoris\u00e9 dans les deux jours par la Commission.<\/p>\n<p>L\u2019examen et la possible autorisation du vaccin Moderna ont eux \u00e9t\u00e9 avanc\u00e9s d\u2019une semaine, au 6 janvier. L\u2019Espagne a d\u00e9j\u00e0 affirm\u00e9 que la campagne de vaccination d\u00e9buterait dans le pays le 27 d\u00e9cembre, au lendemain de l\u2019arriv\u00e9e des premi\u00e8res doses.<br \/>L\u2019Organisation mondiale de la sant\u00e9 (OMS) et l\u2019Alliance pour les vaccins (Gavi) ont pour leur part annonc\u00e9 de premi\u00e8res livraisons de vaccins anti-Covid au 1er trimestre 2021 aux pays d\u00e9favoris\u00e9s. L\u2019OMS s\u2019est fix\u00e9e comme objectif de disposer de 2 milliards de doses de vaccins d\u2019ici la fin de 2021.<br \/>Dirigeants en quarantaine<\/p>\n<p>En Europe, le Premier ministre slovaque, Igor Matovic, a d\u00e9clar\u00e9 hier avoir \u00e9t\u00e9 test\u00e9 positif \u00e0 la Covid-19, une semaine apr\u00e8s avoir assist\u00e9 \u00e0 un sommet de l\u2019UE \u00e0 Bruxelles. On soup\u00e7onne que c\u2019est aussi lors de ce sommet que le pr\u00e9sident fran\u00e7ais, Emmanuel Macron, a contract\u00e9 le virus, ce qui a pouss\u00e9 certains dirigeants europ\u00e9ens et de hauts responsables fran\u00e7ais qui l\u2019avaient rencontr\u00e9 \u00e0 s\u2019isoler. Plusieurs dirigeants europ\u00e9ens ont eux aussi annonc\u00e9 qu\u2019ils se mettaient en quarantaine par pr\u00e9caution apr\u00e8s avoir rencontr\u00e9 M.\u00a0Macron\u00a0: le pr\u00e9sident du Conseil europ\u00e9en, Charles Michel, et les chefs de gouvernement portugais, Antonio Costa, espagnol, Pedro Sanchez (qui a \u00e9t\u00e9 cependant test\u00e9 n\u00e9gatif), et luxembourgeois, Xavier Bettel. Le Premier ministre belge, Alexander De Croo, a \u00e9t\u00e9 test\u00e9 n\u00e9gatif \u00e0 la Covid-19 jeudi et devait reprendre hier ses activit\u00e9s.<\/p>\n<p><span class=\"post-views-label\">Post Views:<\/span> <span class=\"post-views-count\">0<\/span><\/p>\n<div class=\"ichhar-moneytagnative c4\" id=\"ichhar-2052076617\">\n<p>Advertisements<\/p>\n<\/div>\n<p><br class=\"c2\"\/><br class=\"c5\"\/><br \/>\nAuteur: Hicham Chouadria<br \/>\n<a href=\"https:\/\/www.elwatan.com\/pages-hebdo\/sante\/pandemie-de-covid-19-le-monde-mise-sur-la-vaccination-19-12-2020\">Cliquez ici pour lire l&rsquo;article depuis sa source.<\/a><\/p>\n","protected":false},"excerpt":{"rendered":"<p>Le vice-president Mike Pence se faisant vacciner hier \u00e0 la Maison-Blanche Le vice-pr\u00e9sident am\u00e9ricain, Mike Pence, s\u2019est fait vacciner hier contre la Covid-19, au moment o\u00f9 les Etats-Unis s\u2019appr\u00eatent \u00e0 autoriser un nouveau vaccin et o\u00f9 l\u2019Europe voit plusieurs dirigeants plac\u00e9s en quarantaine avant No\u00ebl, dont certains test\u00e9s positifs \u00e0 la Covid-19, comme Emmanuel Macron. [&hellip;]<\/p>\n","protected":false},"author":1743,"featured_media":0,"comment_status":"closed","ping_status":"closed","sticky":false,"template":"","format":"standard","meta":{"fifu_image_url":"https:\/\/www.elwatan.com\/wp-content\/uploads\/2020\/12\/Mike-Pence-e1608319371624.jpg","fifu_image_alt":"Pand\u00e9mie de COVID-19 : Le monde mise sur la vaccination","footnotes":""},"categories":[73,53],"tags":[],"class_list":["post-107520","post","type-post","status-publish","format-standard","hentry","category-actualite","category-algerie"],"_links":{"self":[{"href":"https:\/\/linitiative.ca\/International\/wp-json\/wp\/v2\/posts\/107520","targetHints":{"allow":["GET"]}}],"collection":[{"href":"https:\/\/linitiative.ca\/International\/wp-json\/wp\/v2\/posts"}],"about":[{"href":"https:\/\/linitiative.ca\/International\/wp-json\/wp\/v2\/types\/post"}],"author":[{"embeddable":true,"href":"https:\/\/linitiative.ca\/International\/wp-json\/wp\/v2\/users\/1743"}],"replies":[{"embeddable":true,"href":"https:\/\/linitiative.ca\/International\/wp-json\/wp\/v2\/comments?post=107520"}],"version-history":[{"count":0,"href":"https:\/\/linitiative.ca\/International\/wp-json\/wp\/v2\/posts\/107520\/revisions"}],"wp:attachment":[{"href":"https:\/\/linitiative.ca\/International\/wp-json\/wp\/v2\/media?parent=107520"}],"wp:term":[{"taxonomy":"category","embeddable":true,"href":"https:\/\/linitiative.ca\/International\/wp-json\/wp\/v2\/categories?post=107520"},{"taxonomy":"post_tag","embeddable":true,"href":"https:\/\/linitiative.ca\/International\/wp-json\/wp\/v2\/tags?post=107520"}],"curies":[{"name":"wp","href":"https:\/\/api.w.org\/{rel}","templated":true}]}}