{"id":107528,"date":"2020-12-19T08:35:31","date_gmt":"2020-12-19T13:35:31","guid":{"rendered":"https:\/\/linitiative.ca\/International\/le-pdg-du-groupe-accor-devrait-effectuer-une-visite-au-premier-trimestre-2021-en-tunisie\/"},"modified":"2020-12-19T08:35:31","modified_gmt":"2020-12-19T13:35:31","slug":"le-pdg-du-groupe-accor-devrait-effectuer-une-visite-au-premier-trimestre-2021-en-tunisie","status":"publish","type":"post","link":"https:\/\/linitiative.ca\/International\/le-pdg-du-groupe-accor-devrait-effectuer-une-visite-au-premier-trimestre-2021-en-tunisie\/","title":{"rendered":"Le PDG du groupe Accor devrait effectuer une visite, au premier trimestre 2021, en Tunisie"},"content":{"rendered":"<div class=\"td-post-content\">\n<h2>S\u00e9bastien Bazin, PDG du Groupe fran\u00e7ais Accor devrait effectuer une visite de travail en Tunisie, au premier trimestre de 2021. A indiqu\u00e9 le\u00a0<a href=\"http:\/\/fr.tunisie.gov.tn\/annuaire\/59\/9-minist%C3%A8re-du-tourisme.htm\" target=\"_blank\" rel=\"noopener noreferrer\">minist\u00e8re du Tourisme et de l\u2019Artisanat<\/a>. Cette visite intervient \u00e0 l\u2019invitation du ministre du tourisme Habib Ammar. Et ce \u00e0 l\u2019occasion d\u2019une rencontre avec des professionnels fran\u00e7ais du tourisme, tenue dans le cadre de la visite du chef du gouvernement tunisien,\u00a0<a href=\"http:\/\/www.leconomistemaghrebin.com\/2020\/12\/16\/il-a-du-annuler-sa-visite-en-italie-hichem-mechichi-presidera-ses-reunions-a-distance\/\" target=\"_blank\" rel=\"noopener noreferrer\">Hichem Mechichi<\/a>\u00a0et sa d\u00e9l\u00e9gation, du 13 au 15 d\u00e9cembre 2020, \u00e0 Paris.<\/h2>\n<p>Au cours de cette rencontre, Ammar a examin\u00e9 avec le premier responsable de cette Cha\u00eene d\u2019h\u00f4tels les possibilit\u00e9s de coop\u00e9ration. Notamment en termes de formation, de recyclage et les moyens de b\u00e9n\u00e9ficier de l\u2019expertise des acad\u00e9mies de formation d\u2019Accor. A indiqu\u00e9 le minist\u00e8re dans un communiqu\u00e9 publi\u00e9, vendredi.<\/p>\n<p>Le ministre a appel\u00e9 le PDG du groupe \u00ab\u00a0Accor\u00a0\u00bb \u00e0 stimuler davantage les investissements dans le secteur du tourisme et de l\u2019h\u00f4tellerie dans diff\u00e9rentes r\u00e9gions tunisiennes.<br \/>Ammar s\u2019est, en outre, entretenu avec la ministre fran\u00e7aise de la Culture Roselyne Bachelot. Ils\u00a0 ont pass\u00e9 en revue la situation du secteur culturel en Tunisie et en France. Notamment l\u2019impact de la crise de Covid-19 et les mesures prises pour soutenir le secteur dans les deux pays.<\/p>\n<p>Ils ont \u00e9voqu\u00e9 les diff\u00e9rents programmes de coop\u00e9ration bilat\u00e9rale et les moyens de valorisation des sites arch\u00e9ologiques, dont le programme de d\u00e9veloppement du mus\u00e9e de Carthage, qui fait partie du projet \u00ab Patrimoine 3000 \u00bb, composante du programme Tounes Wijhetouna (\u00ab Tunisie : notre destination \u00bb).<\/p>\n<p>La rencontre du ministre avec le pr\u00e9sident du Syndicat des Entreprises du Tour Op\u00e9rating (SETO), Ren\u00e9-Marc Chikli, et un certain nombre de professionnels du tourisme a permis d\u2019\u00e9voquer la situation difficile que traverse le secteur du tourisme. Ainsi que celui des agences du voyage \u00e0 cause de Covid-19. Ils ont \u00e9voqu\u00e9 l\u2019arr\u00eat total de l\u2019activit\u00e9 et la faillite de nombreux \u00e9tablissements de tourisme et agences de voyages.<\/p>\n<p>La r\u00e9union a port\u00e9 aussi sur les strat\u00e9gies identifi\u00e9es pour la p\u00e9riode post pand\u00e9mie afin d\u2019assurer m\u00eame une reprise progressive de l\u2019activit\u00e9 touristiques, outre les mesures de soutien du secteur et ses employ\u00e9s qui ont \u00e9t\u00e9 prises dans les deux pays.<\/p>\n<p>Avec TAP<\/p>\n<\/div>\n<footer>\n<\/footer>\n<div class=\"wp-post-author-wrap wp-post-author-shortcode left\">\n<h3 class=\"awpa-title\"\/>\n<div class=\"wp-post-author\">\n<div class=\"awpa-img awpa-author-block square\"><a href=\"http:\/\/lexpertjournal.net\/fr\/?author=5\"><img loading=\"lazy\" decoding=\"async\" alt=\"\" src=\"http:\/\/0.gravatar.com\/avatar\/97f8e10a1c1125ba104a76514ee07b16?s=150&amp;d=mm&amp;r=g\" srcset=\"http:\/\/0.gravatar.com\/avatar\/97f8e10a1c1125ba104a76514ee07b16?s=300&amp;d=mm&amp;r=g 2x\" class=\"avatar avatar-150 photo\" height=\"150\" width=\"150\"\/><\/a><\/div>\n<\/div>\n<\/div>\n<aside class=\"mashsb-container mashsb-main mashsb-stretched\">\n<\/aside>\n<p>Auteur: L&rsquo;expert<br \/>\n<a href=\"http:\/\/lexpertjournal.net\/fr\/?p=17740\">Cliquez ici pour lire l&rsquo;article depuis sa source.<\/a><\/p>\n","protected":false},"excerpt":{"rendered":"<p>S\u00e9bastien Bazin, PDG du Groupe fran\u00e7ais Accor devrait effectuer une visite de travail en Tunisie, au premier trimestre de 2021. A indiqu\u00e9 le\u00a0minist\u00e8re du Tourisme et de l\u2019Artisanat. Cette visite intervient \u00e0 l\u2019invitation du ministre du tourisme Habib Ammar. Et ce \u00e0 l\u2019occasion d\u2019une rencontre avec des professionnels fran\u00e7ais du tourisme, tenue dans le cadre [&hellip;]<\/p>\n","protected":false},"author":1775,"featured_media":0,"comment_status":"closed","ping_status":"closed","sticky":false,"template":"","format":"standard","meta":{"fifu_image_url":"http:\/\/0.gravatar.com\/avatar\/97f8e10a1c1125ba104a76514ee07b16?s=150&d=mm&r=g","fifu_image_alt":"Le PDG du groupe Accor devrait effectuer une visite, au premier trimestre 2021, en Tunisie","footnotes":""},"categories":[78,55],"tags":[],"class_list":["post-107528","post","type-post","status-publish","format-standard","hentry","category-economie","category-tunisie"],"_links":{"self":[{"href":"https:\/\/linitiative.ca\/International\/wp-json\/wp\/v2\/posts\/107528","targetHints":{"allow":["GET"]}}],"collection":[{"href":"https:\/\/linitiative.ca\/International\/wp-json\/wp\/v2\/posts"}],"about":[{"href":"https:\/\/linitiative.ca\/International\/wp-json\/wp\/v2\/types\/post"}],"author":[{"embeddable":true,"href":"https:\/\/linitiative.ca\/International\/wp-json\/wp\/v2\/users\/1775"}],"replies":[{"embeddable":true,"href":"https:\/\/linitiative.ca\/International\/wp-json\/wp\/v2\/comments?post=107528"}],"version-history":[{"count":0,"href":"https:\/\/linitiative.ca\/International\/wp-json\/wp\/v2\/posts\/107528\/revisions"}],"wp:attachment":[{"href":"https:\/\/linitiative.ca\/International\/wp-json\/wp\/v2\/media?parent=107528"}],"wp:term":[{"taxonomy":"category","embeddable":true,"href":"https:\/\/linitiative.ca\/International\/wp-json\/wp\/v2\/categories?post=107528"},{"taxonomy":"post_tag","embeddable":true,"href":"https:\/\/linitiative.ca\/International\/wp-json\/wp\/v2\/tags?post=107528"}],"curies":[{"name":"wp","href":"https:\/\/api.w.org\/{rel}","templated":true}]}}