{"id":107553,"date":"2020-12-19T09:49:00","date_gmt":"2020-12-19T14:49:00","guid":{"rendered":"https:\/\/linitiative.ca\/International\/boukhanifis-sidi-bel-abbes-dar-el-beida-en-manque-de-projets-de-developpement\/"},"modified":"2020-12-19T09:49:00","modified_gmt":"2020-12-19T14:49:00","slug":"boukhanifis-sidi-bel-abbes-dar-el-beida-en-manque-de-projets-de-developpement","status":"publish","type":"post","link":"https:\/\/linitiative.ca\/International\/boukhanifis-sidi-bel-abbes-dar-el-beida-en-manque-de-projets-de-developpement\/","title":{"rendered":"BOUKHANIFIS (SIDI BEL-ABBES) : Dar El Be\u00efda en manque de projets de d\u00e9veloppement"},"content":{"rendered":"<p><br id=\"sep_para_1\" class=\"sep_para access\"\/><\/p>\n<div id=\"para_1\" class=\"para_39993503 resize\">\n<div class=\"texte access firstletter\">A Boukhanifis, chef-lieu lieu de commune situ\u00e9 \u00e0 quelque 10 km au sud -ouest de Sidi Bel -Abb\u00e8s, les habitants du village dit commun\u00e9ment Dar El Be\u00efda, se d\u00e9clarent engouffr\u00e9s depuis longtemps, dans les affres de la pr\u00e9carit\u00e9 qui leur fait souffrir l&rsquo;enfer, notamment en cette p\u00e9riode pluvieuse de la saison hivernale:\u00a0\u00bb Ici, soulignent des jeunes plaignants, nous manquons \u00e9norm\u00e9ment de commodit\u00e9s de vie et nous nous sentons exclus et marginalis\u00e9s par nos responsables et \u00e9lus locaux. Nous avons de tout temps, revendiqu\u00e9 des annexes communales et postales, structures indispensables permettant aux vieillards ou personnes malades d&rsquo;\u00e9viter les longs\u00a0 trajets \u00e0 effectuer pour rejoindre la mairie ou le bureau de poste\u00a0\u00bb. D&rsquo;autres locuteurs visiblement d\u00e9sesp\u00e9r\u00e9s ajoutent: \u00abLa plupart des rues de Dar El Be\u00efda se trouvent dans un piteux \u00e9tat ou\u00a0 non rev\u00eatues et\u00a0 plong\u00e9es encore dans l&rsquo;obscurit\u00e9 d\u00e8s la tomb\u00e9e de la nuit\u00a0\u00bb. \u00ab\u00a0Le probl\u00e8me dont nous nous sommes toujours plaints, concluent deux \u00e9tudiants, demeure incontestablement les structures et moyens de d\u00e9tente et de distraction au profit de la couche juv\u00e9nile, \u00e0 l&rsquo;exemple d&rsquo;un cercle ou d&rsquo;une maison de jeunes\u00a0\u00bb.\u00a0 \u00ab\u00a0Faute de ces commodit\u00e9s, plusieurs de nos voisins versent d&rsquo;ores et d\u00e9j\u00e0 dans les ab\u00eemes de l&rsquo;oisivet\u00e9 et l&rsquo;inactivit\u00e9. N\u00e9anmoins, en adressant ce S.O.S au premier magistrat de la wilaya, nous resterons\u00a0 nourris d&rsquo;espoir, quant \u00e0 une \u00e9ventuelle am\u00e9lioration de la situation sociale que traverse notre \u00ab\u00a0douar\u00a0\u00bb.\u00a0\u00a0\u00a0\u00a0\u00a0\u00a0\u00a0\u00a0\u00a0<\/div>\n<\/div>\n<p>Auteur: Noui Moussa<br \/>\n<a href=\"https:\/\/www.reflexiondz.net\/BOUKHANIFIS-SIDI-BEL-ABBES-Dar-El-Beida-en-manque-de-projets-de-developpement_a66775.html\">Cliquez ici pour lire l&rsquo;article depuis sa source.<\/a><\/p>\n","protected":false},"excerpt":{"rendered":"<p>A Boukhanifis, chef-lieu lieu de commune situ\u00e9 \u00e0 quelque 10 km au sud -ouest de Sidi Bel -Abb\u00e8s, les habitants du village dit commun\u00e9ment Dar El Be\u00efda, se d\u00e9clarent engouffr\u00e9s depuis longtemps, dans les affres de la pr\u00e9carit\u00e9 qui leur fait souffrir l&rsquo;enfer, notamment en cette p\u00e9riode pluvieuse de la saison hivernale:\u00a0\u00bb Ici, soulignent des [&hellip;]<\/p>\n","protected":false},"author":1740,"featured_media":0,"comment_status":"closed","ping_status":"closed","sticky":false,"template":"","format":"standard","meta":{"fifu_image_url":"","fifu_image_alt":"","footnotes":""},"categories":[53,76],"tags":[],"class_list":["post-107553","post","type-post","status-publish","format-standard","hentry","category-algerie","category-regions"],"_links":{"self":[{"href":"https:\/\/linitiative.ca\/International\/wp-json\/wp\/v2\/posts\/107553","targetHints":{"allow":["GET"]}}],"collection":[{"href":"https:\/\/linitiative.ca\/International\/wp-json\/wp\/v2\/posts"}],"about":[{"href":"https:\/\/linitiative.ca\/International\/wp-json\/wp\/v2\/types\/post"}],"author":[{"embeddable":true,"href":"https:\/\/linitiative.ca\/International\/wp-json\/wp\/v2\/users\/1740"}],"replies":[{"embeddable":true,"href":"https:\/\/linitiative.ca\/International\/wp-json\/wp\/v2\/comments?post=107553"}],"version-history":[{"count":0,"href":"https:\/\/linitiative.ca\/International\/wp-json\/wp\/v2\/posts\/107553\/revisions"}],"wp:attachment":[{"href":"https:\/\/linitiative.ca\/International\/wp-json\/wp\/v2\/media?parent=107553"}],"wp:term":[{"taxonomy":"category","embeddable":true,"href":"https:\/\/linitiative.ca\/International\/wp-json\/wp\/v2\/categories?post=107553"},{"taxonomy":"post_tag","embeddable":true,"href":"https:\/\/linitiative.ca\/International\/wp-json\/wp\/v2\/tags?post=107553"}],"curies":[{"name":"wp","href":"https:\/\/api.w.org\/{rel}","templated":true}]}}