{"id":107555,"date":"2020-12-19T09:49:00","date_gmt":"2020-12-19T14:49:00","guid":{"rendered":"https:\/\/linitiative.ca\/International\/formation-professionnelle-plus-de-600-000-stagiaires-font-leur-rentree-aujourdhui\/"},"modified":"2020-12-19T09:49:00","modified_gmt":"2020-12-19T14:49:00","slug":"formation-professionnelle-plus-de-600-000-stagiaires-font-leur-rentree-aujourdhui","status":"publish","type":"post","link":"https:\/\/linitiative.ca\/International\/formation-professionnelle-plus-de-600-000-stagiaires-font-leur-rentree-aujourdhui\/","title":{"rendered":"FORMATION PROFESSIONNELLE  : Plus de 600 000 stagiaires  font leur rentr\u00e9e aujourd\u2019hui"},"content":{"rendered":"<p><br id=\"sep_para_1\" class=\"sep_para access\"\/><\/p>\n<div id=\"para_1\" class=\"para_39993572 resize\">\n<div class=\"texte access firstletter\">Le secteur de la formation professionnelle se dit pr\u00eat pour accueillir les stagiaires, \u00e0 partir d\u2019aujourd\u2019hui, dimanche 20 d\u00e9cembre dans des circonstances exceptionnelles impos\u00e9 par la Covid-19. La ministre\u00a0 La ministre de la Formation professionnelle et de l\u2019Education, Hoyam Benfriha, a annonc\u00e9 l\u2019\u00e9laboration d\u2019un protocole sanitaire strict pour prot\u00e9ger les \u00e9tudiants et les travailleurs en formation et en apprentissage. Apr\u00e8s neuf mois de suspension de cours, impos\u00e9e par la pand\u00e9mie Coronavirus, la ministre a r\u00e9v\u00e9l\u00e9 qu\u2019 \u00ab un comit\u00e9 de coordination a \u00e9t\u00e9 mis en place au niveau de chaque wilaya, dont la mission est de s\u2019assurer que les protocoles sanitaires sont pleinement mis en \u0153uvre afin de prot\u00e9ger les stagiaires et les travailleurs \u00bb. Hoyam Benfriha, informera ainsi que le coup d\u2019envoi de l\u2019ann\u00e9e professionnelle 2020-2021 sera donn\u00e9 depuis la wilaya de M\u00e9d\u00e9a supervision du Premier ministre Abdelaziz Djerad, ce qui \u00ab refl\u00e8te l\u2019importance du secteur de la formation professionnelle et de l\u2019\u00e9ducation pour le gouvernement comme l\u2019un des principaux piliers du lancement du d\u00e9veloppement \u00e9conomique en Alg\u00e9rie \u00bb dira la ministre. Hoyam Benfriha est \u00e9galement revenu sur la plateforme applicative \u00ab Mihnat \u00bb ou \u00abMa profession\u00bb, qui a \u00e9t\u00e9 d\u00e9velopp\u00e9e pour la premi\u00e8re fois en Alg\u00e9rie, et cela pour permettre aux stagiaires de s\u2019inscrire sans se pr\u00e9occuper des d\u00e9placements, vu les conditions sanitaire qui touche le pays. L\u2019application de \u00abMa profession\u00bb a permis de contr\u00f4ler l\u2019orientation des stagiaires vers des sp\u00e9cialisations compatibles avec leurs qualifications et leurs choix professionnels, et en retour, de r\u00e9pondre aux besoins des institutions \u00e9conomiques de travailleurs qualifi\u00e9s qui assurent leur comp\u00e9titivit\u00e9 sur le march\u00e9 du travail. La ministre de la Formation a indiqu\u00e9 que 14 coop\u00e9rations ont \u00e9t\u00e9 conclues avec diff\u00e9rents secteurs afin de cr\u00e9er de nouvelles sp\u00e9cialisations par l\u2019interm\u00e9diaire de leurs centres en fonction des exigences du march\u00e9. Pour rappel, le secteur pr\u00e9voit pour cette entr\u00e9e \u00abplus de 538 000 places p\u00e9dagogiques, en plus de 83 215 lits en internats\u00bb, et le secteur priv\u00e9 fournit \u00abenviron 52 000 places p\u00e9dagogiques \u00e0 travers 760 \u00e9tablissements de formation priv\u00e9s\u00bb. Le secteur propose une formation en cinq niveaux, dont le plus important est un niveau technique \u00e9lev\u00e9, qui se d\u00e9roule dans les 201 instituts nationaux sp\u00e9cialis\u00e9s dans la formation, d\u2019une capacit\u00e9 de 60 300 places p\u00e9dagogiques.<\/div>\n<\/div>\n<p>Auteur: Ismain<br \/>\n<a href=\"https:\/\/www.reflexiondz.net\/FORMATION-PROFESSIONNELLE-Plus-de-600-000-stagiaires-font-leur-rentree-aujourd-hui_a66784.html\">Cliquez ici pour lire l&rsquo;article depuis sa source.<\/a><\/p>\n","protected":false},"excerpt":{"rendered":"<p>Le secteur de la formation professionnelle se dit pr\u00eat pour accueillir les stagiaires, \u00e0 partir d\u2019aujourd\u2019hui, dimanche 20 d\u00e9cembre dans des circonstances exceptionnelles impos\u00e9 par la Covid-19. La ministre\u00a0 La ministre de la Formation professionnelle et de l\u2019Education, Hoyam Benfriha, a annonc\u00e9 l\u2019\u00e9laboration d\u2019un protocole sanitaire strict pour prot\u00e9ger les \u00e9tudiants et les travailleurs en [&hellip;]<\/p>\n","protected":false},"author":1740,"featured_media":0,"comment_status":"closed","ping_status":"closed","sticky":false,"template":"","format":"standard","meta":{"fifu_image_url":"","fifu_image_alt":"","footnotes":""},"categories":[53,76],"tags":[],"class_list":["post-107555","post","type-post","status-publish","format-standard","hentry","category-algerie","category-regions"],"_links":{"self":[{"href":"https:\/\/linitiative.ca\/International\/wp-json\/wp\/v2\/posts\/107555","targetHints":{"allow":["GET"]}}],"collection":[{"href":"https:\/\/linitiative.ca\/International\/wp-json\/wp\/v2\/posts"}],"about":[{"href":"https:\/\/linitiative.ca\/International\/wp-json\/wp\/v2\/types\/post"}],"author":[{"embeddable":true,"href":"https:\/\/linitiative.ca\/International\/wp-json\/wp\/v2\/users\/1740"}],"replies":[{"embeddable":true,"href":"https:\/\/linitiative.ca\/International\/wp-json\/wp\/v2\/comments?post=107555"}],"version-history":[{"count":0,"href":"https:\/\/linitiative.ca\/International\/wp-json\/wp\/v2\/posts\/107555\/revisions"}],"wp:attachment":[{"href":"https:\/\/linitiative.ca\/International\/wp-json\/wp\/v2\/media?parent=107555"}],"wp:term":[{"taxonomy":"category","embeddable":true,"href":"https:\/\/linitiative.ca\/International\/wp-json\/wp\/v2\/categories?post=107555"},{"taxonomy":"post_tag","embeddable":true,"href":"https:\/\/linitiative.ca\/International\/wp-json\/wp\/v2\/tags?post=107555"}],"curies":[{"name":"wp","href":"https:\/\/api.w.org\/{rel}","templated":true}]}}