{"id":107560,"date":"2020-12-19T13:30:00","date_gmt":"2020-12-19T18:30:00","guid":{"rendered":"https:\/\/linitiative.ca\/International\/le-medef-devant-mechichi-le-meilleur-moyen-de-soutenir-la-democratie-tunisienne-cest-dy-investir\/"},"modified":"2020-12-19T13:30:00","modified_gmt":"2020-12-19T18:30:00","slug":"le-medef-devant-mechichi-le-meilleur-moyen-de-soutenir-la-democratie-tunisienne-cest-dy-investir","status":"publish","type":"post","link":"https:\/\/linitiative.ca\/International\/le-medef-devant-mechichi-le-meilleur-moyen-de-soutenir-la-democratie-tunisienne-cest-dy-investir\/","title":{"rendered":"Le Medef devant Mechichi : Le meilleur moyen de soutenir la d\u00e9mocratie tunisienne, c\u2019est d\u2019y investir"},"content":{"rendered":"<p>M\u00eame en pr\u00e9sence, ou surtout \u00e0 cause, d\u2019un chef de gouvernement de ses ministres, une rencontre entre dirigeants \u00e9conomiques de deux pays est un moment de grande v\u00e9rit\u00e9. L\u00e0 on parle cash, d\u2019affaires, de blocages, de d\u00e9blocages, d\u2019opportunit\u00e9s\u2026 La r\u00e9union, lundi soir au si\u00e8ge du MEDEF \u00e0 Paris, n\u2019y a pas d\u00e9rog\u00e9. La d\u00e9l\u00e9gation de l\u2019UTICA, conduite par Samir Majoul l\u2019avait bien pr\u00e9par\u00e9e. Le chef du gouvernement, Hichem Mechichi et son ministre de l\u2019\u00c9conomie, des Finances et de l\u2019Appui \u00e0 l\u2019Investissement, y avaient accord\u00e9 toute l\u2019importance requise.<\/p>\n<p><img loading=\"lazy\" decoding=\"async\" src=\"\/uploads\/FCK_files\/Medef567.jpg\" alt=\"\" width=\"700\" vspace=\"5\" hspace=\"5\" height=\"482\" align=\"middle\"\/><\/p>\n<p>Pas facile de mobiliser le MEDEF, son pr\u00e9sident Geoffroy Roux de B\u00e9zieux, ses co\u00e9quipiers et les repr\u00e9sentants d\u2019une quinzaine de grandes entreprises fran\u00e7aises, en cette fin d\u2019ann\u00e9e, fin de journ\u00e9e, et sous confinement. Ils \u00e9taient pourtant tous pr\u00e9sents. A 19 heures pr\u00e9cises, le pr\u00e9sident du MEDEF \u00e9tait \u00e0 l\u2019accueil de ses h\u00f4tes, poign\u00e9e de main rapide devant les m\u00e9dias avant de s\u2019engouffrer avec le chef du gouvernement pour un t\u00eate-\u00e0-t\u00eate. Au 8\u00e8me \u00e9tage de ce si\u00e8ge prestigieux, dans la grande salle, distanciation respect\u00e9e et fen\u00eatre ouverte, devait ensuite commencer une s\u00e9ance de travail prometteuse.<\/p>\n<p>Ali Kooli est arriv\u00e9 haletant de Bercy o\u00f9 il avait rencontr\u00e9 son homologue Bruno Le Maire. \u00ab\u00a0Un premier contact int\u00e9ressant\u00a0\u00bb, confiera-t-il \u00e0 Leaders. \u00ab\u00a0Le tour d\u2019horizon auquel nous avons proc\u00e9d\u00e9 \u00e9tait empreint de franchise et d\u2019attention r\u00e9ciproques. Nous poursuivrons ces \u00e9changes utiles et fructueux\u00a0\u00bb, ajoutera-t-il. Fatigu\u00e9 par une journ\u00e9e marathon, apr\u00e8s un week end d\u2019entretiens marathons au si\u00e8ge de l\u2019ambassade et de longues semaines de plaidoyer au Bardo pour d\u00e9fendre la loi de finance, le ministre s\u2019effor\u00e7ait de garder son esprit vif et de d\u00e9rouler un argumentaire persuasif.<\/p>\n<p><img loading=\"lazy\" decoding=\"async\" src=\"\/uploads\/FCK_files\/Kooli.jpg\" alt=\"\" width=\"700\" vspace=\"5\" hspace=\"5\" height=\"467\" align=\"middle\"\/><\/p>\n<p>Les allocutions introductives de Mechichi et de Roux de B\u00e9zieux, ont plant\u00e9 un cadre propice \u00e0 des \u00e9changes constructifs. Majoul y a ajout\u00e9 sa note. Kooli commencera par rappeler le statut privil\u00e9gi\u00e9 de la France, premier investisseur \u00e9tranger de la Tunisie, soulignant que son pays a toujours honor\u00e9 sa signature. Il embrayera sur le grand d\u00e9fi qui se pose \u00e0 l\u2019industrie fran\u00e7aise\u00a0: r\u00e9ussir sa relocalisation. Un arbitrage est cependant \u00e0 faire entre le co\u00fbt et l\u2019ind\u00e9pendance de la d\u00e9cision et de l\u2019approvisionnement. La solution est nette\u00a0: la Tunisie. Ses atouts ne sont pas uniquement et n\u00e9cessairement fiscaux, mais bien d\u2019autres\u00a0: la langue, la qualification des travailleurs et la d\u00e9mocratie qui se construit.<\/p>\n<p>Hichem Elloumi, Hammadi Kooli, Taieb Ketari, Naceur Jeljli, Khaled Sellami, ainsi que Mourad Meddeb, Adel Nakti et Zohra Majoul, opinaient d\u2019approbation. L\u2019ambassadeur de Tunisie, Karim Jamoussi, aussi. Fabrice Le Sach\u00e9, porte-parole, vice-pr\u00e9sident du MEDEF, pr\u00e9sident fondateur d\u2019A\u00e9ra Group y apportera la profession de foi du patronat fran\u00e7ais. \u00ab\u00a0Le meilleur moyen de soutenir la d\u00e9mocratie tunisienne, c\u2019est d\u2019y investir. La meilleure fa\u00e7on de renforcer la francophonie, c\u2019est de commercer.\u00a0\u00bb Tout y est dit. Le d\u00e9bat avec les entreprises fran\u00e7aises sera intense et fructueux. En coulisses, Donia Kaou\u00e8che, l&rsquo;efficacit\u00e9 doiscr\u00e8te, s\u2019en abreuvait.<br \/>\u00a0<\/p>\n<p>Auteur:<br \/>\n<a href=\"https:\/\/www.leaders.com.tn\/article\/31130-le-medef-devant-mechichi-le-meilleur-moyen-de-soutenir-la-democratie-tunisienne-c-est-d-y-investir\">Cliquez ici pour lire l&rsquo;article depuis sa source.<\/a><\/p>\n","protected":false},"excerpt":{"rendered":"<p>M\u00eame en pr\u00e9sence, ou surtout \u00e0 cause, d\u2019un chef de gouvernement de ses ministres, une rencontre entre dirigeants \u00e9conomiques de deux pays est un moment de grande v\u00e9rit\u00e9. L\u00e0 on parle cash, d\u2019affaires, de blocages, de d\u00e9blocages, d\u2019opportunit\u00e9s\u2026 La r\u00e9union, lundi soir au si\u00e8ge du MEDEF \u00e0 Paris, n\u2019y a pas d\u00e9rog\u00e9. La d\u00e9l\u00e9gation de [&hellip;]<\/p>\n","protected":false},"author":1772,"featured_media":0,"comment_status":"closed","ping_status":"closed","sticky":false,"template":"","format":"standard","meta":{"fifu_image_url":"\/uploads\/FCK_files\/Medef567.jpg","fifu_image_alt":"Le Medef devant Mechichi : Le meilleur moyen de soutenir la d\u00e9mocratie tunisienne, c\u2019est d\u2019y investir","footnotes":""},"categories":[73,55],"tags":[],"class_list":["post-107560","post","type-post","status-publish","format-standard","hentry","category-actualite","category-tunisie"],"_links":{"self":[{"href":"https:\/\/linitiative.ca\/International\/wp-json\/wp\/v2\/posts\/107560","targetHints":{"allow":["GET"]}}],"collection":[{"href":"https:\/\/linitiative.ca\/International\/wp-json\/wp\/v2\/posts"}],"about":[{"href":"https:\/\/linitiative.ca\/International\/wp-json\/wp\/v2\/types\/post"}],"author":[{"embeddable":true,"href":"https:\/\/linitiative.ca\/International\/wp-json\/wp\/v2\/users\/1772"}],"replies":[{"embeddable":true,"href":"https:\/\/linitiative.ca\/International\/wp-json\/wp\/v2\/comments?post=107560"}],"version-history":[{"count":0,"href":"https:\/\/linitiative.ca\/International\/wp-json\/wp\/v2\/posts\/107560\/revisions"}],"wp:attachment":[{"href":"https:\/\/linitiative.ca\/International\/wp-json\/wp\/v2\/media?parent=107560"}],"wp:term":[{"taxonomy":"category","embeddable":true,"href":"https:\/\/linitiative.ca\/International\/wp-json\/wp\/v2\/categories?post=107560"},{"taxonomy":"post_tag","embeddable":true,"href":"https:\/\/linitiative.ca\/International\/wp-json\/wp\/v2\/tags?post=107560"}],"curies":[{"name":"wp","href":"https:\/\/api.w.org\/{rel}","templated":true}]}}