{"id":107573,"date":"2020-12-19T14:18:01","date_gmt":"2020-12-19T19:18:01","guid":{"rendered":"https:\/\/linitiative.ca\/International\/maroc-prolongation-pour-4-semaines-supplementaires-des-mesures-preventives-au-niveau-grand-casablanca\/"},"modified":"2020-12-19T14:18:01","modified_gmt":"2020-12-19T19:18:01","slug":"maroc-prolongation-pour-4-semaines-supplementaires-des-mesures-preventives-au-niveau-grand-casablanca","status":"publish","type":"post","link":"https:\/\/linitiative.ca\/International\/maroc-prolongation-pour-4-semaines-supplementaires-des-mesures-preventives-au-niveau-grand-casablanca\/","title":{"rendered":"Maroc\u00a0: prolongation pour 4 semaines suppl\u00e9mentaires des mesures pr\u00e9ventives au niveau Grand Casablanca"},"content":{"rendered":"<div readability=\"32\">\n<p>Publi\u00e9 le 19.12.2020 \u00e0 20h18 par APA News<\/p>\n<\/div>\n<div readability=\"55\">\n<p>Le gouvernement marocain a d\u00e9cid\u00e9 de prolonger les mesures pr\u00e9ventives en vigueur au niveau du Grand Casablanca et des provinces de Berrechid et de Benslimane \u00e0 partir du dimanche 20 d\u00e9cembre \u00e0 21h00 pour une dur\u00e9e de quatre semaines, et ce pour faire face \u00e0 la propagation de la pand\u00e9mie de la Covid-19.Ces mesures portent sur l\u2019interdiction de toute forme de d\u00e9placement nocturne entre 21 heures et 6 heures \u00e0 l\u2019exception des d\u00e9placements pour des raisons de sant\u00e9 et professionnelles, l\u2019obligation de disposer d\u2019une autorisation exceptionnelle de d\u00e9placement de et vers les pr\u00e9fectures et provinces du Grand Casablanca \u00e9mise par les autorit\u00e9s locales comp\u00e9tentes et la fermeture des terrains de proximit\u00e9 et des parcs.<\/p>\n<p>Il s\u2019agit aussi de la fermeture \u00e0 20 heures des restaurants et des caf\u00e9s, ainsi que de tous les magasins et les grands centres commerciaux, l\u2019arr\u00eat des d\u00e9placements via les bus du transport en commun et le tramway \u00e0 21 heures, la fermeture \u00e0 15 heures des march\u00e9s de proximit\u00e9 et l\u2019encouragement du travail \u00e0 distance dans les cas qui le permettent.<\/p>\n<p>Toutes les mesures pr\u00e9ventives prises auparavant resteront en vigueur dont la fermeture des hammams et des salles de sport et l\u2019interdiction des rassemblements de plus de 10 personnes.<\/p>\n<p>Cette d\u00e9cision intervient suite aux conclusions des op\u00e9rations de suivi quotidien et d\u2019\u00e9valuation r\u00e9guli\u00e8re, men\u00e9es par les comit\u00e9s de veille et de suivi, et conform\u00e9ment aux recommandations de la commission scientifique et technique sur la n\u00e9cessit\u00e9 de poursuivre les mesures n\u00e9cessaires pour faire face \u00e0 la propagation du coronavirus.<\/p>\n<\/div>\n<p>Auteur: APA News<br \/>\n<a href=\"https:\/\/www.journalducameroun.com\/maroc-prolongation-pour-4-semaines-supplementaires-des-mesures-preventives-au-niveau-grand-casablanca\/\">Cliquez ici pour lire l&rsquo;article depuis sa source.<\/a><\/p>\n","protected":false},"excerpt":{"rendered":"<p>Publi\u00e9 le 19.12.2020 \u00e0 20h18 par APA News Le gouvernement marocain a d\u00e9cid\u00e9 de prolonger les mesures pr\u00e9ventives en vigueur au niveau du Grand Casablanca et des provinces de Berrechid et de Benslimane \u00e0 partir du dimanche 20 d\u00e9cembre \u00e0 21h00 pour une dur\u00e9e de quatre semaines, et ce pour faire face \u00e0 la propagation [&hellip;]<\/p>\n","protected":false},"author":1965,"featured_media":0,"comment_status":"closed","ping_status":"closed","sticky":false,"template":"","format":"standard","meta":{"fifu_image_url":"","fifu_image_alt":"","footnotes":""},"categories":[73,82],"tags":[],"class_list":["post-107573","post","type-post","status-publish","format-standard","hentry","category-actualite","category-cameroun"],"_links":{"self":[{"href":"https:\/\/linitiative.ca\/International\/wp-json\/wp\/v2\/posts\/107573","targetHints":{"allow":["GET"]}}],"collection":[{"href":"https:\/\/linitiative.ca\/International\/wp-json\/wp\/v2\/posts"}],"about":[{"href":"https:\/\/linitiative.ca\/International\/wp-json\/wp\/v2\/types\/post"}],"author":[{"embeddable":true,"href":"https:\/\/linitiative.ca\/International\/wp-json\/wp\/v2\/users\/1965"}],"replies":[{"embeddable":true,"href":"https:\/\/linitiative.ca\/International\/wp-json\/wp\/v2\/comments?post=107573"}],"version-history":[{"count":0,"href":"https:\/\/linitiative.ca\/International\/wp-json\/wp\/v2\/posts\/107573\/revisions"}],"wp:attachment":[{"href":"https:\/\/linitiative.ca\/International\/wp-json\/wp\/v2\/media?parent=107573"}],"wp:term":[{"taxonomy":"category","embeddable":true,"href":"https:\/\/linitiative.ca\/International\/wp-json\/wp\/v2\/categories?post=107573"},{"taxonomy":"post_tag","embeddable":true,"href":"https:\/\/linitiative.ca\/International\/wp-json\/wp\/v2\/tags?post=107573"}],"curies":[{"name":"wp","href":"https:\/\/api.w.org\/{rel}","templated":true}]}}