{"id":107574,"date":"2020-12-19T14:18:03","date_gmt":"2020-12-19T19:18:03","guid":{"rendered":"https:\/\/linitiative.ca\/International\/le-consulat-general-a-dakhla-revet-un-caractere-politique-et-diplomatique-significatif-ministre-congolaise-des-ae\/"},"modified":"2020-12-19T14:18:03","modified_gmt":"2020-12-19T19:18:03","slug":"le-consulat-general-a-dakhla-revet-un-caractere-politique-et-diplomatique-significatif-ministre-congolaise-des-ae","status":"publish","type":"post","link":"https:\/\/linitiative.ca\/International\/le-consulat-general-a-dakhla-revet-un-caractere-politique-et-diplomatique-significatif-ministre-congolaise-des-ae\/","title":{"rendered":"Le consulat g\u00e9n\u00e9ral \u00e0 Dakhla rev\u00eat un caract\u00e8re politique et diplomatique significatif (ministre congolaise des AE)"},"content":{"rendered":"<div readability=\"32\">\n<p>Publi\u00e9 le 19.12.2020 \u00e0 20h18 par APA News<\/p>\n<\/div>\n<div readability=\"130\">\n<p>L\u2019ouverture d\u2019un consulat g\u00e9n\u00e9ral de la R\u00e9publique D\u00e9mocratique du Congo (RDC) \u00e0 Dakhla rev\u00eat un caract\u00e8re politique et diplomatique significatif et concr\u00e9tise la reconnaissance de la souverainet\u00e9 pleine et enti\u00e8re du Royaume du Maroc sur son Sahara, a affirm\u00e9, samedi \u00e0 Dakhla, la ministre d\u2019Etat, ministre des Affaires \u00e9trang\u00e8res congolaise, Marie Tumba Nzeza.Ce consulat g\u00e9n\u00e9ral se veut un cadre administratif qui maintient le lien physique avec la communaut\u00e9 congolaise et un lieu de concertation et de promotion des relations \u00e9conomiques, commerciales, culturelles et scientifiques, a indiqu\u00e9 Mme Tumba Nzeza lors d\u2019un point de presse conjoint avec le ministre marocain des Affaires \u00e9trang\u00e8res, Nasser Bourita, tenu \u00e0 l\u2019issue de l\u2019inauguration de cette repr\u00e9sentation diplomatique.<\/p>\n<p>\u00ab Beaucoup de potentialit\u00e9s existent dans cette r\u00e9gion, et nous esp\u00e9rons vivement que le geste \u00e9tatique que nous posons aujourd\u2019hui soit de bon augure pour un d\u00e9veloppement rayonnant et fructueux entre les deux pays \u00bb, a-t-elle fait savoir.<\/p>\n<p>Dans cette lign\u00e9e, la cheffe de la diplomatie congolaise a indiqu\u00e9 que l\u2019ouverture de ce poste consulaire est en r\u00e9alit\u00e9 une nouvelle \u00e9tape qui s\u2019est ouverte dans les relations historiques et privil\u00e9gi\u00e9es qu\u2019entretiennent le Maroc et la RDC, incarn\u00e9es dans l\u2019entente et la compr\u00e9hension qui existent entre le Roi Mohammed VI et le pr\u00e9sident congolais, F\u00e9lix Tshisekedi.<\/p>\n<p>Mme Tumba Nzeza a soulign\u00e9 que ces liens ont consolid\u00e9 les relations de fraternit\u00e9 et d\u2019amiti\u00e9 unissant les deux pays et peuples depuis 1960, tout en r\u00e9it\u00e9rant la profonde gratitude du peuple et du pr\u00e9sident congolais au Souverain marocain pour l\u2019assistance m\u00e9dicale apport\u00e9e \u00e0 son pays, afin d\u2019aider les Congolais \u00e0 se prot\u00e9ger et \u00e0 combattre efficacement la pand\u00e9mie du coronavirus.<\/p>\n<p>Fid\u00e8le \u00e0 ses principes, \u00ab la RDC a toujours rejet\u00e9 toute vell\u00e9it\u00e9 de balkanisation des pays africains en g\u00e9n\u00e9ral et du Royaume du Maroc en particulier \u00bb, a-t-elle poursuivi, pr\u00e9cisant qu\u2019en 1984, la R\u00e9publique D\u00e9mocratique du Congo s\u2019est plac\u00e9e aux c\u00f4t\u00e9s du Maroc, lorsque le Royaume avait d\u00e9cid\u00e9 de sortir de l\u2019Organisation de l\u2019Unit\u00e9 Africaine.<\/p>\n<p>\u00ab Notre pays n\u2019h\u00e9sita pas un seul instant d\u2019embo\u00eeter le pas au Maroc et de prendre ses distances vis-\u00e0-vis de l\u2019organisation continentale, en suspendant sa participation \u00e0 ses travaux pendant plus de deux ans \u00bb, a-t-elle rappel\u00e9.<\/p>\n<p>Parall\u00e8lement \u00e0 ce soutien \u00e0 l\u2019int\u00e9grit\u00e9 et \u00e0 la souverainet\u00e9 du Royaume du Maroc sur son Sahara, il sied de rappeler la solidarit\u00e9 ind\u00e9fectible que le Maroc a toujours manifest\u00e9 envers la RDC, chaque fois que son int\u00e9grit\u00e9 territoriale \u00e9tait aussi menac\u00e9e, a-t-elle soutenu, citant \u00e0 cet \u00e9gard la participation des soldats marocains aux op\u00e9rations de maintien de la paix des Nations Unies au Congo en 1960 et l\u2019intervention des troupes marocaines au Za\u00efre (ancienne appellation de la RDC) en 1977 et 1978, en vue d\u2019aider les forces arm\u00e9es za\u00efroises \u00e0 bouter hors du territoire national les rebelles qui avaient attaqu\u00e9 la province du Katanga (alors Shaba), ainsi que la participation du Maroc avec un contingent dans la Mission de l\u2019Organisation des Nations unies en R\u00e9publique d\u00e9mocratique du Congo (MONUSCO).<\/p>\n<p>Dans ce cadre, elle a tenu \u00e0 remercier le peuple marocain, \u00ab dont les fils ont vers\u00e9 leur sang, aux c\u00f4t\u00e9s de leurs fr\u00e8res congolais, pour d\u00e9fendre l\u2019int\u00e9grit\u00e9 territoriale de la RDC \u00bb, soulignant que son pays apporte et apportera son soutien dans les efforts de paix engag\u00e9s par les autorit\u00e9s marocaines dans le Sahara marocain.<\/p>\n<p>Mme Tumba Nzeza a, d\u2019un autre c\u00f4t\u00e9, salu\u00e9 la r\u00e9cente d\u00e9cision des Etats-Unis d\u2019Am\u00e9rique de reconna\u00eetre la souverainet\u00e9 du Royaume du Maroc sur son Sahara.<\/p>\n<p>A cette occasion, le Consul g\u00e9n\u00e9ral de la R\u00e9publique D\u00e9mocratique du Congo, Nestor Bamialy Wawa a \u00e9t\u00e9 install\u00e9 dans ses fonctions.<\/p>\n<p>Depuis le d\u00e9but de l\u2019ann\u00e9e, la ville de Dakhla a connu une forte dynamique diplomatique avec l\u2019inauguration des consulats de Gambie, de Guin\u00e9e, de la R\u00e9publique de Djibouti, de la R\u00e9publique du Liberia, du Burkina Faso, de la R\u00e9publique de Guin\u00e9e Bissau et de la R\u00e9publique de Guin\u00e9e \u00c9quatoriale, en plus de la R\u00e9publique d\u2019Ha\u00efti, premier pays non-arabe et non-africain \u00e0 ouvrir un Consulat au Sahara marocain.<\/p>\n<p>Aussi, les Etats Unis d\u2019Am\u00e9rique vont ouvrir un Consulat g\u00e9n\u00e9ral \u00e0 Dakhla apr\u00e8s avoir reconnu officiellement la souverainet\u00e9 du Royaume sur son Sahara.<\/p>\n<\/div>\n<p>Auteur: APA News<br \/>\n<a href=\"https:\/\/www.journalducameroun.com\/le-consulat-general-a-dakhla-revet-un-caractere-politique-et-diplomatique-significatif-ministre-congolaise-des-ae\/\">Cliquez ici pour lire l&rsquo;article depuis sa source.<\/a><\/p>\n","protected":false},"excerpt":{"rendered":"<p>Publi\u00e9 le 19.12.2020 \u00e0 20h18 par APA News L\u2019ouverture d\u2019un consulat g\u00e9n\u00e9ral de la R\u00e9publique D\u00e9mocratique du Congo (RDC) \u00e0 Dakhla rev\u00eat un caract\u00e8re politique et diplomatique significatif et concr\u00e9tise la reconnaissance de la souverainet\u00e9 pleine et enti\u00e8re du Royaume du Maroc sur son Sahara, a affirm\u00e9, samedi \u00e0 Dakhla, la ministre d\u2019Etat, ministre des [&hellip;]<\/p>\n","protected":false},"author":1965,"featured_media":0,"comment_status":"closed","ping_status":"closed","sticky":false,"template":"","format":"standard","meta":{"fifu_image_url":"","fifu_image_alt":"","footnotes":""},"categories":[73,82],"tags":[],"class_list":["post-107574","post","type-post","status-publish","format-standard","hentry","category-actualite","category-cameroun"],"_links":{"self":[{"href":"https:\/\/linitiative.ca\/International\/wp-json\/wp\/v2\/posts\/107574","targetHints":{"allow":["GET"]}}],"collection":[{"href":"https:\/\/linitiative.ca\/International\/wp-json\/wp\/v2\/posts"}],"about":[{"href":"https:\/\/linitiative.ca\/International\/wp-json\/wp\/v2\/types\/post"}],"author":[{"embeddable":true,"href":"https:\/\/linitiative.ca\/International\/wp-json\/wp\/v2\/users\/1965"}],"replies":[{"embeddable":true,"href":"https:\/\/linitiative.ca\/International\/wp-json\/wp\/v2\/comments?post=107574"}],"version-history":[{"count":0,"href":"https:\/\/linitiative.ca\/International\/wp-json\/wp\/v2\/posts\/107574\/revisions"}],"wp:attachment":[{"href":"https:\/\/linitiative.ca\/International\/wp-json\/wp\/v2\/media?parent=107574"}],"wp:term":[{"taxonomy":"category","embeddable":true,"href":"https:\/\/linitiative.ca\/International\/wp-json\/wp\/v2\/categories?post=107574"},{"taxonomy":"post_tag","embeddable":true,"href":"https:\/\/linitiative.ca\/International\/wp-json\/wp\/v2\/tags?post=107574"}],"curies":[{"name":"wp","href":"https:\/\/api.w.org\/{rel}","templated":true}]}}